{"id":16299,"date":"2022-12-20T15:23:30","date_gmt":"2022-12-20T14:23:30","guid":{"rendered":"https:\/\/www.lamediatheque-jeumont.fr\/?p=16299"},"modified":"2022-12-20T15:36:03","modified_gmt":"2022-12-20T14:36:03","slug":"recquignies-dernieres-nouveautes-2","status":"publish","type":"post","link":"https:\/\/www.lamediatheque-jeumont.fr\/?p=16299","title":{"rendered":"Recquignies : derni\u00e8res nouveaut\u00e9s"},"content":{"rendered":"<table width=\"650\" border=\"0\" align=\"justify\">\n<tbody>\n<tr>\n<td colspan=\"2\">\n<h2 style=\"text-align: left;\"><strong><strong><span style=\"color: #666699;\">Romans<br \/>\n<\/span><\/strong><\/strong><\/h2>\n<\/td>\n<\/tr>\n<tr>\n<td style=\"text-align: center;\" width=\"200\"><img loading=\"lazy\" decoding=\"async\" class=\"alignnone size-full wp-image-16300\" src=\"http:\/\/www.lamediatheque-jeumont.fr\/wp-content\/uploads\/2022\/12\/817QZV51mgL._AC_UL320_.jpg\" alt=\"\" width=\"150\" height=\"238\"><\/td>\n<td>\n<h3><span style=\"color: #993300;\"><strong>Les Perce-neige s&rsquo;\u00e9veillent sous les flocons<\/strong><strong><br \/>\n<\/strong><\/span><\/h3>\n<p style=\"text-align: justify;\">de<strong> Sophie Jomain<\/strong><strong><br \/>\n<\/strong><\/p>\n<p style=\"text-align: justify;\"><span style=\"color: #000000;\">Liia Josserand et son p\u00e8re sont tr\u00e8s fiers de ce refuge, dans lequel les rennes sont \u00e9lev\u00e9s en libert\u00e9 dans des p\u00e2turages verdoyants. Les fins de mois sont difficiles, mais jamais ils n\u2019abandonneraient leurs animaux, et encore moins pour les vendre au chef \u00e9toil\u00e9 qui voudrait les mettre \u00e0 sa carte.<\/span><\/p>\n<p style=\"text-align: justify;\"><span style=\"color: #000000;\">\u00c0 quelques semaines des f\u00eates, le temps presse pour Barone Verroni : il veut du renne \u00e0 son menu de No\u00ebl ! Aussi le cuisinier n\u2019h\u00e9site-t-il pas \u00e0 s\u2019infiltrer incognito au refuge du Perce-neige pour en savoir plus sur cet \u00e9levage et convaincre cette \u00e9trange famille de lui vendre \u00e0 bon prix un ou deux caribous.<\/span><\/p>\n<p style=\"text-align: justify;\"><span style=\"color: #000000;\">La guerre semble in\u00e9vitable, mais la pr\u00e9sence d\u2019un certain Nicolas Claus pourrait bien venir tout chambouler\u2026<\/span><\/p>\n<p style=\"text-align: justify;\"><span style=\"color: #000000;\">De sa plume p\u00e9tillante et humoristique, Sophie Jomain nous offre une com\u00e9die f\u00e9erique, port\u00e9e par des personnages plus attachants les uns que les autres.<\/span><\/p>\n<p style=\"text-align: justify;\"><span style=\"color: #000000;\">Figure incontournable de la sc\u00e8ne litt\u00e9raire francophone,&nbsp;<strong><span class=\"a-text-bold\">Sophie Jomai<\/span>n<\/strong> a \u00e9crit plus de vingt romans allant de la litt\u00e9rature fantastique \u00e0 la com\u00e9die en passant par le roman contemporain. Apr\u00e8s&nbsp;<span class=\"a-text-italic\">Les \u00e9toiles brillent plus fort en hiver&nbsp;<\/span>et<span class=\"a-text-italic\">&nbsp;Les tortues ne f\u00eatent pas No\u00ebl sous la neige<\/span>, elle nous offre une nouvelle com\u00e9die de No\u00ebl magique et r\u00e9confortante.<\/span><\/p>\n<\/td>\n<\/tr>\n<tr>\n<td style=\"text-align: center;\" colspan=\"2\"><a href=\"https:\/\/www.mediatheque-jeumont.fr\/index.php?lvl=etagere_see&amp;id=977\" target=\"_blank\" rel=\"noopener\"><strong>Cliquez sur ce lien pour d\u00e9couvrir les nouveaux titres dans la cat\u00e9gorie<br \/>\n\u00ab\u00a0Romans\u00a0\u00bb<\/strong><\/a><\/td>\n<\/tr>\n<tr>\n<td><span style=\"color: #ffffff;\">x<\/span><\/td>\n<td>&nbsp;<\/td>\n<\/tr>\n<tr>\n<td colspan=\"2\">\n<h2 style=\"text-align: left;\"><strong><strong><span style=\"color: #666699;\">Documentaires<\/span><\/strong><\/strong><\/h2>\n<\/td>\n<\/tr>\n<tr>\n<td style=\"text-align: center;\" width=\"200\"><img loading=\"lazy\" decoding=\"async\" class=\"alignnone size-full wp-image-16301\" src=\"http:\/\/www.lamediatheque-jeumont.fr\/wp-content\/uploads\/2022\/12\/71wEl79-rL._AC_UL320_.jpg\" alt=\"\" width=\"150\" height=\"227\"><\/td>\n<td>\n<h3><span style=\"color: #993300;\"><strong>Faute de preuves<\/strong><strong><br \/>\n<\/strong><\/span><\/h3>\n<p style=\"text-align: justify;\">de&nbsp;<strong><span class=\"a-text-bold\">Marine Turchi<\/span> <\/strong><\/p>\n<div class=\"a-expander-content a-expander-partial-collapse-content a-expander-content-expanded\" aria-expanded=\"true\">\n<p style=\"text-align: justify;\">Depuis la vague #MeToo, les dossiers de violences sexuelles se multiplient. Dans les commissariats, \u00e0 la barre, les victimes tentent de faire entendre leur parole. Mais la r\u00e9ponse polici\u00e8re et judiciaire n\u2019est pas toujours \u00e0 la hauteur. Les institutions sont mises en cause : de l\u2019accueil d\u00e9faillant au moment de la d\u00e9claration aux non-lieux trop souvent prononc\u00e9s, on leur reproche leur inadaptation, voire leur indiff\u00e9rence. \u00ab La justice nous ignore, on ignore la justice \u00bb, avait lanc\u00e9 Ad\u00e8le Haenel au nom de toutes celles et ceux qui ne portent pas plainte de peur de s\u2019engager dans un parcours du combattant. C\u2019est cette formule qui a guid\u00e9<strong> Marine Turchi<\/strong> dans une enqu\u00eate saisissante sur les raisons de la d\u00e9fiance.<\/p>\n<p style=\"text-align: justify;\">Forte du t\u00e9moignage de pr\u00e8s de quatre-vingts interlocuteurs, des magistrat\u00b7e\u00b7s, des avocat\u00b7e\u00b7s, des policier\u00b7e\u00b7s, mais aussi des femmes et des hommes de tous les milieux sociaux, protagonistes d\u2019affaires m\u00e9diatis\u00e9es (G\u00e9rald Darmanin, Luc Besson, Roman Polanski\u2026) ou pas, l\u2019autrice pointe les obstacles que rencontrent ces dossiers et mesure, sur le terrain, l\u2019impact des politiques affich\u00e9es. Chemin faisant, elle contrecarre les arguments de ceux qui d\u00e9noncent opportun\u00e9ment un \u00ab tribunal m\u00e9diatique \u00bb et crient \u00e0 la \u00ab chasse \u00e0 l\u2019homme \u00bb, mais montre aussi les limites de ce que peut la justice. Ainsi au fil de chapitres qui font alterner coulisses de l\u2019enqu\u00eate et r\u00e9cits poignants, c\u2019est bien le syst\u00e8me dans son entier qu\u2019elle nous d\u00e9voile. Il appartient \u00e0 toutes et \u00e0 tous, ensuite, de le changer.<\/p>\n<p style=\"text-align: justify;\"><strong><span class=\"a-text-bold\">Marine Turchi <\/span><\/strong>est journaliste au p\u00f4le \u00ab enqu\u00eates \u00bb de Mediapart o\u00f9 elle suit notamment les affaires de violences sexuelles.<\/p>\n<\/div>\n<\/td>\n<\/tr>\n<tr>\n<td style=\"text-align: center;\" colspan=\"2\"><a href=\"https:\/\/www.mediatheque-jeumont.fr\/index.php?lvl=etagere_see&amp;id=974\" target=\"_blank\" rel=\"noopener\"><strong>Cliquez sur ce lien pour d\u00e9couvrir les nouveaux titres dans la cat\u00e9gorie<br \/>\n<\/strong><strong>\u00ab\u00a0Documentaires\u00a0\u00bb<\/strong><\/a><\/td>\n<\/tr>\n<tr>\n<td><span style=\"color: #ffffff;\">x<\/span><\/td>\n<td>&nbsp;<\/td>\n<\/tr>\n<tr>\n<td colspan=\"2\">\n<h2 style=\"text-align: left;\"><strong><strong><span style=\"color: #666699;\">Grands caract\u00e8res<br \/>\n<\/span><\/strong><\/strong><\/h2>\n<\/td>\n<\/tr>\n<tr>\n<td style=\"text-align: center;\" width=\"200\"><img loading=\"lazy\" decoding=\"async\" class=\"alignnone size-full wp-image-16303\" src=\"http:\/\/www.lamediatheque-jeumont.fr\/wp-content\/uploads\/2022\/12\/la-librairie-de-mr-linvingston.png\" alt=\"\" width=\"150\" height=\"222\"><\/td>\n<td>\n<h3><span style=\"color: #993300;\"><strong>La Librairie de Monsieur Livingstone\u00a0\u00bb<\/strong><strong><br \/>\n<\/strong><\/span><\/h3>\n<p style=\"text-align: justify;\">de<strong> Monica Guttierrez<\/strong><strong><br \/>\n<\/strong><\/p>\n<p style=\"text-align: justify;\">En qu\u00eate d&rsquo;un vrai changement de vie, Agnes vient de d\u00e9m\u00e9nager \u00e0 Londres. Un jour, elle se r\u00e9fugie dans une petite librairie de quartier pour \u00e9chapper \u00e0 une averse typiquement anglaise. Le destin fait bien les choses, car Edward Livingstone, le propri\u00e9taire, est \u00e0 la recherche d&rsquo;une nouvelle employ\u00e9e. L\u00e0, Agnes va trouver un nouveau sens \u00e0 sa vie, entre le caract\u00e8re bougon mais bienveillant de monsieur Livingstone et les excentricit\u00e9s de la client\u00e8le. Cette petite librairie du bonheur est un lieu \u00e0 part o\u00f9 les habitu\u00e9s viennent boire un th\u00e9 et discuter avant de repartir avec des livres qui changent la vie. Mais un jour, l&rsquo;un des ouvrages les plus pr\u00e9cieux de la boutique dispara\u00eet. Aux yeux du jeune inspecteur de police charg\u00e9 de l&rsquo;enqu\u00eate, Agnes est la principale suspecte. Pas franchement r\u00e9jouissant. Mais la vie r\u00e9serve aussi de belles surprises&#8230;<\/p>\n<\/td>\n<\/tr>\n<tr>\n<td style=\"text-align: center;\" colspan=\"2\"><a href=\"https:\/\/www.mediatheque-jeumont.fr\/index.php?lvl=etagere_see&amp;id=975\" target=\"_blank\" rel=\"noopener\"><strong>Cliquez sur ce lien pour d\u00e9couvrir les nouveaux titres dans la cat\u00e9gorie<br \/>\n\u00ab\u00a0Grands caract\u00e8res\u00a0\u00bb<\/strong><\/a><\/td>\n<\/tr>\n<tr>\n<td><span style=\"color: #ffffff;\">x<\/span><\/td>\n<td>&nbsp;<\/td>\n<\/tr>\n<tr>\n<td colspan=\"2\">\n<h2 style=\"text-align: left;\"><span style=\"color: #666699;\"><strong><strong>BD &amp; Mangas<br \/>\n<\/strong><\/strong><\/span><\/h2>\n<\/td>\n<\/tr>\n<tr>\n<td style=\"text-align: center;\" width=\"200\"><img loading=\"lazy\" decoding=\"async\" class=\"alignnone size-full wp-image-16304\" src=\"http:\/\/www.lamediatheque-jeumont.fr\/wp-content\/uploads\/2022\/12\/71ZbyAZuN1L._AC_UL320_.jpg\" alt=\"\" width=\"150\" height=\"170\"><\/td>\n<td>\n<h3><span style=\"color: #993300;\"><strong>Zouk, tome 14 : \u00ab\u00a0Un No\u00ebl ensorcel\u00e9\u00a0\u00bb<\/strong><strong><br \/>\n<\/strong><\/span><\/h3>\n<p style=\"text-align: justify;\">de<strong> Serge Bloch, Agn\u00e8s Lechat <\/strong>et <strong>Nicolas Hubesch<\/strong><strong><br \/>\n<\/strong><\/p>\n<p style=\"text-align: justify;\">Zouk, la petite sorci\u00e8re qui a du caract\u00e8re, aime beaucoup No\u00ebl ! Elle aime d\u00e9corer son sapin de toiles d&rsquo;araign\u00e9es, r\u00e9veillonner avec Mamie Zak et Raymond (son horrible cochon ch\u00e9ri), leur pr\u00e9parer des surprises, manger du g\u00e2teau d&rsquo;\u00e9toiles&#8230; Les f\u00eates avec Zouk, c&rsquo;est vraiment magique !<\/p>\n<\/td>\n<\/tr>\n<tr>\n<td style=\"text-align: center;\" colspan=\"2\"><a href=\"https:\/\/www.mediatheque-jeumont.fr\/index.php?lvl=etagere_see&amp;id=973\" target=\"_blank\" rel=\"noopener\"><strong>Cliquez sur ce lien pour d\u00e9couvrir les nouveaux titres dans la cat\u00e9gorie<\/strong><strong><br \/>\n\u00ab\u00a0BD &amp; Mangas\u00a0\u00bb<\/strong><\/a><\/td>\n<\/tr>\n<tr>\n<td><span style=\"color: #ffffff;\">x<\/span><\/td>\n<td>&nbsp;<\/td>\n<\/tr>\n<tr>\n<td colspan=\"2\">\n<h2 style=\"text-align: left;\"><span style=\"color: #666699;\"><strong><strong>Jeunesse<br \/>\n<\/strong><\/strong><\/span><\/h2>\n<\/td>\n<\/tr>\n<tr>\n<td style=\"text-align: center;\" width=\"200\"><img loading=\"lazy\" decoding=\"async\" class=\"alignnone size-full wp-image-16305\" src=\"http:\/\/www.lamediatheque-jeumont.fr\/wp-content\/uploads\/2022\/12\/61oWTgTCnL._AC_UL320_.jpg\" alt=\"\" width=\"150\" height=\"259\"><\/td>\n<td><span style=\"color: #993300;\"><strong>Roule Renard<\/strong><\/span><\/p>\n<p><span style=\"color: #000000;\">de<\/span><strong><span style=\"color: #000000;\"> Atelier SAJE<\/span><\/strong><strong><br \/>\n<\/strong><\/p>\n<p style=\"text-align: justify;\">Un livre-objet anim\u00e9 de tirettes, solides et ludiques, pour jouer \u00e0 faire rouler les petits renards de la comptine.&nbsp;<br \/>\n\u00c0 la fin, tous les petits renards se retrouvent bien blottis contre le ventre de leur maman !<\/p>\n<\/td>\n<\/tr>\n<tr>\n<td style=\"text-align: center;\" colspan=\"2\"><a href=\"https:\/\/www.mediatheque-jeumont.fr\/index.php?lvl=etagere_see&amp;id=976\" target=\"_blank\" rel=\"noopener\"><strong>Cliquez sur ce lien pour d\u00e9couvrir les nouveaux titres dans la cat\u00e9gorie<\/strong><strong><br \/>\n<\/strong><strong>\u00ab\u00a0Jeunesse\u00a0\u00bb<\/strong><\/a><\/td>\n<\/tr>\n<tr>\n<td><span style=\"color: #ffffff;\">x<\/span><\/td>\n<td>&nbsp;<\/td>\n<\/tr>\n<tr>\n<td colspan=\"2\">\n<h2 style=\"text-align: left;\"><span style=\"color: #666699;\"><strong><strong>DVD<br \/>\n<\/strong><\/strong><\/span><\/h2>\n<\/td>\n<\/tr>\n<tr>\n<td style=\"text-align: center;\" width=\"200\"><img loading=\"lazy\" decoding=\"async\" class=\"alignnone size-full wp-image-16307\" src=\"http:\/\/www.lamediatheque-jeumont.fr\/wp-content\/uploads\/2022\/12\/71eAxVymYUL._AC_SY445_.jpg\" alt=\"\" width=\"150\" height=\"282\"><\/td>\n<td style=\"text-align: justify;\">\n<h3><span style=\"color: #993300;\"><strong>Tenor<\/strong><\/span><\/h3>\n<p>de<strong> Claude Zidi Jr <\/strong>avec<strong> Mich\u00e8le Laroque <\/strong>et <strong>Mohamed Belkhir<br \/>\n<\/strong><\/p>\n<p>Antoine, jeune banlieusard parisien, suit des \u00e9tudes de comptabilit\u00e9 sans grande conviction, partageant son temps entre les battles de rap qu&rsquo;il pratique avec talent et son job de livreur de sushis. Lors d&rsquo;une course \u00e0 l&rsquo;Op\u00e9ra Garnier, sa route croise celle de Mme Loyseau, professeur de chant dans la v\u00e9n\u00e9rable institution, qui d\u00e9tecte chez Antoine un talent brut \u00e0 faire \u00e9clore. Malgr\u00e9 son absence de culture lyrique, Antoine est fascin\u00e9 par cette forme d&rsquo;expression et se laisse convaincre de suivre l&rsquo;enseignement de Mme Loyseau. Antoine n&rsquo;a d&rsquo;autre choix que de mentir \u00e0 sa famille, ses amis et toute la cit\u00e9 pour qui l&rsquo;op\u00e9ra est un truc de bourgeois, loin de leur monde.<\/td>\n<\/tr>\n<tr>\n<td style=\"text-align: center;\" colspan=\"2\"><a href=\"https:\/\/www.mediatheque-jeumont.fr\/index.php?lvl=etagere_see&amp;id=978\" target=\"_blank\" rel=\"noopener\"><strong>Cliquez sur ce lien pour d\u00e9couvrir les nouveaux titres dans la cat\u00e9gorie<\/strong><strong><br \/>\n\u00ab\u00a0DVD\u00a0\u00bb<\/strong><\/a><\/td>\n<\/tr>\n<tr>\n<td><span style=\"color: #ffffff;\">x<\/span><\/td>\n<td>&nbsp;<\/td>\n<\/tr>\n<\/tbody>\n<\/table>\n","protected":false},"excerpt":{"rendered":"<p>Romans<\/p>\n<p>Les Perce-neige s&rsquo;\u00e9veillent sous les flocons<\/p>\n<p>de Sophie Jomain<\/p>\n<p>Liia Josserand et son p\u00e8re sont tr\u00e8s fiers de ce refuge, dans lequel les rennes sont \u00e9lev\u00e9s en libert\u00e9 dans des p\u00e2turages verdoyants. Les fins de mois sont difficiles, mais jamais ils n\u2019abandonneraient leurs animaux, et encore moins pour les vendre au chef \u00e9toil\u00e9 qui voudrait les mettre [&#8230;]<\/p>\n","protected":false},"author":3,"featured_media":0,"comment_status":"closed","ping_status":"closed","sticky":false,"template":"","format":"standard","meta":{"ngg_post_thumbnail":0,"footnotes":""},"categories":[73,111],"tags":[],"class_list":["post-16299","post","type-post","status-publish","format-standard","hentry","category-coups-de-coeur-et-nouveautes","category-recquignies"],"publishpress_future_action":{"enabled":false,"date":"2026-05-06 17:13:25","action":"change-status","newStatus":"draft","terms":[],"taxonomy":"category","extraData":[]},"publishpress_future_workflow_manual_trigger":{"enabledWorkflows":[]},"_links":{"self":[{"href":"https:\/\/www.lamediatheque-jeumont.fr\/index.php?rest_route=\/wp\/v2\/posts\/16299","targetHints":{"allow":["GET"]}}],"collection":[{"href":"https:\/\/www.lamediatheque-jeumont.fr\/index.php?rest_route=\/wp\/v2\/posts"}],"about":[{"href":"https:\/\/www.lamediatheque-jeumont.fr\/index.php?rest_route=\/wp\/v2\/types\/post"}],"author":[{"embeddable":true,"href":"https:\/\/www.lamediatheque-jeumont.fr\/index.php?rest_route=\/wp\/v2\/users\/3"}],"replies":[{"embeddable":true,"href":"https:\/\/www.lamediatheque-jeumont.fr\/index.php?rest_route=%2Fwp%2Fv2%2Fcomments&post=16299"}],"version-history":[{"count":8,"href":"https:\/\/www.lamediatheque-jeumont.fr\/index.php?rest_route=\/wp\/v2\/posts\/16299\/revisions"}],"predecessor-version":[{"id":16313,"href":"https:\/\/www.lamediatheque-jeumont.fr\/index.php?rest_route=\/wp\/v2\/posts\/16299\/revisions\/16313"}],"wp:attachment":[{"href":"https:\/\/www.lamediatheque-jeumont.fr\/index.php?rest_route=%2Fwp%2Fv2%2Fmedia&parent=16299"}],"wp:term":[{"taxonomy":"category","embeddable":true,"href":"https:\/\/www.lamediatheque-jeumont.fr\/index.php?rest_route=%2Fwp%2Fv2%2Fcategories&post=16299"},{"taxonomy":"post_tag","embeddable":true,"href":"https:\/\/www.lamediatheque-jeumont.fr\/index.php?rest_route=%2Fwp%2Fv2%2Ftags&post=16299"}],"curies":[{"name":"wp","href":"https:\/\/api.w.org\/{rel}","templated":true}]}}