{"id":9978,"date":"2016-05-17T08:39:03","date_gmt":"2016-05-17T06:39:03","guid":{"rendered":"http:\/\/www.lamediatheque-jeumont.fr\/?p=9978"},"modified":"2016-05-17T08:39:03","modified_gmt":"2016-05-17T06:39:03","slug":"jeumont-rencontre-avec-bernard-tirtiaux","status":"publish","type":"post","link":"http:\/\/www.lamediatheque-jeumont.fr\/?p=9978","title":{"rendered":"Jeumont : rencontre avec Bernard Tirtiaux"},"content":{"rendered":"<p style=\"text-align: justify;\"><strong>La m\u00e9diath\u00e8que de Jeumont<\/strong> et <strong>\u00ab\u00a0la Plume Vagabonde\u00a0\u00bb<\/strong> vous proposent une soir\u00e9e litt\u00e9raire et po\u00e9tique en compagnie de <span style=\"color: #993300;\"><strong>Bernard Tirtiaux<\/strong><\/span>.<\/p>\n<h2 style=\"text-align: center;\"><span style=\"color: #993300;\"><strong>Jeudi 19 mai \u00e0 partir de 19h30<\/strong><\/span><\/h2>\n<div style=\"text-align: justify;\"><img loading=\"lazy\" decoding=\"async\" class=\"alignnone size-full wp-image-2403 aligncenter\" src=\"http:\/\/www.lamediatheque-jeumont.fr\/wp-content\/uploads\/2011\/11\/Bernard-Tirtiaux.jpg\" alt=\"\" width=\"350\" height=\"263\" \/><\/div>\n<p style=\"text-align: justify;\">Ma\u00eetre verrier, acteur de th\u00e9\u00e2tre, romancier, po\u00e8te, Grand Prix International de Po\u00e9sie de la SPAF en 2012, \u00ab\u00a0Rose d&rsquo;Or\u00a0\u00bb des Rosati, <span style=\"color: #993300;\"><strong>Bernard Tirtiaux<\/strong><\/span> est l&rsquo;auteur &#8211; entre autres &#8211; du <strong>\u00ab\u00a0Passeur de Lumi\u00e8re\u00a0\u00bb<\/strong>, de <strong>\u00ab\u00a0Piti\u00e9 Pour le Mal\u00a0\u00bb<\/strong>, et plus r\u00e9cemment de <strong>\u00ab\u00a0No\u00ebl en d\u00e9cembre\u00a0\u00bb <\/strong>paru en 2015.<\/p>\n<p style=\"text-align: justify;\">A l&rsquo;issu de la soir\u00e9e, l&rsquo;auteur se fera un plaisir de d\u00e9dicacer ses ouvrages, qui seront disponibles en vente sur place.<\/p>\n<p style=\"text-align: justify;\">Un moment d&rsquo;exception qui ravira sans nul doute les amoureux de belles lettres et de po\u00e9sie . Venez nombreux partager avec nous ce moment privil\u00e9gi\u00e9 !&#8230;<\/p>\n<p style=\"text-align: justify;\"><strong>Entr\u00e9e gratuite. Bienvenue \u00e0 tous !<\/strong><\/p>\n<p style=\"text-align: left;\">Renseignements et r\u00e9servations : <strong>0032 71 556987 <\/strong> et <strong><a href=\"https:\/\/serveur-mail.mairie-jeumont.fr\/owa\/redir.aspx?C=UJP-bB2K3Eyu7Ttmw_JTeHy3hG5NTtMIW1yYfMZHsQUmOM6rJTl8L9cp3iDszmCcXLBzzu775yE.&amp;URL=mailto%3alaplumevagabonde%40gmail.com\" target=\"_blank\"> laplumevagabonde@gmail.com<\/a><\/strong><\/p>\n","protected":false},"excerpt":{"rendered":"<p>La m\u00e9diath\u00e8que de Jeumont et \u00ab\u00a0la Plume Vagabonde\u00a0\u00bb vous proposent une soir\u00e9e litt\u00e9raire et po\u00e9tique en compagnie de Bernard Tirtiaux.<br \/>\nJeudi 19 mai \u00e0 partir de 19h30<\/p>\n<p>Ma\u00eetre verrier, acteur de th\u00e9\u00e2tre, romancier, po\u00e8te, Grand Prix International de Po\u00e9sie de la SPAF en 2012, \u00ab\u00a0Rose d&rsquo;Or\u00a0\u00bb des Rosati, Bernard Tirtiaux est l&rsquo;auteur &#8211; entre autres &#8211; du [&#8230;]<\/p>\n","protected":false},"author":3,"featured_media":0,"comment_status":"closed","ping_status":"closed","sticky":false,"template":"","format":"standard","meta":{"ngg_post_thumbnail":0,"footnotes":""},"categories":[3,98,110],"tags":[],"class_list":["post-9978","post","type-post","status-publish","format-standard","hentry","category-actualite","category-spectacle","category-jeumont"],"publishpress_future_action":{"enabled":false,"date":"2026-05-06 13:53:36","action":"change-status","newStatus":"draft","terms":[],"taxonomy":"category","extraData":[]},"publishpress_future_workflow_manual_trigger":{"enabledWorkflows":[]},"_links":{"self":[{"href":"http:\/\/www.lamediatheque-jeumont.fr\/index.php?rest_route=\/wp\/v2\/posts\/9978","targetHints":{"allow":["GET"]}}],"collection":[{"href":"http:\/\/www.lamediatheque-jeumont.fr\/index.php?rest_route=\/wp\/v2\/posts"}],"about":[{"href":"http:\/\/www.lamediatheque-jeumont.fr\/index.php?rest_route=\/wp\/v2\/types\/post"}],"author":[{"embeddable":true,"href":"http:\/\/www.lamediatheque-jeumont.fr\/index.php?rest_route=\/wp\/v2\/users\/3"}],"replies":[{"embeddable":true,"href":"http:\/\/www.lamediatheque-jeumont.fr\/index.php?rest_route=%2Fwp%2Fv2%2Fcomments&post=9978"}],"version-history":[{"count":7,"href":"http:\/\/www.lamediatheque-jeumont.fr\/index.php?rest_route=\/wp\/v2\/posts\/9978\/revisions"}],"predecessor-version":[{"id":9985,"href":"http:\/\/www.lamediatheque-jeumont.fr\/index.php?rest_route=\/wp\/v2\/posts\/9978\/revisions\/9985"}],"wp:attachment":[{"href":"http:\/\/www.lamediatheque-jeumont.fr\/index.php?rest_route=%2Fwp%2Fv2%2Fmedia&parent=9978"}],"wp:term":[{"taxonomy":"category","embeddable":true,"href":"http:\/\/www.lamediatheque-jeumont.fr\/index.php?rest_route=%2Fwp%2Fv2%2Fcategories&post=9978"},{"taxonomy":"post_tag","embeddable":true,"href":"http:\/\/www.lamediatheque-jeumont.fr\/index.php?rest_route=%2Fwp%2Fv2%2Ftags&post=9978"}],"curies":[{"name":"wp","href":"https:\/\/api.w.org\/{rel}","templated":true}]}}