{"id":9310,"date":"2016-01-22T10:47:29","date_gmt":"2016-01-22T09:47:29","guid":{"rendered":"http:\/\/www.lamediatheque-jeumont.fr\/?p=9310"},"modified":"2016-01-28T16:23:55","modified_gmt":"2016-01-28T15:23:55","slug":"jeumont-concours-de-lecture-pour-les-juniors-et-les-ados","status":"publish","type":"post","link":"http:\/\/www.lamediatheque-jeumont.fr\/?p=9310","title":{"rendered":"Jeumont : concours de lecture junior et ado"},"content":{"rendered":"<table width=\"650\">\n<tbody>\n<tr>\n<td>\n<p style=\"text-align: center;\"><strong><span style=\"text-decoration: underline;\">du mardi 19 janvier au samedi 21 mai<\/span><\/strong><br \/>\n<strong><span style=\"color: #993300;\">Concours \u00abLectures de printemps\u00bb<br \/>\nJunior (de 8 \u00e0 11 ans)<\/span><\/strong><br \/>\n<strong>7 livres<\/strong> <strong>\u00e0 lire<\/strong> dans une s\u00e9lection de 36 BD, albums, documentaires, contes et romans,<br \/>\n<strong>7 questions<\/strong> pos\u00e9es, <strong>7 r\u00e9ponses<\/strong> \u00e0 d\u00e9couvrir<strong>.<\/strong><br \/>\nLe tout en 4 mois.<\/p>\n<\/td>\n<td style=\"text-align: left;\">&nbsp;<\/p>\n<table>\n<tbody>\n<tr>\n<td><img loading=\"lazy\" decoding=\"async\" class=\"aligncenter size-full wp-image-9325\" src=\"http:\/\/www.lamediatheque-jeumont.fr\/wp-content\/uploads\/2016\/01\/Girl_Junior_2016-e1453200049593.png\" alt=\"Girl_Junior_2016\" width=\"81\" height=\"150\" \/><\/td>\n<td><img loading=\"lazy\" decoding=\"async\" class=\"aligncenter wp-image-9323 size-full\" src=\"http:\/\/www.lamediatheque-jeumont.fr\/wp-content\/uploads\/2016\/01\/Boy_Junior_2016-e1453200005323.png\" alt=\"Boy_Junior_2016\" width=\"85\" height=\"150\" \/><\/td>\n<\/tr>\n<\/tbody>\n<\/table>\n<\/td>\n<\/tr>\n<tr>\n<td>\n<table class=\" alignright\">\n<tbody>\n<tr>\n<td style=\"text-align: right;\">\u00a0<img loading=\"lazy\" decoding=\"async\" class=\"wp-image-9324 size-full alignnone\" src=\"http:\/\/www.lamediatheque-jeumont.fr\/wp-content\/uploads\/2016\/01\/Girl_Ados_2016-e1453201321599.png\" alt=\"Girl_Ados_2016\" width=\"45\" height=\"150\" \/><\/td>\n<td><img loading=\"lazy\" decoding=\"async\" class=\"size-full wp-image-9338 aligncenter\" src=\"http:\/\/www.lamediatheque-jeumont.fr\/wp-content\/uploads\/2016\/01\/Boy_Ados_2016-e1453201501836.png\" alt=\"Boy_Ados_2016\" width=\"54\" height=\"150\" \/><\/td>\n<\/tr>\n<\/tbody>\n<\/table>\n<\/td>\n<td>\n<p style=\"text-align: center;\"><strong><span style=\"text-decoration: underline;\">du mardi 26 janvier au samedi 21 mai<\/span><\/strong><br \/>\n<strong><span style=\"color: #993300;\">Concours \u00abLectures de Printemps\u00bb<\/span><\/strong><br \/>\n<strong><span style=\"color: #993300;\"> Ado (de 12 \u00e0 15 ans)<\/span><\/strong><br \/>\n<strong>8 romans \u00e0 lire<\/strong>, <strong>8 questions<\/strong> pos\u00e9es, <strong>8 r\u00e9ponses<\/strong> \u00e0 d\u00e9couvrir dans une s\u00e9lection de 30 romans traditionnels, fantastiques ou policiers.<br \/>\nLe tout en 4 mois.<\/p>\n<\/td>\n<\/tr>\n<tr>\n<td colspan=\"2\">Les gagnants seront r\u00e9compens\u00e9s\u00a0<strong><span style=\"color: #993300;\">mercredi 8 juin \u00e0 15h30 <\/span><\/strong>et tous les participants seront convi\u00e9s \u00e0 un concert surprise \u00e0 18h00.<\/p>\n<p>Si tu es int\u00e9ress\u00e9, retire un questionnaire \u00e0 la banque d&rsquo;accueil de la m\u00e9diath\u00e8que, \u00e0 partir du mardi 19 janvier pour les moins de 12 ans, et \u00e0 partir du mardi 26 janvier pour les 12 ans et + !&#8230;<\/td>\n<\/tr>\n<\/tbody>\n<\/table>\n","protected":false},"excerpt":{"rendered":"<p>du mardi 19 janvier au samedi 21 mai<br \/>\nConcours \u00abLectures de printemps\u00bb<br \/>\nJunior (de 8 \u00e0 11 ans)<br \/>\n7 livres \u00e0 lire dans une s\u00e9lection de 36 BD, albums, documentaires, contes et romans,<br \/>\n7 questions pos\u00e9es, 7 r\u00e9ponses \u00e0 d\u00e9couvrir.<br \/>\nLe tout en 4 mois.<\/p>\n<p>&nbsp;<\/p>\n<p>\u00a0<\/p>\n<p>du mardi 26 janvier au samedi 21 mai<br \/>\nConcours \u00abLectures de Printemps\u00bb<br \/>\n Ado (de 12 \u00e0 15 [&#8230;]<\/p>\n","protected":false},"author":2,"featured_media":0,"comment_status":"closed","ping_status":"closed","sticky":false,"template":"","format":"standard","meta":{"ngg_post_thumbnail":0,"footnotes":""},"categories":[3,98,110],"tags":[],"class_list":["post-9310","post","type-post","status-publish","format-standard","hentry","category-actualite","category-spectacle","category-jeumont"],"publishpress_future_action":{"enabled":false,"date":"2026-05-06 15:06:29","action":"change-status","newStatus":"draft","terms":[],"taxonomy":"category","extraData":[]},"publishpress_future_workflow_manual_trigger":{"enabledWorkflows":[]},"_links":{"self":[{"href":"http:\/\/www.lamediatheque-jeumont.fr\/index.php?rest_route=\/wp\/v2\/posts\/9310","targetHints":{"allow":["GET"]}}],"collection":[{"href":"http:\/\/www.lamediatheque-jeumont.fr\/index.php?rest_route=\/wp\/v2\/posts"}],"about":[{"href":"http:\/\/www.lamediatheque-jeumont.fr\/index.php?rest_route=\/wp\/v2\/types\/post"}],"author":[{"embeddable":true,"href":"http:\/\/www.lamediatheque-jeumont.fr\/index.php?rest_route=\/wp\/v2\/users\/2"}],"replies":[{"embeddable":true,"href":"http:\/\/www.lamediatheque-jeumont.fr\/index.php?rest_route=%2Fwp%2Fv2%2Fcomments&post=9310"}],"version-history":[{"count":34,"href":"http:\/\/www.lamediatheque-jeumont.fr\/index.php?rest_route=\/wp\/v2\/posts\/9310\/revisions"}],"predecessor-version":[{"id":9414,"href":"http:\/\/www.lamediatheque-jeumont.fr\/index.php?rest_route=\/wp\/v2\/posts\/9310\/revisions\/9414"}],"wp:attachment":[{"href":"http:\/\/www.lamediatheque-jeumont.fr\/index.php?rest_route=%2Fwp%2Fv2%2Fmedia&parent=9310"}],"wp:term":[{"taxonomy":"category","embeddable":true,"href":"http:\/\/www.lamediatheque-jeumont.fr\/index.php?rest_route=%2Fwp%2Fv2%2Fcategories&post=9310"},{"taxonomy":"post_tag","embeddable":true,"href":"http:\/\/www.lamediatheque-jeumont.fr\/index.php?rest_route=%2Fwp%2Fv2%2Ftags&post=9310"}],"curies":[{"name":"wp","href":"https:\/\/api.w.org\/{rel}","templated":true}]}}