{"id":9129,"date":"2015-12-16T13:51:45","date_gmt":"2015-12-16T12:51:45","guid":{"rendered":"http:\/\/www.lamediatheque-jeumont.fr\/?p=9129"},"modified":"2015-12-16T13:51:45","modified_gmt":"2015-12-16T12:51:45","slug":"jeumont-un-atelier-decriture-poetique-a-la-mediatheque","status":"publish","type":"post","link":"http:\/\/www.lamediatheque-jeumont.fr\/?p=9129","title":{"rendered":"Jeumont : un atelier d&rsquo;\u00e9criture po\u00e9tique \u00e0 la m\u00e9diath\u00e8que"},"content":{"rendered":"<table>\n<tbody>\n<tr>\n<td><img loading=\"lazy\" decoding=\"async\" class=\"alignnone wp-image-9131\" src=\"http:\/\/www.lamediatheque-jeumont.fr\/wp-content\/uploads\/2015\/12\/Poesie-235x350.jpg\" alt=\"\" width=\"170\" height=\"253\" srcset=\"http:\/\/www.lamediatheque-jeumont.fr\/wp-content\/uploads\/2015\/12\/Poesie-235x350.jpg 235w, http:\/\/www.lamediatheque-jeumont.fr\/wp-content\/uploads\/2015\/12\/Poesie.jpg 377w\" sizes=\"auto, (max-width: 170px) 100vw, 170px\" \/><\/td>\n<td>\n<p style=\"text-align: justify;\">Le 1er jeudi de chaque mois, <strong>V\u00e9ronique Flabat-Piot<\/strong>, pr\u00e9sidente de la <strong>\u00abPlume Vagabonde\u00bb<\/strong> vous propose de participer \u00e0 <strong>un atelier d&rsquo;\u00e9criture po\u00e9tique<\/strong>. Vous pouvez ainsi apprendre les r\u00e8gles fondamentales r\u00e9gissant la construction de tout po\u00e8me qui se respecte : rimes, m\u00e9trique et prosodie vous livreront progressivement tous leurs secrets !&#8230;<\/p>\n<\/td>\n<\/tr>\n<\/tbody>\n<\/table>\n<h3>Prochain rendez-vous :\u00a0 <span style=\"color: #993300;\"><strong>Jeudi 7 janvier 2016<\/strong><\/span> <span style=\"color: #993300;\"><strong>de<\/strong> <strong>16h00 \u00e0<\/strong> <strong>18h00<\/strong><\/span><\/h3>\n<p><strong>Atelier ouvert \u00e0 tous \u00e0 partir de 16 ans. Entr\u00e9e gratuite<\/strong>. Renseignements et inscriptions au <strong>03 27 58 13 54<\/strong><\/p>\n<p style=\"text-align: justify;\"><img loading=\"lazy\" decoding=\"async\" class=\"wp-image-8308 aligncenter\" src=\"http:\/\/www.lamediatheque-jeumont.fr\/wp-content\/uploads\/2015\/08\/V-FLABAT-PIOT-14-juin-2015-300x350.jpg\" alt=\"\" width=\"214\" height=\"250\" srcset=\"http:\/\/www.lamediatheque-jeumont.fr\/wp-content\/uploads\/2015\/08\/V-FLABAT-PIOT-14-juin-2015-300x350.jpg 300w, http:\/\/www.lamediatheque-jeumont.fr\/wp-content\/uploads\/2015\/08\/V-FLABAT-PIOT-14-juin-2015.jpg 694w\" sizes=\"auto, (max-width: 214px) 100vw, 214px\" \/><br \/>\nPour ceux qui ne la connaitraient pas (encore), <strong>V\u00e9ronique Flabat-Piot<\/strong> est une figure incontournable du monde de la po\u00e9sie francophone. Elle a \u00e9t\u00e9 de 2009 \u00e0 2014 la pr\u00e9sidente du jury des Grands Prix Internationaux de Po\u00e9sie accord\u00e9s par la <strong>Soci\u00e9t\u00e9 des Po\u00e8tes et Artistes de France (SPAF)<\/strong>. Elle est aussi la fondatrice d&rsquo;ateliers d&rsquo;\u00e9criture po\u00e9tique dans les \u00e9coles et d&rsquo;un salon litt\u00e9raire, <strong>\u00abLa Plume Vagabonde\u00bb<\/strong> qui a f\u00eat\u00e9 ses seize ans d&rsquo;existence. Elle organise r\u00e9guli\u00e8rement des sentiers litt\u00e9raires et expositions artistiques, des concerts, des conf\u00e9rences et parfois des \u00abvoyages litt\u00e9raires\u00bb\u2026 Elle-m\u00eame est, sur invitation, une conf\u00e9renci\u00e8re appr\u00e9ci\u00e9e par son auditoire. Sa po\u00e9sie &#8211; r\u00e9solument classique ou tout au contraire lib\u00e9r\u00e9e &#8211; a \u00e9t\u00e9 amplement laur\u00e9e, en France, mais aussi en Belgique, en Italie et en Suisse : <strong>V\u00e9ronique Flabat-Piot<\/strong> a ainsi obtenu r\u00e9cemment le Prix Victor Hugo 2015 de la Soci\u00e9t\u00e9 des Po\u00e8tes Fran\u00e7ais et le Prix de Po\u00e9sie Bourguignon Marie No\u00ebl 2015.<\/p>\n","protected":false},"excerpt":{"rendered":"<p>Le 1er jeudi de chaque mois, V\u00e9ronique Flabat-Piot, pr\u00e9sidente de la \u00abPlume Vagabonde\u00bb vous propose de participer \u00e0 un atelier d&rsquo;\u00e9criture po\u00e9tique. Vous pouvez ainsi apprendre les r\u00e8gles fondamentales r\u00e9gissant la construction de tout po\u00e8me qui se respecte : rimes, m\u00e9trique et prosodie vous livreront progressivement tous leurs secrets !&#8230;<\/p>\n<p>Prochain rendez-vous :\u00a0 Jeudi 7 janvier [&#8230;]<\/p>\n","protected":false},"author":3,"featured_media":0,"comment_status":"closed","ping_status":"closed","sticky":false,"template":"","format":"standard","meta":{"ngg_post_thumbnail":0,"footnotes":""},"categories":[3,98,110],"tags":[],"class_list":["post-9129","post","type-post","status-publish","format-standard","hentry","category-actualite","category-spectacle","category-jeumont"],"publishpress_future_action":{"enabled":false,"date":"2026-05-06 15:06:13","action":"change-status","newStatus":"draft","terms":[],"taxonomy":"category","extraData":[]},"publishpress_future_workflow_manual_trigger":{"enabledWorkflows":[]},"_links":{"self":[{"href":"http:\/\/www.lamediatheque-jeumont.fr\/index.php?rest_route=\/wp\/v2\/posts\/9129","targetHints":{"allow":["GET"]}}],"collection":[{"href":"http:\/\/www.lamediatheque-jeumont.fr\/index.php?rest_route=\/wp\/v2\/posts"}],"about":[{"href":"http:\/\/www.lamediatheque-jeumont.fr\/index.php?rest_route=\/wp\/v2\/types\/post"}],"author":[{"embeddable":true,"href":"http:\/\/www.lamediatheque-jeumont.fr\/index.php?rest_route=\/wp\/v2\/users\/3"}],"replies":[{"embeddable":true,"href":"http:\/\/www.lamediatheque-jeumont.fr\/index.php?rest_route=%2Fwp%2Fv2%2Fcomments&post=9129"}],"version-history":[{"count":4,"href":"http:\/\/www.lamediatheque-jeumont.fr\/index.php?rest_route=\/wp\/v2\/posts\/9129\/revisions"}],"predecessor-version":[{"id":9134,"href":"http:\/\/www.lamediatheque-jeumont.fr\/index.php?rest_route=\/wp\/v2\/posts\/9129\/revisions\/9134"}],"wp:attachment":[{"href":"http:\/\/www.lamediatheque-jeumont.fr\/index.php?rest_route=%2Fwp%2Fv2%2Fmedia&parent=9129"}],"wp:term":[{"taxonomy":"category","embeddable":true,"href":"http:\/\/www.lamediatheque-jeumont.fr\/index.php?rest_route=%2Fwp%2Fv2%2Fcategories&post=9129"},{"taxonomy":"post_tag","embeddable":true,"href":"http:\/\/www.lamediatheque-jeumont.fr\/index.php?rest_route=%2Fwp%2Fv2%2Ftags&post=9129"}],"curies":[{"name":"wp","href":"https:\/\/api.w.org\/{rel}","templated":true}]}}