{"id":8034,"date":"2015-10-05T10:43:37","date_gmt":"2015-10-05T08:43:37","guid":{"rendered":"http:\/\/www.lamediatheque-jeumont.fr\/?p=8034"},"modified":"2015-10-06T11:41:14","modified_gmt":"2015-10-06T09:41:14","slug":"atelier-de-creation-de-marionnettes","status":"publish","type":"post","link":"http:\/\/www.lamediatheque-jeumont.fr\/?p=8034","title":{"rendered":"Jeumont : un atelier de cr\u00e9ation de marionnettes pendant les vacances de Toussaint"},"content":{"rendered":"<table width=\"650\">\n<tbody>\n<tr>\n<td><img loading=\"lazy\" decoding=\"async\" class=\"alignnone size-medium wp-image-8469\" src=\"http:\/\/www.lamediatheque-jeumont.fr\/wp-content\/uploads\/2015\/09\/Atelier-Marionnettes-Automne-copie-247x350.jpg\" alt=\"\" width=\"247\" height=\"350\" srcset=\"http:\/\/www.lamediatheque-jeumont.fr\/wp-content\/uploads\/2015\/09\/Atelier-Marionnettes-Automne-copie-247x350.jpg 247w, http:\/\/www.lamediatheque-jeumont.fr\/wp-content\/uploads\/2015\/09\/Atelier-Marionnettes-Automne-copie-724x1024.jpg 724w\" sizes=\"auto, (max-width: 247px) 100vw, 247px\" \/><\/td>\n<td>\n<h2 style=\"text-align: center;\"><span style=\"color: #993300;\">les marionnettes (re)font\u00a0 leur sc\u00e8ne \u00e0 la m\u00e9diath\u00e8que !<\/span><\/h2>\n<p style=\"text-align: justify;\">Suite au succ\u00e8s rencontr\u00e9 par le premier atelier, la m\u00e9diath\u00e8que vous propose \u00e0 nouveau <strong>un atelier de fabrication de marionnettes; <\/strong>celui-ci se d\u00e9roulera durant<strong> les vacances de Toussaint.<\/strong><\/p>\n<p style=\"text-align: justify;\"><strong><span style=\"text-decoration: underline;\">STAGE DE 3 S\u00c9ANCES\u00a0 au choix :<\/span><br \/>\n<\/strong><\/p>\n<ul>\n<li><span style=\"color: #993300;\"><strong><span style=\"color: #993300;\">mercredi 21, jeudi 22 et vendredi 23 octobre<\/span><br \/>\n<\/strong><\/span><strong>de 10h00 \u00e0 12h00 \u00a0<\/strong><span style=\"text-decoration: underline; color: #993300;\">ou<\/span>\u00a0 <strong>de 14h00 \u00e0 16h00<br \/>\n<\/strong><span style=\"text-decoration: underline; color: #008000;\"><strong>ou<\/strong><\/span><\/li>\n<li style=\"text-align: justify;\"><strong><span style=\"color: #993300;\">mercredi 28, jeudi 29 et vendredi 30 octobre<br \/>\n<\/span><\/strong><strong>de 10h00 \u00e0 12h00 \u00a0<\/strong><span style=\"text-decoration: underline; color: #993300;\">ou<\/span>\u00a0 <strong>de 14h00 \u00e0 16h00<\/strong><\/li>\n<\/ul>\n<p style=\"text-align: left;\"><strong>Pour les enfants <span style=\"text-decoration: underline;\">\u00e0 partir de 8 ans<\/span>. <\/strong><\/p>\n<p style=\"text-align: left;\"><strong>Entr\u00e9e gratuite. Nombre de places limit\u00e9.<\/strong><br \/>\nInscriptions <strong>au 03 27 58 13 54<\/strong> ou \u00e0 la banque d&rsquo;accueil.<\/p>\n<p style=\"text-align: left;\">Places r\u00e9serv\u00e9es en priorit\u00e9 aux adh\u00e9rents de la m\u00e9diath\u00e8que<\/p>\n<\/td>\n<\/tr>\n<\/tbody>\n<\/table>\n","protected":false},"excerpt":{"rendered":"<p>les marionnettes (re)font\u00a0 leur sc\u00e8ne \u00e0 la m\u00e9diath\u00e8que !<br \/>\nSuite au succ\u00e8s rencontr\u00e9 par le premier atelier, la m\u00e9diath\u00e8que vous propose \u00e0 nouveau un atelier de fabrication de marionnettes; celui-ci se d\u00e9roulera durant les vacances de Toussaint.<br \/>\nSTAGE DE 3 S\u00c9ANCES\u00a0 au choix :<\/p>\n<p>mercredi 21, jeudi 22 et vendredi 23 octobre<br \/>\nde 10h00 \u00e0 12h00 \u00a0ou\u00a0 de 14h00 [&#8230;]<\/p>\n","protected":false},"author":3,"featured_media":0,"comment_status":"closed","ping_status":"closed","sticky":false,"template":"","format":"standard","meta":{"ngg_post_thumbnail":0,"footnotes":""},"categories":[3,98,110],"tags":[],"class_list":["post-8034","post","type-post","status-publish","format-standard","hentry","category-actualite","category-spectacle","category-jeumont"],"publishpress_future_action":{"enabled":false,"date":"2026-05-06 16:14:31","action":"change-status","newStatus":"draft","terms":[],"taxonomy":"category","extraData":[]},"publishpress_future_workflow_manual_trigger":{"enabledWorkflows":[]},"_links":{"self":[{"href":"http:\/\/www.lamediatheque-jeumont.fr\/index.php?rest_route=\/wp\/v2\/posts\/8034","targetHints":{"allow":["GET"]}}],"collection":[{"href":"http:\/\/www.lamediatheque-jeumont.fr\/index.php?rest_route=\/wp\/v2\/posts"}],"about":[{"href":"http:\/\/www.lamediatheque-jeumont.fr\/index.php?rest_route=\/wp\/v2\/types\/post"}],"author":[{"embeddable":true,"href":"http:\/\/www.lamediatheque-jeumont.fr\/index.php?rest_route=\/wp\/v2\/users\/3"}],"replies":[{"embeddable":true,"href":"http:\/\/www.lamediatheque-jeumont.fr\/index.php?rest_route=%2Fwp%2Fv2%2Fcomments&post=8034"}],"version-history":[{"count":22,"href":"http:\/\/www.lamediatheque-jeumont.fr\/index.php?rest_route=\/wp\/v2\/posts\/8034\/revisions"}],"predecessor-version":[{"id":8514,"href":"http:\/\/www.lamediatheque-jeumont.fr\/index.php?rest_route=\/wp\/v2\/posts\/8034\/revisions\/8514"}],"wp:attachment":[{"href":"http:\/\/www.lamediatheque-jeumont.fr\/index.php?rest_route=%2Fwp%2Fv2%2Fmedia&parent=8034"}],"wp:term":[{"taxonomy":"category","embeddable":true,"href":"http:\/\/www.lamediatheque-jeumont.fr\/index.php?rest_route=%2Fwp%2Fv2%2Fcategories&post=8034"},{"taxonomy":"post_tag","embeddable":true,"href":"http:\/\/www.lamediatheque-jeumont.fr\/index.php?rest_route=%2Fwp%2Fv2%2Ftags&post=8034"}],"curies":[{"name":"wp","href":"https:\/\/api.w.org\/{rel}","templated":true}]}}