{"id":784,"date":"2011-04-01T14:49:36","date_gmt":"2011-04-01T12:49:36","guid":{"rendered":"http:\/\/www.lamediatheque-jeumont.fr\/?p=784"},"modified":"2018-05-03T14:52:19","modified_gmt":"2018-05-03T12:52:19","slug":"sorties-prevues-avec-mots-et-merveilles","status":"publish","type":"post","link":"http:\/\/www.lamediatheque-jeumont.fr\/?p=784","title":{"rendered":"sorties pr\u00e9vues avec &lsquo;Mots et Merveilles&rsquo;"},"content":{"rendered":"<p style=\"text-align: justify;\"><strong>Sorties pr\u00e9vues<\/strong> avec les apprenants jeumontois de l&rsquo;association \u00ab\u00a0Mots et Merveille\u00a0\u00bb (b\u00e9n\u00e9ficiaires du RSA) :<\/p>\n<p style=\"text-align: justify;\"><img loading=\"lazy\" decoding=\"async\" class=\"size-full wp-image-785   alignleft\" title=\"1er-prix-005\" src=\"http:\/\/www.lamediatheque-jeumont.fr\/wp-content\/uploads\/2011\/04\/1er-prix-005.jpg\" alt=\"\" width=\"127\" height=\"182\" srcset=\"http:\/\/www.lamediatheque-jeumont.fr\/wp-content\/uploads\/2011\/04\/1er-prix-005.jpg 250w, http:\/\/www.lamediatheque-jeumont.fr\/wp-content\/uploads\/2011\/04\/1er-prix-005-210x300.jpg 210w\" sizes=\"auto, (max-width: 127px) 100vw, 127px\" \/><\/p>\n<p style=\"text-align: justify;\">&nbsp;<\/p>\n<p style=\"text-align: justify;\"><span style=\"color: #ff0000;\">\u25a0 <\/span><strong>le 14 avril 2011 : <span style=\"color: #ff0000;\">11\u00e8me Triennale de l&rsquo;affiche politique<\/span><\/strong> \u00e0 Mons (B)<\/p>\n<p style=\"text-align: justify;\"><span style=\"color: #999999;\"><em>\u00ab\u00a0Ces messages nous \u00e9meuvent ou nous choquent, face \u00e0 la r\u00e9alit\u00e9 dont nous  sommes les acteurs au quotidien. Quoi qu&rsquo;il en soit, lorsqu&rsquo;une affiche  nous parle, elle restera grav\u00e9e dans notre m\u00e9moire et nous permettra un  recul n\u00e9cessaire, propice \u00e0 la r\u00e9flexion et \u00e0 la critique.\u00a0\u00bb<\/em><\/span><\/p>\n<p style=\"text-align: justify;\"><em> <\/em><\/p>\n<p style=\"text-align: justify;\"><em> <\/em><\/p>\n<address><em> <\/em><\/address>\n<p style=\"text-align: justify;\">&nbsp;<\/p>\n<p style=\"text-align: justify;\"><span style=\"color: #888888;\"><em>la journaliste Anne Politovskaia (1965<\/em><\/span><em>\u2020<\/em><span style=\"color: #888888;\"><em>2006) <\/em><em>par Timo Berry (Finlande) &#8211; Prix 2008<span style=\"color: #ffffff;\"> &#8211;<\/span><br \/>\n<\/em><\/span><\/p>\n<p style=\"text-align: justify;\"><span style=\"color: #888888;\"><em><br \/>\n<\/em><\/span><\/p>\n<p style=\"text-align: justify;\"><span style=\"color: #618eb2;\">\u25a0<\/span> <strong>le 12 mai 2011 : <\/strong><span style=\"color: #618eb2;\"><strong>Journ\u00e9e en m\u00e9tropole lilloise<\/strong><\/span><img loading=\"lazy\" decoding=\"async\" class=\"alignright size-medium wp-image-793\" title=\"lam\" src=\"http:\/\/www.lamediatheque-jeumont.fr\/wp-content\/uploads\/2011\/04\/lam2-300x241.jpg\" alt=\"\" width=\"179\" height=\"146\" \/><\/p>\n<p style=\"text-align: justify;\">D&rsquo;abord : <strong>le March\u00e9 de Wazemmes<\/strong>, multiculturel, color\u00e9, une institution lilloise, o\u00f9 toutes les cat\u00e9gories sociales se c\u00f4toient dans le respect et la bonne humeur.<\/p>\n<p style=\"text-align: justify;\">Puis <strong>le Mus\u00e9e d&rsquo;Art Moderne de Villeneuve d&rsquo;Ascq<\/strong> : le <strong>LaM<\/strong>, Lille Art Museum, qui ouvre \u00e0 nouveau ses portes apr\u00e8s quatre ann\u00e9es de travaux. Il est le seul mus\u00e9e au monde \u00e0 proposer la rencontre  entre art moderne, art contemporain et art brut.<\/p>\n<p style=\"text-align: justify;\">&nbsp;<\/p>\n<p style=\"text-align: justify;\"><img loading=\"lazy\" decoding=\"async\" class=\"alignleft size-medium wp-image-787\" title=\"mosaic\" src=\"http:\/\/www.lamediatheque-jeumont.fr\/wp-content\/uploads\/2011\/04\/mosaic-300x229.jpg\" alt=\"\" width=\"142\" height=\"137\" \/><\/p>\n<p style=\"text-align: justify;\">&nbsp;<\/p>\n<p style=\"text-align: justify;\"><span style=\"color: #339966;\">\u25a0 <\/span><strong>Le 9 juin 2011 : <span style=\"color: #339966;\">D\u00e9couverte du parc Mosa\u00efc,<\/span><\/strong> le Jardin des Cultures \u00e0 Lille<\/p>\n<p style=\"text-align: justify;\"><span style=\"color: #999999;\"><em>\u00ab\u00a0Parce qu&rsquo;un humain qui se cultive est un humain qui construit sa  capacit\u00e9 \u00e0 se situer dans sa vie, dans son environnement, par rapport  aux autres, en s&rsquo;ouvrant un chemin vers l&rsquo;autonomie et la  libert\u00e9.\u00a0\u00bb<\/em><\/span><\/p>\n<p style=\"text-align: justify;\"><span style=\"color: #999999;\"><em> <\/em><\/span><\/p>\n<p><em> <\/em><\/p>\n<p><em> <\/em><\/p>\n<p style=\"text-align: justify;\"><em> <\/em><\/p>\n<p><em> <\/em><br \/>\n<em> <\/em><br \/>\n<em> <\/em><\/p>\n<p style=\"text-align: justify;\"><span style=\"text-align: justify;\">Renseignements aupr\u00e8s de Pascale Zubani, \u00e0 la m\u00e9diath\u00e8que, au 03.27.58.13.54 &#8211;<\/p>\n<p><a href=\"http:\/\/www.musee-lam.fr\/\" target=\"_blank\">LAM -mus\u00e9e d&rsquo;art moderne de Villeneuve d&rsquo;Ascq<\/a><br \/>\n<\/span><\/p>\n","protected":false},"excerpt":{"rendered":"<p>Sorties pr\u00e9vues avec les apprenants jeumontois de l&rsquo;association \u00ab\u00a0Mots et Merveille\u00a0\u00bb (b\u00e9n\u00e9ficiaires du RSA) :<\/p>\n<p>&nbsp;<br \/>\n\u25a0 le 14 avril 2011 : 11\u00e8me Triennale de l&rsquo;affiche politique \u00e0 Mons (B)<br \/>\n\u00ab\u00a0Ces messages nous \u00e9meuvent ou nous choquent, face \u00e0 la r\u00e9alit\u00e9 dont nous  sommes les acteurs au quotidien. Quoi qu&rsquo;il en soit, lorsqu&rsquo;une affiche  nous parle, [&#8230;]<\/p>\n","protected":false},"author":1,"featured_media":0,"comment_status":"closed","ping_status":"open","sticky":false,"template":"","format":"standard","meta":{"ngg_post_thumbnail":0,"footnotes":""},"categories":[3,75,110],"tags":[],"class_list":["post-784","post","type-post","status-publish","format-standard","hentry","category-actualite","category-mots-et-merveilles","category-jeumont"],"publishpress_future_action":{"enabled":false,"date":"2026-05-08 10:59:23","action":"change-status","newStatus":"draft","terms":[],"taxonomy":"category","extraData":[]},"publishpress_future_workflow_manual_trigger":{"enabledWorkflows":[]},"_links":{"self":[{"href":"http:\/\/www.lamediatheque-jeumont.fr\/index.php?rest_route=\/wp\/v2\/posts\/784","targetHints":{"allow":["GET"]}}],"collection":[{"href":"http:\/\/www.lamediatheque-jeumont.fr\/index.php?rest_route=\/wp\/v2\/posts"}],"about":[{"href":"http:\/\/www.lamediatheque-jeumont.fr\/index.php?rest_route=\/wp\/v2\/types\/post"}],"author":[{"embeddable":true,"href":"http:\/\/www.lamediatheque-jeumont.fr\/index.php?rest_route=\/wp\/v2\/users\/1"}],"replies":[{"embeddable":true,"href":"http:\/\/www.lamediatheque-jeumont.fr\/index.php?rest_route=%2Fwp%2Fv2%2Fcomments&post=784"}],"version-history":[{"count":61,"href":"http:\/\/www.lamediatheque-jeumont.fr\/index.php?rest_route=\/wp\/v2\/posts\/784\/revisions"}],"predecessor-version":[{"id":8429,"href":"http:\/\/www.lamediatheque-jeumont.fr\/index.php?rest_route=\/wp\/v2\/posts\/784\/revisions\/8429"}],"wp:attachment":[{"href":"http:\/\/www.lamediatheque-jeumont.fr\/index.php?rest_route=%2Fwp%2Fv2%2Fmedia&parent=784"}],"wp:term":[{"taxonomy":"category","embeddable":true,"href":"http:\/\/www.lamediatheque-jeumont.fr\/index.php?rest_route=%2Fwp%2Fv2%2Fcategories&post=784"},{"taxonomy":"post_tag","embeddable":true,"href":"http:\/\/www.lamediatheque-jeumont.fr\/index.php?rest_route=%2Fwp%2Fv2%2Ftags&post=784"}],"curies":[{"name":"wp","href":"https:\/\/api.w.org\/{rel}","templated":true}]}}