{"id":777,"date":"2011-03-30T18:10:23","date_gmt":"2011-03-30T16:10:23","guid":{"rendered":"http:\/\/www.lamediatheque-jeumont.fr\/?p=777"},"modified":"2018-05-03T14:52:00","modified_gmt":"2018-05-03T12:52:00","slug":"compagnons-du-tour-de-france","status":"publish","type":"post","link":"http:\/\/www.lamediatheque-jeumont.fr\/?p=777","title":{"rendered":"les Compagnons du Tour de France"},"content":{"rendered":"<p style=\"text-align: justify;\">Nous avons eu le plaisir d&rsquo;accueillir, le mardi 29 mars 2011, une trentaine d&rsquo;\u00e9l\u00e8ves de l\u2019\u00c9cole des Compagnons du Tour de France de Jeumont.<br \/>\nAccompagn\u00e9s de leur Directeur, Monsieur Lamarque, ils sont venus en voisins, d\u00e9couvrir tous les services offerts par la m\u00e9diath\u00e8que &#8211; ce qui laisse augurer des \u00e9changes fructueux entre nos deux structures.<\/p>\n<div id=\"attachment_779\" style=\"width: 397px\" class=\"wp-caption aligncenter\"><img loading=\"lazy\" decoding=\"async\" aria-describedby=\"caption-attachment-779\" class=\"size-full wp-image-779\" title=\"jeumont_tour de france\" src=\"http:\/\/www.lamediatheque-jeumont.fr\/wp-content\/uploads\/2011\/04\/jeumont_tour-de-france.jpg\" alt=\"\" width=\"387\" height=\"288\" srcset=\"http:\/\/www.lamediatheque-jeumont.fr\/wp-content\/uploads\/2011\/04\/jeumont_tour-de-france.jpg 387w, http:\/\/www.lamediatheque-jeumont.fr\/wp-content\/uploads\/2011\/04\/jeumont_tour-de-france-300x223.jpg 300w\" sizes=\"auto, (max-width: 387px) 100vw, 387px\" \/><p id=\"caption-attachment-779\" class=\"wp-caption-text\">Les Compagnons du Tour de France, rue des Usines \u00e0 Jeumont<\/p><\/div>\n","protected":false},"excerpt":{"rendered":"<p>Nous avons eu le plaisir d&rsquo;accueillir, le mardi 29 mars 2011, une trentaine d&rsquo;\u00e9l\u00e8ves de l\u2019\u00c9cole des Compagnons du Tour de France de Jeumont.<br \/>\nAccompagn\u00e9s de leur Directeur, Monsieur Lamarque, ils sont venus en voisins, d\u00e9couvrir tous les services offerts par la m\u00e9diath\u00e8que &#8211; ce qui laisse augurer des \u00e9changes fructueux entre nos deux structures.<\/p>\n","protected":false},"author":1,"featured_media":0,"comment_status":"closed","ping_status":"open","sticky":false,"template":"","format":"standard","meta":{"ngg_post_thumbnail":0,"footnotes":""},"categories":[3,110],"tags":[],"class_list":["post-777","post","type-post","status-publish","format-standard","hentry","category-actualite","category-jeumont"],"publishpress_future_action":{"enabled":false,"date":"2026-05-07 08:48:50","action":"change-status","newStatus":"draft","terms":[],"taxonomy":"category","extraData":[]},"publishpress_future_workflow_manual_trigger":{"enabledWorkflows":[]},"_links":{"self":[{"href":"http:\/\/www.lamediatheque-jeumont.fr\/index.php?rest_route=\/wp\/v2\/posts\/777","targetHints":{"allow":["GET"]}}],"collection":[{"href":"http:\/\/www.lamediatheque-jeumont.fr\/index.php?rest_route=\/wp\/v2\/posts"}],"about":[{"href":"http:\/\/www.lamediatheque-jeumont.fr\/index.php?rest_route=\/wp\/v2\/types\/post"}],"author":[{"embeddable":true,"href":"http:\/\/www.lamediatheque-jeumont.fr\/index.php?rest_route=\/wp\/v2\/users\/1"}],"replies":[{"embeddable":true,"href":"http:\/\/www.lamediatheque-jeumont.fr\/index.php?rest_route=%2Fwp%2Fv2%2Fcomments&post=777"}],"version-history":[{"count":14,"href":"http:\/\/www.lamediatheque-jeumont.fr\/index.php?rest_route=\/wp\/v2\/posts\/777\/revisions"}],"predecessor-version":[{"id":7220,"href":"http:\/\/www.lamediatheque-jeumont.fr\/index.php?rest_route=\/wp\/v2\/posts\/777\/revisions\/7220"}],"wp:attachment":[{"href":"http:\/\/www.lamediatheque-jeumont.fr\/index.php?rest_route=%2Fwp%2Fv2%2Fmedia&parent=777"}],"wp:term":[{"taxonomy":"category","embeddable":true,"href":"http:\/\/www.lamediatheque-jeumont.fr\/index.php?rest_route=%2Fwp%2Fv2%2Fcategories&post=777"},{"taxonomy":"post_tag","embeddable":true,"href":"http:\/\/www.lamediatheque-jeumont.fr\/index.php?rest_route=%2Fwp%2Fv2%2Ftags&post=777"}],"curies":[{"name":"wp","href":"https:\/\/api.w.org\/{rel}","templated":true}]}}