{"id":7438,"date":"2014-11-18T11:52:52","date_gmt":"2014-11-18T10:52:52","guid":{"rendered":"http:\/\/www.lamediatheque-jeumont.fr\/?p=7438"},"modified":"2015-09-24T10:54:30","modified_gmt":"2015-09-24T08:54:30","slug":"exposition-la-vie-des-jeumontois-pendant-la-grande-guerre","status":"publish","type":"post","link":"http:\/\/www.lamediatheque-jeumont.fr\/?p=7438","title":{"rendered":"exposition \u00abla vie des jeumontois pendant la grande guerre\u00bb"},"content":{"rendered":"<p style=\"text-align: justify;\"><span style=\"color: #333333;\">La m\u00e9diath\u00e8que a le plaisir de vous pr\u00e9senter <strong><span style=\"color: #993300;\">du 22 novembre au 13 d\u00e9cembre<\/span><\/strong> <span style=\"color: #000000;\"><em><strong>\u00ab1914\/1918\u00a0: la vie des jeumontois pendant la grande guerre\u00bb<\/strong><\/em>,<\/span> une exposition r\u00e9alis\u00e9e par le collectif <span style=\"color: #000000;\"><em><strong>\u00ab<\/strong><\/em><\/span><\/span><span style=\"color: #000000;\"><em><strong>M\u00e9moire Vivante\u00bb<\/strong><\/em>.<br \/>\n<\/span>\u00a0<img loading=\"lazy\" decoding=\"async\" class=\"wp-image-7440 aligncenter\" src=\"http:\/\/www.lamediatheque-jeumont.fr\/wp-content\/uploads\/2014\/11\/Expo-1024x445.jpg\" alt=\"\" width=\"600\" height=\"261\" srcset=\"http:\/\/www.lamediatheque-jeumont.fr\/wp-content\/uploads\/2014\/11\/Expo-1024x445.jpg 1024w, http:\/\/www.lamediatheque-jeumont.fr\/wp-content\/uploads\/2014\/11\/Expo-350x152.jpg 350w, http:\/\/www.lamediatheque-jeumont.fr\/wp-content\/uploads\/2014\/11\/Expo.jpg 1193w\" sizes=\"auto, (max-width: 600px) 100vw, 600px\" \/><\/p>\n<h2 style=\"text-align: justify;\" align=\"justify\"><span style=\"color: #993300;\">\u00abM\u00e9moire Vivante\u00bb : qu&rsquo;est ce que c&rsquo;est ?&#8230;<\/span><\/h2>\n<p style=\"text-align: justify;\" align=\"justify\">Cr\u00e9\u00e9 depuis plus de trois ans, le collectif <i><b>\u00ab M\u00e9moire Vivante \u00bb<\/b><\/i><b> <\/b>s\u2019est fix\u00e9 pour mission de rassembler tout document relatif au pass\u00e9 de Jeumont afin de pr\u00e9server pour les jeunes g\u00e9n\u00e9rations les traces de ce patrimoine historique architectural, social et culturel.<\/p>\n<p style=\"text-align: justify;\" align=\"justify\">Compos\u00e9 d\u2019une dizaine de personnes, dont plusieurs membres de l\u2019association <i><b>\u00ab Jeumont Culture &amp; Loisirs \u00bb<\/b><\/i>, le groupe se r\u00e9unit r\u00e9guli\u00e8rement \u00e0 la m\u00e9diath\u00e8que et travaille notamment \u00e0 la constitution d\u2019une phototh\u00e8que visible sur le web :<\/p>\n<p style=\"text-align: justify;\" align=\"justify\"><strong><a href=\"http:\/\/www.lamediatheque-jeumont.fr\/memoirevivante\">http:\/\/www.lamediatheque-jeumont.fr\/memoirevivante<\/a><\/strong><\/p>\n<p style=\"text-align: justify;\" align=\"justify\">Le collectif <i><b>\u00ab M\u00e9moire Vivante \u00bb<\/b><\/i> est ouvert \u00e0 toute personne d\u00e9sireuse d\u2019apporter sa contribution \u00e0 cette entreprise de longue haleine !&#8230;<\/p>\n<p style=\"text-align: justify;\" align=\"justify\">Si vous d\u00e9tenez des documents que vous jugez dignes d\u2019int\u00e9r\u00eat (photos, cartes postales, journaux, etc\u2026) et que vous souhaitez en faire profiter le plus grand nombre, vous pouvez les apporter \u00e0 la m\u00e9diath\u00e8que afin qu\u2019ils soient num\u00e9ris\u00e9s.<\/p>\n<p style=\"text-align: justify;\" align=\"justify\">Renseignements au <b>03 27 58 13 54 <\/b>(<b>Serge Etienne<\/b>)<\/p>\n<p style=\"text-align: center;\" align=\"justify\"><img loading=\"lazy\" decoding=\"async\" class=\"aligncenter wp-image-5764\" style=\"border: 0pt none; margin: 0px;\" src=\"http:\/\/www.lamediatheque-jeumont.fr\/wp-content\/uploads\/2013\/10\/MV1.jpg\" alt=\"MV\" width=\"567\" height=\"375\" srcset=\"http:\/\/www.lamediatheque-jeumont.fr\/wp-content\/uploads\/2013\/10\/MV1.jpg 1181w, http:\/\/www.lamediatheque-jeumont.fr\/wp-content\/uploads\/2013\/10\/MV1-350x231.jpg 350w, http:\/\/www.lamediatheque-jeumont.fr\/wp-content\/uploads\/2013\/10\/MV1-1024x678.jpg 1024w\" sizes=\"auto, (max-width: 567px) 100vw, 567px\" \/><\/p>\n<p style=\"text-align: justify;\" align=\"justify\">De gauche \u00e0 droite et de haut en bas : <strong>G\u00e9rard JOLY, Simone SERIS, Jacques BROUET, Gino AGOSTINI, Christian ROUSSELLE, Jean-Paul ELIET, Maurice FOULON, Marie-Louise AURIERE et Serge ETIENNE.<\/strong><\/p>\n","protected":false},"excerpt":{"rendered":"<p>La m\u00e9diath\u00e8que a le plaisir de vous pr\u00e9senter du 22 novembre au 13 d\u00e9cembre \u00ab1914\/1918\u00a0: la vie des jeumontois pendant la grande guerre\u00bb, une exposition r\u00e9alis\u00e9e par le collectif \u00abM\u00e9moire Vivante\u00bb.<br \/>\n\u00a0<br \/>\n\u00abM\u00e9moire Vivante\u00bb : qu&rsquo;est ce que c&rsquo;est ?&#8230;<br \/>\nCr\u00e9\u00e9 depuis plus de trois ans, le collectif \u00ab M\u00e9moire Vivante \u00bb s\u2019est fix\u00e9 pour mission de rassembler [&#8230;]<\/p>\n","protected":false},"author":3,"featured_media":0,"comment_status":"closed","ping_status":"closed","sticky":false,"template":"","format":"standard","meta":{"ngg_post_thumbnail":0,"footnotes":""},"categories":[98,91,110],"tags":[],"class_list":["post-7438","post","type-post","status-publish","format-standard","hentry","category-spectacle","category-memoire-vivante","category-jeumont"],"publishpress_future_action":{"enabled":false,"date":"2026-05-07 12:18:30","action":"change-status","newStatus":"draft","terms":[],"taxonomy":"category","extraData":[]},"publishpress_future_workflow_manual_trigger":{"enabledWorkflows":[]},"_links":{"self":[{"href":"http:\/\/www.lamediatheque-jeumont.fr\/index.php?rest_route=\/wp\/v2\/posts\/7438","targetHints":{"allow":["GET"]}}],"collection":[{"href":"http:\/\/www.lamediatheque-jeumont.fr\/index.php?rest_route=\/wp\/v2\/posts"}],"about":[{"href":"http:\/\/www.lamediatheque-jeumont.fr\/index.php?rest_route=\/wp\/v2\/types\/post"}],"author":[{"embeddable":true,"href":"http:\/\/www.lamediatheque-jeumont.fr\/index.php?rest_route=\/wp\/v2\/users\/3"}],"replies":[{"embeddable":true,"href":"http:\/\/www.lamediatheque-jeumont.fr\/index.php?rest_route=%2Fwp%2Fv2%2Fcomments&post=7438"}],"version-history":[{"count":10,"href":"http:\/\/www.lamediatheque-jeumont.fr\/index.php?rest_route=\/wp\/v2\/posts\/7438\/revisions"}],"predecessor-version":[{"id":8355,"href":"http:\/\/www.lamediatheque-jeumont.fr\/index.php?rest_route=\/wp\/v2\/posts\/7438\/revisions\/8355"}],"wp:attachment":[{"href":"http:\/\/www.lamediatheque-jeumont.fr\/index.php?rest_route=%2Fwp%2Fv2%2Fmedia&parent=7438"}],"wp:term":[{"taxonomy":"category","embeddable":true,"href":"http:\/\/www.lamediatheque-jeumont.fr\/index.php?rest_route=%2Fwp%2Fv2%2Fcategories&post=7438"},{"taxonomy":"post_tag","embeddable":true,"href":"http:\/\/www.lamediatheque-jeumont.fr\/index.php?rest_route=%2Fwp%2Fv2%2Ftags&post=7438"}],"curies":[{"name":"wp","href":"https:\/\/api.w.org\/{rel}","templated":true}]}}