{"id":7301,"date":"2014-11-08T14:55:11","date_gmt":"2014-11-08T13:55:11","guid":{"rendered":"http:\/\/www.lamediatheque-jeumont.fr\/?p=7301"},"modified":"2015-09-24T10:54:24","modified_gmt":"2015-09-24T08:54:24","slug":"rentree-litteraire-2014","status":"publish","type":"post","link":"http:\/\/www.lamediatheque-jeumont.fr\/?p=7301","title":{"rendered":"rentr\u00e9e litt\u00e9raire 2014"},"content":{"rendered":"<h4><img loading=\"lazy\" decoding=\"async\" class=\"alignnone wp-image-7308\" src=\"http:\/\/www.lamediatheque-jeumont.fr\/wp-content\/uploads\/2014\/11\/Prix-Litt\u00e9raires-1024x298.jpg\" alt=\"\" width=\"650\" height=\"189\" srcset=\"http:\/\/www.lamediatheque-jeumont.fr\/wp-content\/uploads\/2014\/11\/Prix-Litt\u00e9raires-1024x298.jpg 1024w, http:\/\/www.lamediatheque-jeumont.fr\/wp-content\/uploads\/2014\/11\/Prix-Litt\u00e9raires-350x101.jpg 350w, http:\/\/www.lamediatheque-jeumont.fr\/wp-content\/uploads\/2014\/11\/Prix-Litt\u00e9raires.jpg 1243w\" sizes=\"auto, (max-width: 650px) 100vw, 650px\" \/><\/h4>\n<p style=\"text-align: justify\">La m\u00e9diath\u00e8que est heureuse de vous proposer ses nouveaut\u00e9s pour cette fin d&rsquo;ann\u00e9e, avec, entre autre, les principaux prix litt\u00e9raires : le <em><strong>Goncourt<\/strong> <\/em>avec <strong>Lydie Salvaire <span style=\"color: #993300\">\u00a0\u00bb Pas pleurer\u00a0\u00bb<\/span><\/strong> ; le <em><strong>Renaudot<\/strong> <\/em>avec <strong>David Foenkinos <span style=\"color: #993300\">\u00ab\u00a0Charlotte\u00a0\u00bb<\/span><\/strong> ; le <em><strong>Femina<\/strong> <\/em>avec <strong>Yannick Lahens <span style=\"color: #993300\">\u00a0\u00bb Bain de lune\u00a0\u00bb<\/span><\/strong> ; le <em><strong>M\u00e9dicis<\/strong> <\/em>avec <strong>Antoine Volodine <span style=\"color: #993300\">\u00ab\u00a0Terminus radieux\u00a0\u00bb<\/span><\/strong> et le <em><strong>prix de l&rsquo;Acad\u00e9mie Fran\u00e7aise<\/strong><\/em> avec <strong>Adrien Bosc <span style=\"color: #993300\">\u00ab\u00a0Constellation\u00a0\u00bb. <\/span><\/strong><\/p>\n<p style=\"text-align: justify\"><span style=\"color: #000000\">Depuis le d\u00e9but de l&rsquo;ann\u00e9e, le <strong><span style=\"color: #993300\">\u00ab\u00a0Caf\u00e9 Litt\u00e9raire\u00a0\u00bb<\/span> <\/strong>vous est propos\u00e9 r\u00e9guli\u00e8rement afin de rassembler les lecteurs pour qu&rsquo;ils partagent leurs coups de coeur autour d&rsquo;un petit caf\u00e9.<\/span><\/p>\n<p style=\"text-align: justify\">Ce moment d&rsquo;\u00e9change convivial et agr\u00e9able vous propose \u00e9galement<strong> la pr\u00e9sentation des nouveaut\u00e9s<\/strong> en avant-premi\u00e8re.<\/p>\n<p style=\"text-align: justify\"><strong>Alors, vous aimez lire ?&#8230; Vous \u00eates les bienvenus, le caf\u00e9 et les livres se pr\u00e9parent !<\/strong><\/p>\n<p style=\"text-align: justify\"><em>NB : le caf\u00e9 litt\u00e9raire change de nom en 2015, il s&rsquo;appellera d\u00e9sormais \u00abCaf\u00e9-Livres\u00bb<\/em>.<\/p>\n<table width=\"100%\">\n<tbody>\n<tr>\n<td>\n<h3 style=\"text-align: center\"><span style=\"text-decoration: underline\"><strong><span style=\"color: #666699;text-decoration: underline\">Romans adultes<\/span><br \/>\n<\/strong><\/span><\/h3>\n<\/td>\n<td><\/td>\n<\/tr>\n<tr>\n<td width=\"200\"><img loading=\"lazy\" decoding=\"async\" class=\"alignnone size-full wp-image-7290\" src=\"http:\/\/www.lamediatheque-jeumont.fr\/wp-content\/uploads\/2013\/11\/Charlotte.jpg\" alt=\"\" width=\"160\" height=\"160\" srcset=\"http:\/\/www.lamediatheque-jeumont.fr\/wp-content\/uploads\/2013\/11\/Charlotte.jpg 160w, http:\/\/www.lamediatheque-jeumont.fr\/wp-content\/uploads\/2013\/11\/Charlotte-150x150.jpg 150w\" sizes=\"auto, (max-width: 160px) 100vw, 160px\" \/><\/td>\n<td>\n<h3><span style=\"color: #993300\"><strong>\u00ab\u00a0Charlotte\u00a0\u00bb <\/strong><\/span>de <strong>David Foenkinos &#8211; Prix Renaudot 2014<\/strong><strong><br \/>\n<\/strong><\/h3>\n<p style=\"text-align: justify\">Ce roman retrace la vie de Charlotte Salomon, artiste peintre morte \u00e0 vingt-six ans alors qu&rsquo;elle \u00e9tait enceinte. Apr\u00e8s une enfance \u00e0 Berlin marqu\u00e9e par une trag\u00e9die familiale, Charlotte est exclue progressivement par les nazis de toutes les sph\u00e8res de la soci\u00e9t\u00e9 allemande. Elle vit une passion amoureuse fondatrice, avant de devoir tout quitter pour se r\u00e9fugier en France. Exil\u00e9e, elle entreprend la composition d&rsquo;une oeuvre picturale autobiographique d&rsquo;une modernit\u00e9 fascinante. Se sachant en danger, elle confie ses dessins \u00e0 son m\u00e9decin en lui disant : \u00ab\u00a0C&rsquo;est toute ma vie\u00a0\u00bb. Portrait saisissant d&rsquo;une femme exceptionnelle, \u00e9vocation d&rsquo;un destin tragique, Charlotte est aussi le r\u00e9cit d&rsquo;une qu\u00eate. Celle d&rsquo;un \u00e9crivain hant\u00e9 par une artiste, et qui part \u00e0 sa recherche<\/p>\n<\/td>\n<\/tr>\n<tr>\n<td><\/td>\n<td style=\"text-align: center\"><a href=\"http:\/\/www.mediatheque-jeumont.fr\/opac\/index.php?lvl=etagere_see&amp;id=674\" target=\"_blank\"><strong>Cliquez sur ce lien pour d\u00e9couvrir les nouveaux titres dans la cat\u00e9gorie \u00ab\u00a0romans adultes\u00a0\u00bb<\/strong><\/a><\/td>\n<\/tr>\n<tr>\n<td>\n<h3 style=\"text-align: center\"><strong><span style=\"text-decoration: underline\"><span style=\"color: #666699;text-decoration: underline\">Romans policiers<\/span><br \/>\n<\/span><\/strong><\/h3>\n<\/td>\n<td><\/td>\n<\/tr>\n<tr>\n<td width=\"200\"><img loading=\"lazy\" decoding=\"async\" class=\"alignnone size-full wp-image-7291\" src=\"http:\/\/www.lamediatheque-jeumont.fr\/wp-content\/uploads\/2013\/11\/Erika.jpg\" alt=\"\" width=\"160\" height=\"160\" srcset=\"http:\/\/www.lamediatheque-jeumont.fr\/wp-content\/uploads\/2013\/11\/Erika.jpg 160w, http:\/\/www.lamediatheque-jeumont.fr\/wp-content\/uploads\/2013\/11\/Erika-150x150.jpg 150w\" sizes=\"auto, (max-width: 160px) 100vw, 160px\" \/><\/td>\n<td>\n<h3><span style=\"color: #993300\"><strong>\u00ab\u00a0La faiseuse d&rsquo;anges\u00a0\u00bb <\/strong><\/span>de <strong>Camilla L\u00e4ckberg<\/strong><\/h3>\n<p style=\"text-align: justify\">P\u00e2ques 1974. Sur l&rsquo;\u00eele de Val\u00f6, aux abords de Fj\u00e4llbacka, une famille dispara\u00eet sans laisser de traces. La table du d\u00eener est soigneusement dress\u00e9e, mais tous se sont volatilis\u00e9s, \u00e0 l&rsquo;exception de la fillette d&rsquo;un an et demi, Ebba. Sont-ils victimes d&rsquo;un crime ou sont-ils tous partis de leur plein gr\u00e9 ? L&rsquo;\u00e9nigme ne sera jamais r\u00e9solue. Des ann\u00e9es plus tard, Ebba revient sur l&rsquo;\u00eele et s&rsquo;installe dans la maison familiale avec son mari. Les vieux secrets de la propri\u00e9t\u00e9 ne vont pas tarder \u00e0 ressurgir&#8230; P\u00e2ques 1974, la police re\u00e7oit un appel d&rsquo;urgence provenant du pensionnat de gar\u00e7ons de l&rsquo;\u00eele de Val\u00f6, aux abords de Fj\u00e4llbacka. A l&rsquo;arriv\u00e9e des forces de l&rsquo;ordre, l&rsquo;endroit est d\u00e9sert. Seule la petite Ebba, \u00e2g\u00e9e d&rsquo;un an et demi, d\u00e9ambule en pleurs dans la maison abandonn\u00e9e. La table de la salle \u00e0 manger est soigneusement dress\u00e9e pour le repas de P\u00e2ques, mais les habitants se sont comme volatilis\u00e9s. La plupart des \u00e9l\u00e8ves sont rentr\u00e9s chez eux pour les vacances et on apprend que les quelques gar\u00e7ons rest\u00e9s sur place sont all\u00e9s faire une partie de p\u00eache. Ce qui est arriv\u00e9 \u00e0 la famille de la petite fille restera un myst\u00e8re. Sa m\u00e8re, son p\u00e8re, sa grande s\u0153ur et son grand fr\u00e8re ne seront jamais retrouv\u00e9s. Plac\u00e9e en famille d&rsquo;accueil, ce n&rsquo;est que trente ans plus tard qu&rsquo;Ebba retourne sur l&rsquo;\u00eele, accompagn\u00e9e de son mari Marten. Tous les deux viennent de perdre leur fils de trois ans et c&rsquo;est pour essayer de surmonter leur deuil qu&rsquo;ils d\u00e9cident de tout quitter pour reconstruire leur vie ailleurs. Ils pr\u00e9voient de restaurer le vieux pensionnat que le p\u00e8re d&rsquo;Ebba dirigeait d&rsquo;une main de fer pour ouvrir une maison d&rsquo;h\u00f4te. Anna, la s\u0153ur d&rsquo;Erica qui s&rsquo;est lanc\u00e9e dans la d\u00e9coration int\u00e9rieure, va venir leur pr\u00eater main-forte pour la r\u00e9novation. Mais \u00e0 peine ont-ils le temps de s&rsquo;installer qu&rsquo;ils sont victimes d&rsquo;une tentative d&rsquo;incendie criminel. Et lorsqu&rsquo;ils commencent \u00e0 \u00f4ter le plancher de la salle \u00e0 manger, ils d\u00e9couvrent du sang coagul\u00e9 en-dessous. C&rsquo;est le d\u00e9but d&rsquo;une s\u00e9rie d&rsquo;\u00e9v\u00e9nements troublants qui semblent vouloir leur rappeler que ce n&rsquo;est pas dans l&rsquo;oubli qu&rsquo;on trouve le salut. De son c\u00f4t\u00e9, Erica s&rsquo;\u00e9tait depuis longtemps d\u00e9j\u00e0 int\u00e9ress\u00e9e \u00e0 l&rsquo;affaire de la myst\u00e9rieuse disparition. Ces piq\u00fbres de rappel inqui\u00e9tantes sont l&rsquo;occasion pour elle de se replonger dans le dossier. Elle va bient\u00f4t se rendre compte que ce qui s&rsquo;est pass\u00e9 trente ans plus t\u00f4t est bien plus complexe qu&rsquo;elle n&rsquo;aurait pu l&rsquo;imaginer. Tout aurait commenc\u00e9 avec une faiseuse d&rsquo;anges&#8230; Dans ce huiti\u00e8me volet de la s\u00e9rie qui lui est consacr\u00e9e, Erica sera confront\u00e9e \u00e0 des secrets familiaux qui risquent in fine de co\u00fbter la vie \u00e0 l&rsquo;une des personnes les plus importantes de son entourage. Avec La Faiseuse d&rsquo;anges, Camilla L\u00e4ckberg prouve une fois de plus qu&rsquo;elle n&rsquo;a pas vol\u00e9 son surnom de reine du polar.<\/p>\n<\/td>\n<\/tr>\n<tr>\n<td><\/td>\n<td style=\"text-align: center\"><a href=\"http:\/\/www.mediatheque-jeumont.fr\/opac\/index.php?lvl=etagere_see&amp;id=675\" target=\"_blank\"><strong>Cliquez sur ce lien pour d\u00e9couvrir les nouveaux titres dans la cat\u00e9gorie \u00ab\u00a0romans policiers\u00a0\u00bb<\/strong><\/a><\/td>\n<\/tr>\n<tr>\n<td>\n<h3 style=\"text-align: center\"><strong><span style=\"text-decoration: underline\"><span style=\"color: #666699;text-decoration: underline\">Romans de science-fiction<\/span><\/span><\/strong><\/h3>\n<\/td>\n<td><\/td>\n<\/tr>\n<tr>\n<td width=\"200\"><img loading=\"lazy\" decoding=\"async\" class=\"alignnone size-full wp-image-7296\" src=\"http:\/\/www.lamediatheque-jeumont.fr\/wp-content\/uploads\/2013\/11\/Marches.jpg\" alt=\"\" width=\"160\" height=\"160\" srcset=\"http:\/\/www.lamediatheque-jeumont.fr\/wp-content\/uploads\/2013\/11\/Marches.jpg 160w, http:\/\/www.lamediatheque-jeumont.fr\/wp-content\/uploads\/2013\/11\/Marches-150x150.jpg 150w\" sizes=\"auto, (max-width: 160px) 100vw, 160px\" \/><\/td>\n<td>\n<h3><span style=\"color: #993300\"><strong>\u00ab\u00a0Le royaume des marches, tome 4\u00a0\u00bb <\/strong><\/span>de Tad Williams<\/h3>\n<div id=\"iframeContent\">Les fils du destin se m\u00ealent et s&rsquo;entrecroisent au c\u0153ur des Royaumes des marches. Retenu prisonnier et conduit dans les profondeurs de la terre, le Prince Barrick d\u00e9couvre que le demi-dieu Jikuyin fait d\u00e9gager la Porte des Enfers pour s&rsquo;approprier un objet appartenant \u00e0 Kernios, le dieu de la mort, et qu&rsquo;il compte sacrifier le jeune homme afin que son sang d\u00e9verrouille l&rsquo;ouverture. De son c\u00f4t\u00e9, Briony sort des grands bois et erre sur les chemins lorsqu&rsquo;elle fait la rencontre de com\u00e9diens ambulants, qui acceptent de l&rsquo;int\u00e9grer \u00e0 la compagnie. La troupe se rend jusqu&rsquo;\u00e0 Tessis o\u00f9 les autorit\u00e9s les arr\u00eatent presque aussit\u00f4t pour espionnage, obligeant la princesse \u00e0 leur r\u00e9v\u00e9ler sa v\u00e9ritable identit\u00e9. Entre-temps, l&rsquo;autarque de Xis, Sulepis, a embarqu\u00e9 avec son armada pour aller assi\u00e9ger Hi\u00e9rosol, o\u00f9 le roi Olin est toujours retenu prisonnier. La cit\u00e9 sous le si\u00e8ge semble sur le point de tomber&#8230;<\/div>\n<\/td>\n<\/tr>\n<tr>\n<td><\/td>\n<td style=\"text-align: center\"><a href=\"http:\/\/www.mediatheque-jeumont.fr\/opac\/index.php?lvl=etagere_see&amp;id=677\" target=\"_blank\"><strong>Cliquez sur ce lien pour d\u00e9couvrir les nouveaux titres dans la cat\u00e9gorie \u00ab\u00a0romans de science-fiction\u00a0\u00bb<\/strong><\/a><\/td>\n<\/tr>\n<tr>\n<td>\n<h3 style=\"text-align: center\"><span style=\"color: #666699\"><strong><span style=\"text-decoration: underline\">Documentaires<\/span><\/strong><\/span><\/h3>\n<\/td>\n<td><\/td>\n<\/tr>\n<tr>\n<td width=\"200\"><img loading=\"lazy\" decoding=\"async\" class=\"alignnone size-full wp-image-7292\" src=\"http:\/\/www.lamediatheque-jeumont.fr\/wp-content\/uploads\/2013\/11\/Pays.jpg\" alt=\"\" width=\"160\" height=\"160\" srcset=\"http:\/\/www.lamediatheque-jeumont.fr\/wp-content\/uploads\/2013\/11\/Pays.jpg 160w, http:\/\/www.lamediatheque-jeumont.fr\/wp-content\/uploads\/2013\/11\/Pays-150x150.jpg 150w\" sizes=\"auto, (max-width: 160px) 100vw, 160px\" \/><\/td>\n<td>\n<h3><span style=\"color: #993300\"><strong>\u00ab\u00a0Ce pays qu&rsquo;on abat\u00a0\u00bb <\/strong><\/span>d<strong>e Natacha Polony<\/strong><\/h3>\n<p style=\"text-align: justify\">\u00a0\u00bb Ces chroniques, au fil des semaines, ont tent\u00e9 de s&rsquo;extraire des petites guerres picrocholines, de l&rsquo;analyse politique transform\u00e9e en commentaire sportif ou guerrier (Untel a fait un croche-pied \u00e0 Machin, qui a plant\u00e9 un poignard \u00e0 Truc) pour mettre en oeuvre ce qui sans doute manque le plus aux d\u00e9bats qui nous animent : la coh\u00e9rence de pens\u00e9e. Peut-on d\u00e9plorer le ch\u00f4mage de masse et appeler de ses voeux l&rsquo;ouverture des fronti\u00e8res \u00e0 une mondialisation qui nous met en concurrence avec des pays d\u00e9pourvus de droits sociaux ? C&rsquo;est qu&rsquo;ils sont nombreux \u00e0 vivre de ces postures. Toute une partie de la gauche autoproclam\u00e9e, par exemple, qui s&rsquo;invente le diable pour faire oublier qu&rsquo;elle a depuis longtemps abandonn\u00e9 l&rsquo;\u00e9lectorat populaire. L&rsquo;ouvrier ne rapporte plus rien, lui qui a l&rsquo;outrecuidance de mal voter. Et l&rsquo;on se sent quelqu&rsquo;un de bien parce qu&rsquo;on d\u00e9nonce l&rsquo;inacceptable, le racisme, le fascisme. Tout en favorisant ce qui les fait fructifier. Dans ce jeu de dupes, les uns et les autres poursuivent un int\u00e9r\u00eat commun : \u00e9viter que n&rsquo;\u00e9merge une v\u00e9ritable alternative qui ne soit pas de ces extr\u00eames en forme de repoussoir. C&rsquo;est tout cela que racontent ces chroniques. L&rsquo;\u00e9tat id\u00e9ologique de la France, le r\u00e9cit des petits abandons qui font les inexorables d\u00e9faites. Car si ces m\u00e9canismes ne sont pas invers\u00e9s, le vol noir des corbeaux, dont nous ne saurions m\u00eame pr\u00e9dire quels ils seront, reprendrait alors son ballet mortif\u00e8re. \u00a0\u00bb<br \/>\nNatacha POLONY<\/p>\n<\/td>\n<\/tr>\n<tr>\n<td><\/td>\n<td style=\"text-align: center\"><a href=\"http:\/\/www.mediatheque-jeumont.fr\/opac\/index.php?lvl=etagere_see&amp;id=676\" target=\"_blank\"><strong>Cliquez sur ce lien pour d\u00e9couvrir les nouveaux titres dans la cat\u00e9gorie \u00ab\u00a0documentaires\u00a0\u00bb<\/strong><\/a><\/td>\n<\/tr>\n<tr>\n<td>\n<h3 style=\"text-align: center\"><strong><span style=\"text-decoration: underline\"><span style=\"color: #666699;text-decoration: underline\">Bandes dessin\u00e9es<\/span><br \/>\n<\/span><\/strong><\/h3>\n<\/td>\n<td><\/td>\n<\/tr>\n<tr>\n<td width=\"200\"><img loading=\"lazy\" decoding=\"async\" class=\"alignnone size-full wp-image-7294\" src=\"http:\/\/www.lamediatheque-jeumont.fr\/wp-content\/uploads\/2013\/11\/Masque.jpg\" alt=\"\" width=\"160\" height=\"160\" srcset=\"http:\/\/www.lamediatheque-jeumont.fr\/wp-content\/uploads\/2013\/11\/Masque.jpg 160w, http:\/\/www.lamediatheque-jeumont.fr\/wp-content\/uploads\/2013\/11\/Masque-150x150.jpg 150w\" sizes=\"auto, (max-width: 160px) 100vw, 160px\" \/><\/td>\n<td>\n<h3><span style=\"color: #993300\"><strong>\u00ab\u00a0Double masque, tome 1 : Necromanteion\u00a0\u00bb <\/strong><\/span>de Jean Dufaux et Martin Jamar<\/h3>\n<div id=\"iframeContent\">Paris, 1802. Bonaparte vient d&rsquo;\u00eatre proclam\u00e9 premier consul et Fouch\u00e9, hostile \u00e0 cette nomination, a quitt\u00e9 le minist\u00e8re de la Police. Les deux hommes ont pour l&rsquo;heure l&rsquo;obsession commune de r\u00e9cup\u00e9rer un objet vol\u00e9 dont le contenu peut bouleverser leur destin. Un certain Fran\u00e7ois dit \u00ab la Torpille \u00bb se retrouve contraint de ramener l&rsquo;objet d\u00e9rob\u00e9 et d\u00e9tenu quelque part dans les sordides bas-fonds&#8230; Evad\u00e9 du bagne o\u00f9 il \u00e9tait enferm\u00e9 pour divers m\u00e9faits, un certain Fran\u00e7ois dit \u00ab la Torpille \u00bb vient d&rsquo;\u00eatre pris en flagrant d\u00e9lit d&rsquo;escroquerie. A sa grande surprise, plut\u00f4t que dans un sordide cachot, il est emmen\u00e9 dans le somptueux bureau de Napol\u00e9on Bonaparte. Le premier consul a une mission d\u00e9licate \u00e0 lui confier : retrouver au plus vite le n\u00e9cessaire de voyage que lui a d\u00e9rob\u00e9 une prostitu\u00e9e d\u00e9nomm\u00e9e Opale dans un moment d&rsquo;\u00e9garement. L&rsquo;objet dissimule un secret qui ne peut \u00eatre divulgu\u00e9&#8230; En fait, la belle avait un commanditaire. Furieux d&rsquo;avoir \u00e9t\u00e9 d\u00e9mis de ses fonctions de ministre de la Police, Fouch\u00e9 a pay\u00e9 tr\u00e8s cher pour qu&rsquo;elle lui ram\u00e8ne l&rsquo;intrigant objet. H\u00e9las, autant pour lui que pour son rival, Opale demeure introuvable. Dans les bas-fonds o\u00f9 elle exer\u00e7ait, ni ses coll\u00e8gues de trottoir ni ses habitu\u00e9s ne savent ce qu&rsquo;elle est devenue. Sa disparition irrite m\u00eame vivement son souteneur, l&rsquo;imposant Am\u00e9d\u00e9e. Flairant une affaire d&rsquo;Etat d&rsquo;extr\u00eame importance, \u00ab la Torpille \u00bb a, de son c\u00f4t\u00e9, entrepris d&rsquo;enqu\u00eater pour son propre compte. Qui est ce myst\u00e9rieux chaudronnier \u00ab\u00a0Fer Blanc\u00a0\u00bb et de quelles sources tire-t-il ses informations ? Opale s&rsquo;est-elle d\u00e9bin\u00e9e avec son butin et en a-t-elle d\u00e9couvert le secret ?<\/div>\n<\/td>\n<\/tr>\n<tr>\n<td><\/td>\n<td style=\"text-align: center\"><a href=\"http:\/\/www.mediatheque-jeumont.fr\/opac\/index.php?lvl=etagere_see&amp;id=678\" target=\"_blank\"><strong>Cliquez sur ce lien pour d\u00e9couvrir les nouveaux titres dans la cat\u00e9gorie \u00ab\u00a0bandes dessin\u00e9es\u00a0\u00bb<\/strong><\/a><\/td>\n<\/tr>\n<\/tbody>\n<\/table>\n","protected":false},"excerpt":{"rendered":"<p>La m\u00e9diath\u00e8que est heureuse de vous proposer ses nouveaut\u00e9s pour cette fin d&rsquo;ann\u00e9e, avec, entre autre, les principaux prix litt\u00e9raires : le Goncourt avec Lydie Salvaire \u00a0\u00bb Pas pleurer\u00a0\u00bb ; le Renaudot avec David Foenkinos \u00ab\u00a0Charlotte\u00a0\u00bb ; le Femina avec Yannick Lahens \u00a0\u00bb Bain de lune\u00a0\u00bb ; le M\u00e9dicis avec Antoine Volodine \u00ab\u00a0Terminus radieux\u00a0\u00bb et [&#8230;]<\/p>\n","protected":false},"author":7,"featured_media":0,"comment_status":"closed","ping_status":"closed","sticky":false,"template":"","format":"standard","meta":{"ngg_post_thumbnail":0,"footnotes":""},"categories":[3,73,110],"tags":[],"class_list":["post-7301","post","type-post","status-publish","format-standard","hentry","category-actualite","category-coups-de-coeur-et-nouveautes","category-jeumont"],"publishpress_future_action":{"enabled":false,"date":"2026-05-05 16:04:50","action":"change-status","newStatus":"draft","terms":[],"taxonomy":"category","extraData":[]},"publishpress_future_workflow_manual_trigger":{"enabledWorkflows":[]},"_links":{"self":[{"href":"http:\/\/www.lamediatheque-jeumont.fr\/index.php?rest_route=\/wp\/v2\/posts\/7301","targetHints":{"allow":["GET"]}}],"collection":[{"href":"http:\/\/www.lamediatheque-jeumont.fr\/index.php?rest_route=\/wp\/v2\/posts"}],"about":[{"href":"http:\/\/www.lamediatheque-jeumont.fr\/index.php?rest_route=\/wp\/v2\/types\/post"}],"author":[{"embeddable":true,"href":"http:\/\/www.lamediatheque-jeumont.fr\/index.php?rest_route=\/wp\/v2\/users\/7"}],"replies":[{"embeddable":true,"href":"http:\/\/www.lamediatheque-jeumont.fr\/index.php?rest_route=%2Fwp%2Fv2%2Fcomments&post=7301"}],"version-history":[{"count":16,"href":"http:\/\/www.lamediatheque-jeumont.fr\/index.php?rest_route=\/wp\/v2\/posts\/7301\/revisions"}],"predecessor-version":[{"id":7321,"href":"http:\/\/www.lamediatheque-jeumont.fr\/index.php?rest_route=\/wp\/v2\/posts\/7301\/revisions\/7321"}],"wp:attachment":[{"href":"http:\/\/www.lamediatheque-jeumont.fr\/index.php?rest_route=%2Fwp%2Fv2%2Fmedia&parent=7301"}],"wp:term":[{"taxonomy":"category","embeddable":true,"href":"http:\/\/www.lamediatheque-jeumont.fr\/index.php?rest_route=%2Fwp%2Fv2%2Fcategories&post=7301"},{"taxonomy":"post_tag","embeddable":true,"href":"http:\/\/www.lamediatheque-jeumont.fr\/index.php?rest_route=%2Fwp%2Fv2%2Ftags&post=7301"}],"curies":[{"name":"wp","href":"https:\/\/api.w.org\/{rel}","templated":true}]}}