{"id":585,"date":"2011-02-26T11:24:00","date_gmt":"2011-02-26T10:24:00","guid":{"rendered":"http:\/\/www.lamediatheque-jeumont.fr\/?p=585"},"modified":"2015-09-24T10:59:01","modified_gmt":"2015-09-24T08:59:01","slug":"atelier-bd-2","status":"publish","type":"post","link":"http:\/\/www.lamediatheque-jeumont.fr\/?p=585","title":{"rendered":"atelier BD #2"},"content":{"rendered":"<p style=\"text-align: center;\"><img loading=\"lazy\" decoding=\"async\" class=\"size-full wp-image-587 alignnone\" title=\"animation bande dessin\u00e9e01\" src=\"http:\/\/www.lamediatheque-jeumont.fr\/wp-content\/uploads\/2011\/02\/animation-bande-dessin\u00e9e01.jpg\" alt=\"\" width=\"500\" height=\"352\" srcset=\"http:\/\/www.lamediatheque-jeumont.fr\/wp-content\/uploads\/2011\/02\/animation-bande-dessin\u00e9e01.jpg 500w, http:\/\/www.lamediatheque-jeumont.fr\/wp-content\/uploads\/2011\/02\/animation-bande-dessin\u00e9e01-300x211.jpg 300w\" sizes=\"auto, (max-width: 500px) 100vw, 500px\" \/><\/p>\n<p style=\"text-align: justify;\">Pendant les vacances de F\u00e9vrier ont eu lieu \u00e0 la m\u00e9diath\u00e8que les premi\u00e8res s\u00e9ances de l&rsquo;animation \u00ab\u00a0Dessine-moi ton quartier\u00a0\u00bb, en partenariat avec l&rsquo;association 49+ BD Francophone de Tourcoing.<br \/>\nPlanches, cases, bulles, onomatop\u00e9es et story-boards n&rsquo;auront bient\u00f4t plus de secrets pour les participants nombreux et attentifs qui ont assist\u00e9 \u00e0 cet atelier de d\u00e9couverte et de cr\u00e9ation de bande-dessin\u00e9e.<br \/>\nAu vu des premi\u00e8res esquisses, nous pouvons vous promettre une tr\u00e8s belle exposition finale !<\/p>\n<p>&nbsp;<\/p>\n<p><img loading=\"lazy\" decoding=\"async\" class=\"size-full wp-image-635 aligncenter\" title=\"anim04\" src=\"http:\/\/www.lamediatheque-jeumont.fr\/wp-content\/uploads\/2011\/02\/anim04.gif\" alt=\"\" width=\"500\" height=\"375\" srcset=\"http:\/\/www.lamediatheque-jeumont.fr\/wp-content\/uploads\/2011\/02\/anim04.gif 500w, http:\/\/www.lamediatheque-jeumont.fr\/wp-content\/uploads\/2011\/02\/anim04-300x225.gif 300w\" sizes=\"auto, (max-width: 500px) 100vw, 500px\" \/><\/p>\n","protected":false},"excerpt":{"rendered":"<p>Pendant les vacances de F\u00e9vrier ont eu lieu \u00e0 la m\u00e9diath\u00e8que les premi\u00e8res s\u00e9ances de l&rsquo;animation \u00ab\u00a0Dessine-moi ton quartier\u00a0\u00bb, en partenariat avec l&rsquo;association 49+ BD Francophone de Tourcoing.<br \/>\nPlanches, cases, bulles, onomatop\u00e9es et story-boards n&rsquo;auront bient\u00f4t plus de secrets pour les participants nombreux et attentifs qui ont assist\u00e9 \u00e0 cet atelier de d\u00e9couverte et de cr\u00e9ation [&#8230;]<\/p>\n","protected":false},"author":5,"featured_media":0,"comment_status":"closed","ping_status":"open","sticky":false,"template":"","format":"standard","meta":{"ngg_post_thumbnail":0,"footnotes":""},"categories":[3,110],"tags":[],"class_list":["post-585","post","type-post","status-publish","format-standard","hentry","category-actualite","category-jeumont"],"publishpress_future_action":{"enabled":false,"date":"2026-05-07 08:30:25","action":"change-status","newStatus":"draft","terms":[],"taxonomy":"category","extraData":[]},"publishpress_future_workflow_manual_trigger":{"enabledWorkflows":[]},"_links":{"self":[{"href":"http:\/\/www.lamediatheque-jeumont.fr\/index.php?rest_route=\/wp\/v2\/posts\/585","targetHints":{"allow":["GET"]}}],"collection":[{"href":"http:\/\/www.lamediatheque-jeumont.fr\/index.php?rest_route=\/wp\/v2\/posts"}],"about":[{"href":"http:\/\/www.lamediatheque-jeumont.fr\/index.php?rest_route=\/wp\/v2\/types\/post"}],"author":[{"embeddable":true,"href":"http:\/\/www.lamediatheque-jeumont.fr\/index.php?rest_route=\/wp\/v2\/users\/5"}],"replies":[{"embeddable":true,"href":"http:\/\/www.lamediatheque-jeumont.fr\/index.php?rest_route=%2Fwp%2Fv2%2Fcomments&post=585"}],"version-history":[{"count":22,"href":"http:\/\/www.lamediatheque-jeumont.fr\/index.php?rest_route=\/wp\/v2\/posts\/585\/revisions"}],"predecessor-version":[{"id":1433,"href":"http:\/\/www.lamediatheque-jeumont.fr\/index.php?rest_route=\/wp\/v2\/posts\/585\/revisions\/1433"}],"wp:attachment":[{"href":"http:\/\/www.lamediatheque-jeumont.fr\/index.php?rest_route=%2Fwp%2Fv2%2Fmedia&parent=585"}],"wp:term":[{"taxonomy":"category","embeddable":true,"href":"http:\/\/www.lamediatheque-jeumont.fr\/index.php?rest_route=%2Fwp%2Fv2%2Fcategories&post=585"},{"taxonomy":"post_tag","embeddable":true,"href":"http:\/\/www.lamediatheque-jeumont.fr\/index.php?rest_route=%2Fwp%2Fv2%2Ftags&post=585"}],"curies":[{"name":"wp","href":"https:\/\/api.w.org\/{rel}","templated":true}]}}