{"id":5805,"date":"2013-12-04T16:17:55","date_gmt":"2013-12-04T15:17:55","guid":{"rendered":"http:\/\/www.lamediatheque-jeumont.fr\/?p=5805"},"modified":"2015-09-24T10:57:31","modified_gmt":"2015-09-24T08:57:31","slug":"exposition-jeumont-dhier-a-aujourdhui-prolongee-jusquau-21-decembre","status":"publish","type":"post","link":"http:\/\/www.lamediatheque-jeumont.fr\/?p=5805","title":{"rendered":"exposition \u00ab\u00a0Jeumont d&rsquo;hier \u00e0 aujourd&rsquo;hui\u00a0\u00bb prolong\u00e9e jusqu&rsquo;au 21 d\u00e9cembre"},"content":{"rendered":"<h2><img loading=\"lazy\" decoding=\"async\" class=\"aligncenter  wp-image-5809\" style=\"border: 0pt none; margin: 0px;\" alt=\"\" src=\"http:\/\/www.lamediatheque-jeumont.fr\/wp-content\/uploads\/2013\/12\/invitation-MEMOIRE-VIVANTE1.jpg\" width=\"609\" height=\"268\" srcset=\"http:\/\/www.lamediatheque-jeumont.fr\/wp-content\/uploads\/2013\/12\/invitation-MEMOIRE-VIVANTE1.jpg 1128w, http:\/\/www.lamediatheque-jeumont.fr\/wp-content\/uploads\/2013\/12\/invitation-MEMOIRE-VIVANTE1-350x153.jpg 350w, http:\/\/www.lamediatheque-jeumont.fr\/wp-content\/uploads\/2013\/12\/invitation-MEMOIRE-VIVANTE1-1024x450.jpg 1024w\" sizes=\"auto, (max-width: 609px) 100vw, 609px\" \/><\/h2>\n<h2 style=\"text-align: justify;\"><span style=\"color: #333300;\"><span style=\"color: #808080;\">L&rsquo;exposition<\/span> <span style=\"color: #993300;\">\u00ab\u00a0Jeumont d&rsquo;hier \u00e0 aujourd&rsquo;hui\u00a0\u00bb<\/span><span style=\"color: #808080;\"> r\u00e9alis\u00e9e par le collectif <span style=\"color: #993300;\">\u00ab\u00a0M\u00e9moire Vivante\u00a0\u00bb<\/span> connait depuis deux semaines un succ\u00e8s au-del\u00e0 de nos esp\u00e9rances. Aussi, pour permettre au plus grand nombre de pouvoir venir la d\u00e9couvrir \u00e0 la m\u00e9diath\u00e8que, celle-ci est prolong\u00e9e<\/span> <span style=\"color: #993300;\">jusqu&rsquo;au 21 d\u00e9cembre.<\/span><\/span><\/h2>\n","protected":false},"excerpt":{"rendered":"<p>L&rsquo;exposition \u00ab\u00a0Jeumont d&rsquo;hier \u00e0 aujourd&rsquo;hui\u00a0\u00bb r\u00e9alis\u00e9e par le collectif \u00ab\u00a0M\u00e9moire Vivante\u00a0\u00bb connait depuis deux semaines un succ\u00e8s au-del\u00e0 de nos esp\u00e9rances. Aussi, pour permettre au plus grand nombre de pouvoir venir la d\u00e9couvrir \u00e0 la m\u00e9diath\u00e8que, celle-ci est prolong\u00e9e jusqu&rsquo;au 21 d\u00e9cembre.<\/p>\n","protected":false},"author":3,"featured_media":0,"comment_status":"closed","ping_status":"open","sticky":false,"template":"","format":"standard","meta":{"ngg_post_thumbnail":0,"footnotes":""},"categories":[3,98,91,110],"tags":[],"class_list":["post-5805","post","type-post","status-publish","format-standard","hentry","category-actualite","category-spectacle","category-memoire-vivante","category-jeumont"],"publishpress_future_action":{"enabled":false,"date":"2026-05-06 05:01:35","action":"change-status","newStatus":"draft","terms":[],"taxonomy":"category","extraData":[]},"publishpress_future_workflow_manual_trigger":{"enabledWorkflows":[]},"_links":{"self":[{"href":"http:\/\/www.lamediatheque-jeumont.fr\/index.php?rest_route=\/wp\/v2\/posts\/5805","targetHints":{"allow":["GET"]}}],"collection":[{"href":"http:\/\/www.lamediatheque-jeumont.fr\/index.php?rest_route=\/wp\/v2\/posts"}],"about":[{"href":"http:\/\/www.lamediatheque-jeumont.fr\/index.php?rest_route=\/wp\/v2\/types\/post"}],"author":[{"embeddable":true,"href":"http:\/\/www.lamediatheque-jeumont.fr\/index.php?rest_route=\/wp\/v2\/users\/3"}],"replies":[{"embeddable":true,"href":"http:\/\/www.lamediatheque-jeumont.fr\/index.php?rest_route=%2Fwp%2Fv2%2Fcomments&post=5805"}],"version-history":[{"count":6,"href":"http:\/\/www.lamediatheque-jeumont.fr\/index.php?rest_route=\/wp\/v2\/posts\/5805\/revisions"}],"predecessor-version":[{"id":5813,"href":"http:\/\/www.lamediatheque-jeumont.fr\/index.php?rest_route=\/wp\/v2\/posts\/5805\/revisions\/5813"}],"wp:attachment":[{"href":"http:\/\/www.lamediatheque-jeumont.fr\/index.php?rest_route=%2Fwp%2Fv2%2Fmedia&parent=5805"}],"wp:term":[{"taxonomy":"category","embeddable":true,"href":"http:\/\/www.lamediatheque-jeumont.fr\/index.php?rest_route=%2Fwp%2Fv2%2Fcategories&post=5805"},{"taxonomy":"post_tag","embeddable":true,"href":"http:\/\/www.lamediatheque-jeumont.fr\/index.php?rest_route=%2Fwp%2Fv2%2Ftags&post=5805"}],"curies":[{"name":"wp","href":"https:\/\/api.w.org\/{rel}","templated":true}]}}