{"id":5751,"date":"2013-11-07T10:01:11","date_gmt":"2013-11-07T09:01:11","guid":{"rendered":"http:\/\/www.lamediatheque-jeumont.fr\/?p=5751"},"modified":"2015-09-24T10:57:31","modified_gmt":"2015-09-24T08:57:31","slug":"bientot-decembre-et-son-lot-de-jolies-surprises","status":"publish","type":"post","link":"http:\/\/www.lamediatheque-jeumont.fr\/?p=5751","title":{"rendered":"bient\u00f4t d\u00e9cembre et son lot de jolies surprises !&#8230;"},"content":{"rendered":"<table>\n<tbody>\n<tr>\n<td width=\"330\"><strong><img loading=\"lazy\" decoding=\"async\" class=\"alignleft  wp-image-5538\" alt=\"Panique1\" src=\"http:\/\/www.lamediatheque-jeumont.fr\/wp-content\/uploads\/2013\/09\/Panique1-350x262.jpg\" width=\"293\" height=\"221\" \/><\/strong><\/td>\n<td style=\"text-align: justify;\" width=\"330\">\n<h4 style=\"text-align: center;\"><span style=\"color: #179536;\"><strong>Afin de cl\u00f4turer l&rsquo;ann\u00e9e 2013 en beaut\u00e9, votre M\u00e9diath\u00e8que vous propose deux jolis spectacles (<em>\u00ab\u00a0L&rsquo;ArbraLivre\u00a0\u00bb<\/em> et <em>\u00ab\u00a0Panique chez le P\u00e8re No\u00ebl\u00a0\u00bb<\/em>), et un atelier cr\u00e9atif sur le th\u00e8me de No\u00ebl <\/strong><\/span><\/h4>\n<h4 style=\"text-align: center;\"><span style=\"color: #ff0000;\">\u00a0<strong><a href=\"http:\/\/www.calameo.com\/read\/000807532333f43472a89\" target=\"_blank\"><span style=\"color: #ff0000;\">D\u00e9couvrez notre programme<br \/>\nen cliquant sur ce lien !&#8230;<\/span><\/a><\/strong><\/span><\/h4>\n<h4 style=\"text-align: center;\"><span style=\"color: #333333;\">\u00a0<span style=\"color: #808080;\"><strong>Les inscriptions seront ouvertes<br \/>\n<\/strong><strong>\u00e0 partir du mardi 12 novembre !<\/strong><\/span><\/span><\/h4>\n<\/td>\n<\/tr>\n<tr>\n<td width=\"50%\">\n<h4 style=\"text-align: center;\"><span style=\"color: #99cc00;\"><strong><br \/>\n<span style=\"color: #008000;\">Entr\u00e9e gratuite sur r\u00e9servation<\/span><\/strong><\/span><\/h4>\n<h4 style=\"text-align: center;\"><span style=\"color: #4c9701;\"><strong><span style=\"color: #ff0000;\">Attention : places en nombre limit\u00e9 r\u00e9serv\u00e9es <\/span><span style=\"color: #ff0000;\">en priorit\u00e9 aux adh\u00e9rents de la m\u00e9diath\u00e8que !<\/span><br \/>\n<\/strong><\/span><\/h4>\n<h4 style=\"text-align: center;\"><span style=\"color: #808080;\"><strong>Renseignements et inscriptions<br \/>\n\u00e0 la banque d&rsquo;accueil ou au 03.27.58.13.54<\/strong><\/span><\/h4>\n<address style=\"text-align: justify;\">\u00a0<\/address>\n<h2><strong>\u00a0<\/strong><\/h2>\n<\/td>\n<td width=\"50%\"><strong><img loading=\"lazy\" decoding=\"async\" class=\"alignleft  wp-image-5770\" alt=\"Panique d\u00e9cor\" src=\"http:\/\/www.lamediatheque-jeumont.fr\/wp-content\/uploads\/2013\/11\/Panique-d\u00e9cor-350x176.jpg\" width=\"315\" height=\"158\" srcset=\"http:\/\/www.lamediatheque-jeumont.fr\/wp-content\/uploads\/2013\/11\/Panique-d\u00e9cor-350x176.jpg 350w, http:\/\/www.lamediatheque-jeumont.fr\/wp-content\/uploads\/2013\/11\/Panique-d\u00e9cor-1024x516.jpg 1024w, http:\/\/www.lamediatheque-jeumont.fr\/wp-content\/uploads\/2013\/11\/Panique-d\u00e9cor.jpg 1740w\" sizes=\"auto, (max-width: 315px) 100vw, 315px\" \/><\/strong><\/td>\n<\/tr>\n<\/tbody>\n<\/table>\n<p>&nbsp;<\/p>\n","protected":false},"excerpt":{"rendered":"<p>Afin de cl\u00f4turer l&rsquo;ann\u00e9e 2013 en beaut\u00e9, votre M\u00e9diath\u00e8que vous propose deux jolis spectacles (\u00ab\u00a0L&rsquo;ArbraLivre\u00a0\u00bb et \u00ab\u00a0Panique chez le P\u00e8re No\u00ebl\u00a0\u00bb), et un atelier cr\u00e9atif sur le th\u00e8me de No\u00ebl<br \/>\n\u00a0D\u00e9couvrez notre programme<br \/>\nen cliquant sur ce lien !&#8230;<br \/>\n\u00a0Les inscriptions seront ouvertes<br \/>\n\u00e0 partir du mardi 12 novembre !<\/p>\n<p>Entr\u00e9e gratuite sur r\u00e9servation<br \/>\nAttention : places en nombre limit\u00e9 [&#8230;]<\/p>\n","protected":false},"author":2,"featured_media":0,"comment_status":"closed","ping_status":"open","sticky":false,"template":"","format":"standard","meta":{"ngg_post_thumbnail":0,"footnotes":""},"categories":[3,98,110],"tags":[],"class_list":["post-5751","post","type-post","status-publish","format-standard","hentry","category-actualite","category-spectacle","category-jeumont"],"publishpress_future_action":{"enabled":false,"date":"2026-05-08 18:18:13","action":"change-status","newStatus":"draft","terms":[],"taxonomy":"category","extraData":[]},"publishpress_future_workflow_manual_trigger":{"enabledWorkflows":[]},"_links":{"self":[{"href":"http:\/\/www.lamediatheque-jeumont.fr\/index.php?rest_route=\/wp\/v2\/posts\/5751","targetHints":{"allow":["GET"]}}],"collection":[{"href":"http:\/\/www.lamediatheque-jeumont.fr\/index.php?rest_route=\/wp\/v2\/posts"}],"about":[{"href":"http:\/\/www.lamediatheque-jeumont.fr\/index.php?rest_route=\/wp\/v2\/types\/post"}],"author":[{"embeddable":true,"href":"http:\/\/www.lamediatheque-jeumont.fr\/index.php?rest_route=\/wp\/v2\/users\/2"}],"replies":[{"embeddable":true,"href":"http:\/\/www.lamediatheque-jeumont.fr\/index.php?rest_route=%2Fwp%2Fv2%2Fcomments&post=5751"}],"version-history":[{"count":21,"href":"http:\/\/www.lamediatheque-jeumont.fr\/index.php?rest_route=\/wp\/v2\/posts\/5751\/revisions"}],"predecessor-version":[{"id":5970,"href":"http:\/\/www.lamediatheque-jeumont.fr\/index.php?rest_route=\/wp\/v2\/posts\/5751\/revisions\/5970"}],"wp:attachment":[{"href":"http:\/\/www.lamediatheque-jeumont.fr\/index.php?rest_route=%2Fwp%2Fv2%2Fmedia&parent=5751"}],"wp:term":[{"taxonomy":"category","embeddable":true,"href":"http:\/\/www.lamediatheque-jeumont.fr\/index.php?rest_route=%2Fwp%2Fv2%2Fcategories&post=5751"},{"taxonomy":"post_tag","embeddable":true,"href":"http:\/\/www.lamediatheque-jeumont.fr\/index.php?rest_route=%2Fwp%2Fv2%2Ftags&post=5751"}],"curies":[{"name":"wp","href":"https:\/\/api.w.org\/{rel}","templated":true}]}}