{"id":538,"date":"2011-02-18T15:44:49","date_gmt":"2011-02-18T14:44:49","guid":{"rendered":"http:\/\/www.lamediatheque-jeumont.fr\/?p=538"},"modified":"2018-05-03T14:52:35","modified_gmt":"2018-05-03T12:52:35","slug":"jacques-viesvil-via-la-plume-vagabonde","status":"publish","type":"post","link":"http:\/\/www.lamediatheque-jeumont.fr\/?p=538","title":{"rendered":"Jacques Viesvil via La Plume Vagabonde"},"content":{"rendered":"<p>Dans le cadre du \u00ab\u00a0Printemps des Po\u00e8tes\u00a0\u00bb, le Jeudi 10 Mars prochain, nous accueillerons \u00e0 la m\u00e9diath\u00e8que de Jeumont, par l&rsquo;interm\u00e9diaire de \u00ab\u00a0La Plume Vagabonde\u00a0\u00bb d&rsquo;Erquelinnes :<\/p>\n<p><span style=\"color: #008080;\"><strong>Monsieur Jacques VIESVIL<\/strong><\/span><\/p>\n<p>po\u00e8te, \u00e9crivain, auteur dramatique et parolier, qui viendra nous pr\u00e9senter son recueil :<\/p>\n<p><strong><span style=\"color: #008080;\"><em>Le Chemin de l&rsquo;Eau<\/em><\/span><\/strong><\/p>\n<p><span style=\"color: #000000;\">parcours po\u00e9tique et initiatique en Val-de-Sambre.<\/span><\/p>\n<p><span style=\"color: #000000;\">Entr\u00e9e gratuite &#8211;<\/span><strong><span style=\"color: #008080;\"><em> <\/em><\/span><\/strong><\/p>\n<p style=\"text-align: center;\"><strong><span style=\"color: #008080;\"><em><img loading=\"lazy\" decoding=\"async\" class=\"aligncenter size-full wp-image-1099\" title=\"affiche-plume-vagabonde500\" src=\"http:\/\/www.lamediatheque-jeumont.fr\/wp-content\/uploads\/2011\/02\/affiche-plume-vagabonde5001.jpg\" alt=\"\" width=\"500\" height=\"707\" srcset=\"http:\/\/www.lamediatheque-jeumont.fr\/wp-content\/uploads\/2011\/02\/affiche-plume-vagabonde5001.jpg 500w, http:\/\/www.lamediatheque-jeumont.fr\/wp-content\/uploads\/2011\/02\/affiche-plume-vagabonde5001-212x300.jpg 212w\" sizes=\"auto, (max-width: 500px) 100vw, 500px\" \/><\/em><\/span><\/strong><\/p>\n<p style=\"text-align: justify;\">&nbsp;<\/p>\n<p style=\"text-align: justify;\"><span style=\"color: #666699;\"><em>Po\u00e8te,  parolier, nouvelliste, sc\u00e9nariste,<span style=\"color: #666699;\"> <\/span><\/em><\/span><span style=\"color: #800080;\"><em><span style=\"color: #666699;\">Jacques Viesvil<\/span> <\/em><\/span><span style=\"color: #666699;\"><em>entre en  po\u00e9sie d\u00e8s l\u2019\u00e2ge de 15 ans. Une passion toute en  rigueur qui le m\u00e8nera, par livres  et par chansons, de la po\u00e9sie au  th\u00e9\u00e2tre. Il fut entre autres, Laur\u00e9at du Grand Prix International de Po\u00e9sie de la Soci\u00e9t\u00e9 des Po\u00e8tes et Artistes de France, et du Prix International de Po\u00e9sie L\u00e9opold S\u00e9dar Senghor.<\/em><\/span><\/p>\n<p style=\"text-align: justify;\"><span style=\"color: #666699;\"><em><br \/>\n<\/em><\/span><\/p>\n","protected":false},"excerpt":{"rendered":"<p>Dans le cadre du \u00ab\u00a0Printemps des Po\u00e8tes\u00a0\u00bb, le Jeudi 10 Mars prochain, nous accueillerons \u00e0 la m\u00e9diath\u00e8que de Jeumont, par l&rsquo;interm\u00e9diaire de \u00ab\u00a0La Plume Vagabonde\u00a0\u00bb d&rsquo;Erquelinnes :<br \/>\nMonsieur Jacques VIESVIL<br \/>\npo\u00e8te, \u00e9crivain, auteur dramatique et parolier, qui viendra nous pr\u00e9senter son recueil :<br \/>\nLe Chemin de l&rsquo;Eau<br \/>\nparcours po\u00e9tique et initiatique en Val-de-Sambre.<br \/>\nEntr\u00e9e gratuite &#8211; <\/p>\n<p>&nbsp;<br \/>\nPo\u00e8te,  parolier, nouvelliste, [&#8230;]<\/p>\n","protected":false},"author":1,"featured_media":0,"comment_status":"closed","ping_status":"open","sticky":false,"template":"","format":"standard","meta":{"ngg_post_thumbnail":0,"footnotes":""},"categories":[3,110],"tags":[],"class_list":["post-538","post","type-post","status-publish","format-standard","hentry","category-actualite","category-jeumont"],"publishpress_future_action":{"enabled":false,"date":"2026-05-07 07:26:27","action":"change-status","newStatus":"draft","terms":[],"taxonomy":"category","extraData":[]},"publishpress_future_workflow_manual_trigger":{"enabledWorkflows":[]},"_links":{"self":[{"href":"http:\/\/www.lamediatheque-jeumont.fr\/index.php?rest_route=\/wp\/v2\/posts\/538","targetHints":{"allow":["GET"]}}],"collection":[{"href":"http:\/\/www.lamediatheque-jeumont.fr\/index.php?rest_route=\/wp\/v2\/posts"}],"about":[{"href":"http:\/\/www.lamediatheque-jeumont.fr\/index.php?rest_route=\/wp\/v2\/types\/post"}],"author":[{"embeddable":true,"href":"http:\/\/www.lamediatheque-jeumont.fr\/index.php?rest_route=\/wp\/v2\/users\/1"}],"replies":[{"embeddable":true,"href":"http:\/\/www.lamediatheque-jeumont.fr\/index.php?rest_route=%2Fwp%2Fv2%2Fcomments&post=538"}],"version-history":[{"count":31,"href":"http:\/\/www.lamediatheque-jeumont.fr\/index.php?rest_route=\/wp\/v2\/posts\/538\/revisions"}],"predecessor-version":[{"id":6647,"href":"http:\/\/www.lamediatheque-jeumont.fr\/index.php?rest_route=\/wp\/v2\/posts\/538\/revisions\/6647"}],"wp:attachment":[{"href":"http:\/\/www.lamediatheque-jeumont.fr\/index.php?rest_route=%2Fwp%2Fv2%2Fmedia&parent=538"}],"wp:term":[{"taxonomy":"category","embeddable":true,"href":"http:\/\/www.lamediatheque-jeumont.fr\/index.php?rest_route=%2Fwp%2Fv2%2Fcategories&post=538"},{"taxonomy":"post_tag","embeddable":true,"href":"http:\/\/www.lamediatheque-jeumont.fr\/index.php?rest_route=%2Fwp%2Fv2%2Ftags&post=538"}],"curies":[{"name":"wp","href":"https:\/\/api.w.org\/{rel}","templated":true}]}}