{"id":5347,"date":"2013-07-10T20:01:08","date_gmt":"2013-07-10T18:01:08","guid":{"rendered":"http:\/\/www.lamediatheque-jeumont.fr\/?p=5347"},"modified":"2015-09-24T10:57:32","modified_gmt":"2015-09-24T08:57:32","slug":"marc-dugain-avenue-des-geants","status":"publish","type":"post","link":"http:\/\/www.lamediatheque-jeumont.fr\/?p=5347","title":{"rendered":"Marc DUGAIN &#8211; Avenue des g\u00e9ants"},"content":{"rendered":"<table>\n<tbody>\n<tr>\n<td><a href=\"http:\/\/www.mediatheque-jeumont.fr\/opac\/index.php?lvl=author_see&amp;id=1380\" target=\"_blank\"><img loading=\"lazy\" decoding=\"async\" class=\"aligncenter  wp-image-5357\" style=\"border: 0px none currentcolor;margin-top: 0px;margin-bottom: 0px\" alt=\"\" src=\"http:\/\/www.lamediatheque-jeumont.fr\/wp-content\/uploads\/2013\/07\/Marc_Dugain2.jpg\" width=\"309\" height=\"333\" srcset=\"http:\/\/www.lamediatheque-jeumont.fr\/wp-content\/uploads\/2013\/07\/Marc_Dugain2.jpg 536w, http:\/\/www.lamediatheque-jeumont.fr\/wp-content\/uploads\/2013\/07\/Marc_Dugain2-325x350.jpg 325w\" sizes=\"auto, (max-width: 309px) 100vw, 309px\" \/><\/a><\/td>\n<td>Al Kenner, adolescent de 15 ans\u00a0 \u00e0 la taille hors-norme, vit chez ses grands-parents paternels dans le Montana.<\/p>\n<p style=\"text-align: justify\">Maltrait\u00e9 par sa m\u00e8re, il assassine un jour froidement ses grands-parents, s&rsquo;enfuit en moto et se d\u00e9nonce \u00e0 la police. Retenu en asile psychiatrique pendant 5 ans, il recouvre sa libert\u00e9 et doit alors affronter ses d\u00e9mons.<\/p>\n<p style=\"text-align: justify\"><strong>Marc Dugain<\/strong> d\u00e9crit dans ce livre la vie de ce tueur en s\u00e9rie, m\u00ealant\u00a0 adroitement les rouages de la psychose meurtri\u00e8re et une part de non-dit.<\/p>\n<p style=\"text-align: justify\">Tir\u00e9 d&rsquo;une histoire vraie, ce roman-confession \u00e9poustouflant refl\u00e8te aussi les grands espaces am\u00e9ricains et l&rsquo;arriv\u00e9e du mouvement \u00ab\u00a0peace and love\u00a0\u00bb.<\/p>\n<p style=\"text-align: justify\"><strong>A lire absolument !&#8230;<\/strong><\/p>\n<\/td>\n<\/tr>\n<tr>\n<td>\u00a0<a href=\"http:\/\/www.mediatheque-jeumont.fr\/opac\/index.php?lvl=author_see&amp;id=1380\" target=\"_blank\"><strong>Cliquez sur ce lien pour consulter notre catalogue en ligne<\/strong><\/a><\/td>\n<\/tr>\n<\/tbody>\n<\/table>\n","protected":false},"excerpt":{"rendered":"<p>Al Kenner, adolescent de 15 ans\u00a0 \u00e0 la taille hors-norme, vit chez ses grands-parents paternels dans le Montana.<br \/>\nMaltrait\u00e9 par sa m\u00e8re, il assassine un jour froidement ses grands-parents, s&rsquo;enfuit en moto et se d\u00e9nonce \u00e0 la police. Retenu en asile psychiatrique pendant 5 ans, il recouvre sa libert\u00e9 et doit alors affronter ses d\u00e9mons.<br \/>\nMarc Dugain [&#8230;]<\/p>\n","protected":false},"author":7,"featured_media":0,"comment_status":"closed","ping_status":"open","sticky":false,"template":"","format":"standard","meta":{"ngg_post_thumbnail":0,"footnotes":""},"categories":[73,110],"tags":[],"class_list":["post-5347","post","type-post","status-publish","format-standard","hentry","category-coups-de-coeur-et-nouveautes","category-jeumont"],"publishpress_future_action":{"enabled":false,"date":"2026-05-05 17:33:44","action":"change-status","newStatus":"draft","terms":[],"taxonomy":"category","extraData":[]},"publishpress_future_workflow_manual_trigger":{"enabledWorkflows":[]},"_links":{"self":[{"href":"http:\/\/www.lamediatheque-jeumont.fr\/index.php?rest_route=\/wp\/v2\/posts\/5347","targetHints":{"allow":["GET"]}}],"collection":[{"href":"http:\/\/www.lamediatheque-jeumont.fr\/index.php?rest_route=\/wp\/v2\/posts"}],"about":[{"href":"http:\/\/www.lamediatheque-jeumont.fr\/index.php?rest_route=\/wp\/v2\/types\/post"}],"author":[{"embeddable":true,"href":"http:\/\/www.lamediatheque-jeumont.fr\/index.php?rest_route=\/wp\/v2\/users\/7"}],"replies":[{"embeddable":true,"href":"http:\/\/www.lamediatheque-jeumont.fr\/index.php?rest_route=%2Fwp%2Fv2%2Fcomments&post=5347"}],"version-history":[{"count":14,"href":"http:\/\/www.lamediatheque-jeumont.fr\/index.php?rest_route=\/wp\/v2\/posts\/5347\/revisions"}],"predecessor-version":[{"id":6656,"href":"http:\/\/www.lamediatheque-jeumont.fr\/index.php?rest_route=\/wp\/v2\/posts\/5347\/revisions\/6656"}],"wp:attachment":[{"href":"http:\/\/www.lamediatheque-jeumont.fr\/index.php?rest_route=%2Fwp%2Fv2%2Fmedia&parent=5347"}],"wp:term":[{"taxonomy":"category","embeddable":true,"href":"http:\/\/www.lamediatheque-jeumont.fr\/index.php?rest_route=%2Fwp%2Fv2%2Fcategories&post=5347"},{"taxonomy":"post_tag","embeddable":true,"href":"http:\/\/www.lamediatheque-jeumont.fr\/index.php?rest_route=%2Fwp%2Fv2%2Ftags&post=5347"}],"curies":[{"name":"wp","href":"https:\/\/api.w.org\/{rel}","templated":true}]}}