{"id":5298,"date":"2013-07-04T16:55:01","date_gmt":"2013-07-04T14:55:01","guid":{"rendered":"http:\/\/www.lamediatheque-jeumont.fr\/?p=5298"},"modified":"2015-09-24T10:57:32","modified_gmt":"2015-09-24T08:57:32","slug":"rendez-vous-sans-faute-2","status":"publish","type":"post","link":"http:\/\/www.lamediatheque-jeumont.fr\/?p=5298","title":{"rendered":"rendez-vous sans faute !&#8230;"},"content":{"rendered":"<table>\n<tbody>\n<tr>\n<td>\n<p style=\"text-align: justify;\"><a href=\"http:\/\/www.lamediatheque-jeumont.fr\/wp-content\/uploads\/2013\/07\/participants-\u00e0-la-dict\u00e9e_-4.jpg\"><img loading=\"lazy\" decoding=\"async\" class=\"alignleft size-medium wp-image-5312\" style=\"margin-left: 10px; margin-right: 10px;\" alt=\"participants \u00e0 la dict\u00e9e_ 4\" src=\"http:\/\/www.lamediatheque-jeumont.fr\/wp-content\/uploads\/2013\/07\/participants-\u00e0-la-dict\u00e9e_-4-350x231.jpg\" width=\"350\" height=\"231\" srcset=\"http:\/\/www.lamediatheque-jeumont.fr\/wp-content\/uploads\/2013\/07\/participants-\u00e0-la-dict\u00e9e_-4-350x231.jpg 350w, http:\/\/www.lamediatheque-jeumont.fr\/wp-content\/uploads\/2013\/07\/participants-\u00e0-la-dict\u00e9e_-4.jpg 800w\" sizes=\"auto, (max-width: 350px) 100vw, 350px\" \/><\/a><\/p>\n<p style=\"text-align: justify;\">Il fallait du cran avec un grand C pour participer \u00e0 la dict\u00e9e (avec un grand D) choisie avec grand soin par les biblioth\u00e9caires pour cette premi\u00e8re \u00e9dition.<\/p>\n<p style=\"text-align: justify;\">En effet, pas facile de \u00ab\u00a0plancher\u00a0\u00bb (presque) dans des conditions d&rsquo;examen pendant pr\u00e8s de 30 minutes, sur un texte aux nombreux pi\u00e8ges, tant sur le plan grammatical que sur celui du vocabulaire, de la conjugaison et surtout de la ponctuation !<\/p>\n<p style=\"text-align: justify;\">Mais les participants se sont obstin\u00e9s ! et ils ont bien fait !<\/p>\n<p style=\"text-align: justify;\">R\u00e9sultat, tous sont m\u00e9ritants, mais il fallait d\u00e9signer 3 d&rsquo;entre eux, et ce sont ceux qui,\u00a0 avec un nombre de fautes moindre se sont distingu\u00e9s :<\/p>\n<\/td>\n<\/tr>\n<tr>\n<td>\n<ol style=\"text-align: justify;\">\n<li><strong>Mme Fran\u00e7oise Williame<\/strong><\/li>\n<li><strong>Mme Laurence Dussenne<\/strong><\/li>\n<li><strong>Mr Paul Saletes<\/strong><\/li>\n<\/ol>\n<p style=\"text-align: center;\"><a href=\"http:\/\/www.lamediatheque-jeumont.fr\/wp-content\/uploads\/2013\/07\/1\u00e8re-et-2\u00e8me-de-la-dict\u00e9e-2013.jpg\"><img loading=\"lazy\" decoding=\"async\" class=\"size-medium wp-image-5319 aligncenter\" alt=\"1\u00e8re et 2\u00e8me de la dict\u00e9e 2013\" src=\"http:\/\/www.lamediatheque-jeumont.fr\/wp-content\/uploads\/2013\/07\/1\u00e8re-et-2\u00e8me-de-la-dict\u00e9e-2013-350x231.jpg\" width=\"350\" height=\"231\" srcset=\"http:\/\/www.lamediatheque-jeumont.fr\/wp-content\/uploads\/2013\/07\/1\u00e8re-et-2\u00e8me-de-la-dict\u00e9e-2013-350x231.jpg 350w, http:\/\/www.lamediatheque-jeumont.fr\/wp-content\/uploads\/2013\/07\/1\u00e8re-et-2\u00e8me-de-la-dict\u00e9e-2013.jpg 800w\" sizes=\"auto, (max-width: 350px) 100vw, 350px\" \/><\/a><\/p>\n<p style=\"text-align: justify;\">Apr\u00e8s le pot de l&rsquo;amiti\u00e9, et la remise des r\u00e9compenses pour la dict\u00e9e et le concours de lecture, nos \u00ab\u00a0accros\u00a0\u00bb \u00e0 l&rsquo;orthographe ont pu profiter dans la joie et la bonne humeur du concert des Plastic Tropic.<\/p>\n<\/td>\n<\/tr>\n<tr>\n<td>\n<p style=\"text-align: justify;\"><a href=\"http:\/\/www.lamediatheque-jeumont.fr\/wp-content\/uploads\/2013\/07\/participants-\u00e0-la-dict\u00e9e_-3.jpg\"><img loading=\"lazy\" decoding=\"async\" class=\"size-medium wp-image-5313 alignright\" alt=\"participants \u00e0 la dict\u00e9e_ 3\" src=\"http:\/\/www.lamediatheque-jeumont.fr\/wp-content\/uploads\/2013\/07\/participants-\u00e0-la-dict\u00e9e_-3-350x231.jpg\" width=\"350\" height=\"231\" srcset=\"http:\/\/www.lamediatheque-jeumont.fr\/wp-content\/uploads\/2013\/07\/participants-\u00e0-la-dict\u00e9e_-3-350x231.jpg 350w, http:\/\/www.lamediatheque-jeumont.fr\/wp-content\/uploads\/2013\/07\/participants-\u00e0-la-dict\u00e9e_-3.jpg 800w\" sizes=\"auto, (max-width: 350px) 100vw, 350px\" \/><\/a><\/p>\n<p style=\"text-align: justify;\">Bravo \u00e0 ces gagnants et \u00e0 tous les participants ! Nous esp\u00e9rons qu&rsquo;ils feront des \u00e9mules et vous donnons rendez-vous pour la dict\u00e9e 2014.<\/p>\n<\/td>\n<\/tr>\n<\/tbody>\n<\/table>\n","protected":false},"excerpt":{"rendered":"<p>Il fallait du cran avec un grand C pour participer \u00e0 la dict\u00e9e (avec un grand D) choisie avec grand soin par les biblioth\u00e9caires pour cette premi\u00e8re \u00e9dition.<br \/>\nEn effet, pas facile de \u00ab\u00a0plancher\u00a0\u00bb (presque) dans des conditions d&rsquo;examen pendant pr\u00e8s de 30 minutes, sur un texte aux nombreux pi\u00e8ges, tant sur le plan grammatical que [&#8230;]<\/p>\n","protected":false},"author":7,"featured_media":0,"comment_status":"closed","ping_status":"open","sticky":false,"template":"","format":"standard","meta":{"ngg_post_thumbnail":0,"footnotes":""},"categories":[3,98,110],"tags":[103],"class_list":["post-5298","post","type-post","status-publish","format-standard","hentry","category-actualite","category-spectacle","category-jeumont","tag-adultes"],"publishpress_future_action":{"enabled":false,"date":"2026-05-05 17:29:34","action":"change-status","newStatus":"draft","terms":[],"taxonomy":"category","extraData":[]},"publishpress_future_workflow_manual_trigger":{"enabledWorkflows":[]},"_links":{"self":[{"href":"http:\/\/www.lamediatheque-jeumont.fr\/index.php?rest_route=\/wp\/v2\/posts\/5298","targetHints":{"allow":["GET"]}}],"collection":[{"href":"http:\/\/www.lamediatheque-jeumont.fr\/index.php?rest_route=\/wp\/v2\/posts"}],"about":[{"href":"http:\/\/www.lamediatheque-jeumont.fr\/index.php?rest_route=\/wp\/v2\/types\/post"}],"author":[{"embeddable":true,"href":"http:\/\/www.lamediatheque-jeumont.fr\/index.php?rest_route=\/wp\/v2\/users\/7"}],"replies":[{"embeddable":true,"href":"http:\/\/www.lamediatheque-jeumont.fr\/index.php?rest_route=%2Fwp%2Fv2%2Fcomments&post=5298"}],"version-history":[{"count":22,"href":"http:\/\/www.lamediatheque-jeumont.fr\/index.php?rest_route=\/wp\/v2\/posts\/5298\/revisions"}],"predecessor-version":[{"id":5333,"href":"http:\/\/www.lamediatheque-jeumont.fr\/index.php?rest_route=\/wp\/v2\/posts\/5298\/revisions\/5333"}],"wp:attachment":[{"href":"http:\/\/www.lamediatheque-jeumont.fr\/index.php?rest_route=%2Fwp%2Fv2%2Fmedia&parent=5298"}],"wp:term":[{"taxonomy":"category","embeddable":true,"href":"http:\/\/www.lamediatheque-jeumont.fr\/index.php?rest_route=%2Fwp%2Fv2%2Fcategories&post=5298"},{"taxonomy":"post_tag","embeddable":true,"href":"http:\/\/www.lamediatheque-jeumont.fr\/index.php?rest_route=%2Fwp%2Fv2%2Ftags&post=5298"}],"curies":[{"name":"wp","href":"https:\/\/api.w.org\/{rel}","templated":true}]}}