{"id":5296,"date":"2013-07-09T11:30:35","date_gmt":"2013-07-09T09:30:35","guid":{"rendered":"http:\/\/www.lamediatheque-jeumont.fr\/?p=5296"},"modified":"2015-09-24T10:57:32","modified_gmt":"2015-09-24T08:57:32","slug":"resultat-du-concours-de-lecture-de-printemps-2013","status":"publish","type":"post","link":"http:\/\/www.lamediatheque-jeumont.fr\/?p=5296","title":{"rendered":"r\u00e9sultat du concours de lecture de printemps 2013"},"content":{"rendered":"<p style=\"text-align: justify;\"><a href=\"http:\/\/www.lamediatheque-jeumont.fr\/wp-content\/uploads\/2013\/07\/remise-des-dipl\u00f4mes-concours-et-dict\u00e9e.jpg\"><img loading=\"lazy\" decoding=\"async\" class=\"alignleft size-medium wp-image-5311\" style=\"margin-left: 10px; margin-right: 10px;\" alt=\"remise des dipl\u00f4mes concours et dict\u00e9e\" src=\"http:\/\/www.lamediatheque-jeumont.fr\/wp-content\/uploads\/2013\/07\/remise-des-dipl\u00f4mes-concours-et-dict\u00e9e-350x231.jpg\" width=\"350\" height=\"231\" srcset=\"http:\/\/www.lamediatheque-jeumont.fr\/wp-content\/uploads\/2013\/07\/remise-des-dipl\u00f4mes-concours-et-dict\u00e9e-350x231.jpg 350w, http:\/\/www.lamediatheque-jeumont.fr\/wp-content\/uploads\/2013\/07\/remise-des-dipl\u00f4mes-concours-et-dict\u00e9e-1024x678.jpg 1024w\" sizes=\"auto, (max-width: 350px) 100vw, 350px\" \/><\/a>Pour notre concours de lecture de printemps qui avait lieu du 12 mars au 15 juin, 10 lecteurs ont relev\u00e9 le d\u00e9fi.<\/p>\n<p style=\"text-align: justify;\">Il s&rsquo;agissait de trouver les r\u00e9ponses aux questions figurant sur un bulletin-r\u00e9ponse remis \u00e0 chaque lecteur. <strong>En lisant en 3 mois les 15 livres s\u00e9lectionn\u00e9s pour y trouver les 15 r\u00e9ponses avec pour th\u00e8me la musique<\/strong>, les lecteurs ont fait preuve de t\u00e9nacit\u00e9 et de pers\u00e9v\u00e9rance.<\/p>\n<p style=\"text-align: justify;\">Apr\u00e8s avoir tir\u00e9 au sort 3 bulletins parmi les bonnes r\u00e9ponses, le verre de l&rsquo;amiti\u00e9 attendait biblioth\u00e9caires et lecteurs, tous ravis du succ\u00e8s de ce premier concours.<\/p>\n<p style=\"text-align: justify;\">A l&rsquo;issue de cette remise de prix, le concert des <strong>Plastic Tropic<\/strong> a rythm\u00e9 avec talent et humour cette soir\u00e9e.<\/p>\n<p style=\"text-align: justify;\">Le nom des gagnants :<\/p>\n<ol>\n<li><strong>Mr Saletes Paul<\/strong><\/li>\n<li><strong>Mme Bouquet Sandrine<\/strong><\/li>\n<li><strong>Mme Delestinne Pascale<\/strong><\/li>\n<\/ol>\n<p style=\"text-align: center;\">\u00a0<a href=\"http:\/\/www.lamediatheque-jeumont.fr\/wp-content\/uploads\/2013\/07\/Respectivement-2\u00e8me-et-3\u00e8me-du-concours-de-lecture.jpg\"><img loading=\"lazy\" decoding=\"async\" class=\"size-medium wp-image-5310 aligncenter\" alt=\"Respectivement 2\u00e8me et 3\u00e8me du concours de lecture\" src=\"http:\/\/www.lamediatheque-jeumont.fr\/wp-content\/uploads\/2013\/07\/Respectivement-2\u00e8me-et-3\u00e8me-du-concours-de-lecture-262x350.jpg\" width=\"262\" height=\"350\" srcset=\"http:\/\/www.lamediatheque-jeumont.fr\/wp-content\/uploads\/2013\/07\/Respectivement-2\u00e8me-et-3\u00e8me-du-concours-de-lecture-262x350.jpg 262w, http:\/\/www.lamediatheque-jeumont.fr\/wp-content\/uploads\/2013\/07\/Respectivement-2\u00e8me-et-3\u00e8me-du-concours-de-lecture.jpg 600w\" sizes=\"auto, (max-width: 262px) 100vw, 262px\" \/><\/a><\/p>\n<p>&nbsp;<\/p>\n","protected":false},"excerpt":{"rendered":"<p>Pour notre concours de lecture de printemps qui avait lieu du 12 mars au 15 juin, 10 lecteurs ont relev\u00e9 le d\u00e9fi.<br \/>\nIl s&rsquo;agissait de trouver les r\u00e9ponses aux questions figurant sur un bulletin-r\u00e9ponse remis \u00e0 chaque lecteur. En lisant en 3 mois les 15 livres s\u00e9lectionn\u00e9s pour y trouver les 15 r\u00e9ponses avec pour th\u00e8me [&#8230;]<\/p>\n","protected":false},"author":7,"featured_media":0,"comment_status":"closed","ping_status":"open","sticky":false,"template":"","format":"standard","meta":{"ngg_post_thumbnail":0,"footnotes":""},"categories":[3,98,110],"tags":[],"class_list":["post-5296","post","type-post","status-publish","format-standard","hentry","category-actualite","category-spectacle","category-jeumont"],"publishpress_future_action":{"enabled":false,"date":"2026-05-05 17:27:20","action":"change-status","newStatus":"draft","terms":[],"taxonomy":"category","extraData":[]},"publishpress_future_workflow_manual_trigger":{"enabledWorkflows":[]},"_links":{"self":[{"href":"http:\/\/www.lamediatheque-jeumont.fr\/index.php?rest_route=\/wp\/v2\/posts\/5296","targetHints":{"allow":["GET"]}}],"collection":[{"href":"http:\/\/www.lamediatheque-jeumont.fr\/index.php?rest_route=\/wp\/v2\/posts"}],"about":[{"href":"http:\/\/www.lamediatheque-jeumont.fr\/index.php?rest_route=\/wp\/v2\/types\/post"}],"author":[{"embeddable":true,"href":"http:\/\/www.lamediatheque-jeumont.fr\/index.php?rest_route=\/wp\/v2\/users\/7"}],"replies":[{"embeddable":true,"href":"http:\/\/www.lamediatheque-jeumont.fr\/index.php?rest_route=%2Fwp%2Fv2%2Fcomments&post=5296"}],"version-history":[{"count":11,"href":"http:\/\/www.lamediatheque-jeumont.fr\/index.php?rest_route=\/wp\/v2\/posts\/5296\/revisions"}],"predecessor-version":[{"id":6633,"href":"http:\/\/www.lamediatheque-jeumont.fr\/index.php?rest_route=\/wp\/v2\/posts\/5296\/revisions\/6633"}],"wp:attachment":[{"href":"http:\/\/www.lamediatheque-jeumont.fr\/index.php?rest_route=%2Fwp%2Fv2%2Fmedia&parent=5296"}],"wp:term":[{"taxonomy":"category","embeddable":true,"href":"http:\/\/www.lamediatheque-jeumont.fr\/index.php?rest_route=%2Fwp%2Fv2%2Fcategories&post=5296"},{"taxonomy":"post_tag","embeddable":true,"href":"http:\/\/www.lamediatheque-jeumont.fr\/index.php?rest_route=%2Fwp%2Fv2%2Ftags&post=5296"}],"curies":[{"name":"wp","href":"https:\/\/api.w.org\/{rel}","templated":true}]}}