{"id":5266,"date":"2013-06-12T21:41:04","date_gmt":"2013-06-12T19:41:04","guid":{"rendered":"http:\/\/www.lamediatheque-jeumont.fr\/?p=5266"},"modified":"2015-09-24T10:57:32","modified_gmt":"2015-09-24T08:57:32","slug":"la-mediatheque-passe-a-lheure-dete","status":"publish","type":"post","link":"http:\/\/www.lamediatheque-jeumont.fr\/?p=5266","title":{"rendered":"la m\u00e9diath\u00e8que passe \u00e0 l&rsquo;heure d&rsquo;\u00e9t\u00e9 !&#8230;"},"content":{"rendered":"<p>Chers adh\u00e9rents,<\/p>\n<p>Durant la p\u00e9riode estivale,<strong> du mardi 2 juillet au samedi 31 ao\u00fbt inclus<\/strong>, les horaires d&rsquo;ouverture de votre m\u00e9diath\u00e8que seront modifi\u00e9s :<\/p>\n<table width=\"350\">\n<tbody>\n<tr>\n<td style=\"text-align: center;\" width=\"200\">\n<h4 style=\"text-align: left;\"><span style=\"color: #993300;\">Mardi, mercredi et jeudi :<br \/>\n<\/span><\/h4>\n<\/td>\n<td style=\"text-align: center;\" width=\"150\">\n<h4><span style=\"color: #808080;\">14h00 &#8211; 18h00<\/span><\/h4>\n<\/td>\n<\/tr>\n<tr>\n<td style=\"text-align: center;\" width=\"200\">\n<h4 style=\"text-align: left;\"><span style=\"color: #993300;\">Vendredi et samedi :<\/span><\/h4>\n<\/td>\n<td style=\"text-align: center;\" width=\"150\">\n<h4><span style=\"color: #808080;\">14h00 &#8211; 17h00<\/span><\/h4>\n<\/td>\n<\/tr>\n<\/tbody>\n<\/table>\n<p style=\"text-align: center;\"><img loading=\"lazy\" decoding=\"async\" class=\"alignnone\" style=\"border: 0pt none; margin: 0px;\" alt=\"\" src=\"http:\/\/www.lamediatheque-jeumont.fr\/wp-content\/uploads\/2013\/06\/Holiday.jpg\" width=\"312\" height=\"312\" \/><\/p>\n<h2 style=\"text-align: center;\"><span style=\"color: #993300;\">Toute l&rsquo;\u00e9quipe de la m\u00e9diath\u00e8que vous souhaite d&rsquo;excellentes vacances !&#8230;<\/span><\/h2>\n","protected":false},"excerpt":{"rendered":"<p>Chers adh\u00e9rents,<br \/>\nDurant la p\u00e9riode estivale, du mardi 2 juillet au samedi 31 ao\u00fbt inclus, les horaires d&rsquo;ouverture de votre m\u00e9diath\u00e8que seront modifi\u00e9s :<\/p>\n<p>Mardi, mercredi et jeudi :<\/p>\n<p>14h00 &#8211; 18h00<\/p>\n<p>Vendredi et samedi :<\/p>\n<p>14h00 &#8211; 17h00<\/p>\n<p>Toute l&rsquo;\u00e9quipe de la m\u00e9diath\u00e8que vous souhaite d&rsquo;excellentes vacances !&#8230;<\/p>\n","protected":false},"author":3,"featured_media":0,"comment_status":"closed","ping_status":"open","sticky":false,"template":"","format":"standard","meta":{"ngg_post_thumbnail":0,"footnotes":""},"categories":[3,110],"tags":[],"class_list":["post-5266","post","type-post","status-publish","format-standard","hentry","category-actualite","category-jeumont"],"publishpress_future_action":{"enabled":false,"date":"2026-05-05 20:04:10","action":"change-status","newStatus":"draft","terms":[],"taxonomy":"category","extraData":[]},"publishpress_future_workflow_manual_trigger":{"enabledWorkflows":[]},"_links":{"self":[{"href":"http:\/\/www.lamediatheque-jeumont.fr\/index.php?rest_route=\/wp\/v2\/posts\/5266","targetHints":{"allow":["GET"]}}],"collection":[{"href":"http:\/\/www.lamediatheque-jeumont.fr\/index.php?rest_route=\/wp\/v2\/posts"}],"about":[{"href":"http:\/\/www.lamediatheque-jeumont.fr\/index.php?rest_route=\/wp\/v2\/types\/post"}],"author":[{"embeddable":true,"href":"http:\/\/www.lamediatheque-jeumont.fr\/index.php?rest_route=\/wp\/v2\/users\/3"}],"replies":[{"embeddable":true,"href":"http:\/\/www.lamediatheque-jeumont.fr\/index.php?rest_route=%2Fwp%2Fv2%2Fcomments&post=5266"}],"version-history":[{"count":13,"href":"http:\/\/www.lamediatheque-jeumont.fr\/index.php?rest_route=\/wp\/v2\/posts\/5266\/revisions"}],"predecessor-version":[{"id":8413,"href":"http:\/\/www.lamediatheque-jeumont.fr\/index.php?rest_route=\/wp\/v2\/posts\/5266\/revisions\/8413"}],"wp:attachment":[{"href":"http:\/\/www.lamediatheque-jeumont.fr\/index.php?rest_route=%2Fwp%2Fv2%2Fmedia&parent=5266"}],"wp:term":[{"taxonomy":"category","embeddable":true,"href":"http:\/\/www.lamediatheque-jeumont.fr\/index.php?rest_route=%2Fwp%2Fv2%2Fcategories&post=5266"},{"taxonomy":"post_tag","embeddable":true,"href":"http:\/\/www.lamediatheque-jeumont.fr\/index.php?rest_route=%2Fwp%2Fv2%2Ftags&post=5266"}],"curies":[{"name":"wp","href":"https:\/\/api.w.org\/{rel}","templated":true}]}}