{"id":5209,"date":"2013-05-29T18:07:47","date_gmt":"2013-05-29T16:07:47","guid":{"rendered":"http:\/\/www.lamediatheque-jeumont.fr\/?p=5209"},"modified":"2015-09-24T10:57:32","modified_gmt":"2015-09-24T08:57:32","slug":"decouvrez-nos-nouveaux-livres-a-devorer-sans-moderation","status":"publish","type":"post","link":"http:\/\/www.lamediatheque-jeumont.fr\/?p=5209","title":{"rendered":"d\u00e9couvrez nos nouveaux livres : \u00e0 d\u00e9vorer sans mod\u00e9ration !&#8230;"},"content":{"rendered":"<table width=\"100%\">\n<tbody>\n<tr>\n<td>\n<p style=\"text-align: center;\"><img loading=\"lazy\" decoding=\"async\" class=\"aligncenter  wp-image-5234\" alt=\"\" src=\"http:\/\/www.lamediatheque-jeumont.fr\/wp-content\/uploads\/2013\/05\/Livresmai2013.jpg\" width=\"586\" height=\"241\" srcset=\"http:\/\/www.lamediatheque-jeumont.fr\/wp-content\/uploads\/2013\/05\/Livresmai2013.jpg 977w, http:\/\/www.lamediatheque-jeumont.fr\/wp-content\/uploads\/2013\/05\/Livresmai2013-350x144.jpg 350w\" sizes=\"auto, (max-width: 586px) 100vw, 586px\" \/><\/p>\n<p>&nbsp;<\/td>\n<\/tr>\n<tr>\n<td><\/td>\n<\/tr>\n<\/tbody>\n<\/table>\n<table width=\"100%\">\n<tbody>\n<tr>\n<td>\n<h3 style=\"text-align: center;\"><span style=\"text-decoration: underline;\"><strong><span style=\"color: #666699; text-decoration: underline;\">Romans adultes<\/span><br \/>\n<\/strong><\/span><\/h3>\n<\/td>\n<td><\/td>\n<\/tr>\n<tr>\n<td width=\"200\"><img loading=\"lazy\" decoding=\"async\" class=\"aligncenter size-full wp-image-5213\" alt=\"Pollock\" src=\"http:\/\/www.lamediatheque-jeumont.fr\/wp-content\/uploads\/2013\/05\/Pollock.jpg\" width=\"110\" height=\"160\" \/><\/td>\n<td>\n<h3><span style=\"color: #993300;\"><strong>\u00ab\u00a0Le diable tout le temps\u00a0\u00bb <\/strong><strong><\/strong><\/span>de <strong>Donald Ray Pollock<\/strong><strong><br \/>\n<\/strong><\/h3>\n<p style=\"text-align: justify;\">Dans la lign\u00e9e des oeuvres de Truman Capote, Flannery O&rsquo;Connor ou Jim Thompson, un roman sombre, violent et inoubliable sur la condition humaine. De la fin de la Seconde Guerre mondiale aux ann\u00e9es 60, les destins de plusieurs personnages se m\u00ealent et s&rsquo;entrechoquent. Willard Russell, qui a combattu dans le Pacifique, est toujours tourment\u00e9 par ce qu&rsquo;il a v\u00e9cu l\u00e0-bas. Il est pr\u00eat \u00e0 tout pour sauver sa femme Charlotte, gravement malade, m\u00eame s&rsquo;il doit pour cela ne rien \u00e9pargner \u00e0 son fils Arvin&#8230; Carl et Sandy Henderson forment un couple \u00e9trange qui \u00e9cume les routes et prend de jeunes auto-stoppeurs qui conna\u00eetront un sort funeste&#8230;. Roy, un pr\u00e9dicateur convaincu qu&rsquo;il a le pouvoir de r\u00e9veiller les morts, et son acolyte Theodore, un musicien en fauteuil roulant, vont de ville en ville, fuyant la loi et leur pass\u00e9. Donald Ray Pollock s&rsquo;interroge sur la part d&rsquo;ombre qui est en chaque individu, sur la nature du Mal. Son \u00e9criture est d&rsquo;une beaut\u00e9 inou\u00efe mais sans concessions. Avec maestria, il entra\u00eene le lecteur dans une odyss\u00e9e sauvage qui marque durablement les esprits.<\/p>\n<\/td>\n<\/tr>\n<tr>\n<td><\/td>\n<td style=\"text-align: center;\"><a href=\"http:\/\/www.mediatheque-jeumont.fr\/opac\/index.php?lvl=etagere_see&amp;id=639\" target=\"_blank\"><strong>Cliquez sur ce lien pour d\u00e9couvrir les nouveaux titres dans la cat\u00e9gorie \u00ab\u00a0romans adultes\u00a0\u00bb<\/strong><\/a><\/td>\n<\/tr>\n<tr>\n<td>\n<h3 style=\"text-align: center;\"><strong> <span style=\"text-decoration: underline;\"><span style=\"color: #666699; text-decoration: underline;\">Romans policiers, fantastique, science fiction<\/span><br \/>\n<\/span><\/strong><\/h3>\n<\/td>\n<td><\/td>\n<\/tr>\n<tr>\n<td width=\"200\"><img loading=\"lazy\" decoding=\"async\" class=\"aligncenter size-full wp-image-5217\" alt=\"Soeur\" src=\"http:\/\/www.lamediatheque-jeumont.fr\/wp-content\/uploads\/2013\/05\/Soeur.jpg\" width=\"160\" height=\"160\" srcset=\"http:\/\/www.lamediatheque-jeumont.fr\/wp-content\/uploads\/2013\/05\/Soeur.jpg 160w, http:\/\/www.lamediatheque-jeumont.fr\/wp-content\/uploads\/2013\/05\/Soeur-150x150.jpg 150w\" sizes=\"auto, (max-width: 160px) 100vw, 160px\" \/><\/td>\n<td>\n<h3><span style=\"color: #993300;\"><strong>\u00ab\u00a0La soeur de l&rsquo;ombre\u00a0\u00bb <\/strong><strong><\/strong><\/span>de <strong>Patricia McDonald<\/strong><strong><br \/>\n<\/strong><\/h3>\n<p style=\"text-align: justify;\">Lorsqu&rsquo;Alex, jeune \u00e9tudiante et fille unique, perd ses parents dans un accident de voiture, elle se croit seule au monde. Mais le testament lui r\u00e9v\u00e8le l&rsquo;incroyable secret de sa m\u00e8re : alors qu&rsquo;elle \u00e9tait au lyc\u00e9e, elle a donn\u00e9 naissance \u00e0 une petite fille mise en adoption par la suite.<\/p>\n<p>Ob\u00e9issant aux derni\u00e8res volont\u00e9s de sa m\u00e8re, Alex part retrouver sa demi-soeur Dory&#8230; et d\u00e9couvre que celle-ci est en prison pour avoir tu\u00e9 la fille de sa famille adoptive. Dory se dit innocente et, d\u00e9cid\u00e9e \u00e0 la croire, Alex m\u00e8ne l&rsquo;enqu\u00eate.<br \/>\nMais peut-elle r\u00e9ellement faire confiance \u00e0 celle dont elle ignore tout ? Lorsque sa propre vie est mise en danger, Alex doit lutter de plus belle contre les doutes et les lourds secrets du pass\u00e9&#8230;<\/td>\n<\/tr>\n<tr>\n<td><\/td>\n<td style=\"text-align: center;\"><a href=\"http:\/\/www.mediatheque-jeumont.fr\/opac\/index.php?lvl=etagere_see&amp;id=640\" target=\"_blank\"><strong>Cliquez sur ce lien pour d\u00e9couvrir les nouveaux titres dans la cat\u00e9gorie \u00ab\u00a0romans policiers, fantastiques, science fiction\u00a0\u00bb<\/strong><\/a><\/td>\n<\/tr>\n<tr>\n<td>\n<h3 style=\"text-align: center;\"><span style=\"color: #666699;\"><strong> <span style=\"text-decoration: underline;\">Documentaires<\/span><\/strong><\/span><\/h3>\n<\/td>\n<td><\/td>\n<\/tr>\n<tr>\n<td width=\"200\"><img loading=\"lazy\" decoding=\"async\" class=\"aligncenter size-full wp-image-5220\" alt=\"Querelle\" src=\"http:\/\/www.lamediatheque-jeumont.fr\/wp-content\/uploads\/2013\/05\/Querelle.jpg\" width=\"160\" height=\"160\" srcset=\"http:\/\/www.lamediatheque-jeumont.fr\/wp-content\/uploads\/2013\/05\/Querelle.jpg 160w, http:\/\/www.lamediatheque-jeumont.fr\/wp-content\/uploads\/2013\/05\/Querelle-150x150.jpg 150w\" sizes=\"auto, (max-width: 160px) 100vw, 160px\" \/><\/td>\n<td>\n<h3><span style=\"color: #993300;\"><strong>\u00ab\u00a0La querelle des livres\u00a0\u00bb <\/strong><strong><\/strong><\/span>d&rsquo;Olivier Larizza<strong><\/strong><strong><br \/>\n<\/strong><\/h3>\n<p style=\"text-align: justify;\">Depuis 2010, le livre imprim\u00e9, reli\u00e9, vertical tend \u00e0 se diluer dans le virtuel de nos \u00e9crans. Certains d\u00e9plorent l&rsquo; av\u00e8nement de ce nouveau livre fant\u00f4me, d&rsquo;autres y voient une avanc\u00e9e extraordinaire. Tous se demandent si le num\u00e9rique ne tuera pas le totem mis sur pied par Gutenberg.<br \/>\nD\u00e9passant les proph\u00e9ties et les clivages qui enflamment les d\u00e9bats actuels, Olivier Larizza s&rsquo;interroge sur ce qui fragilise ou au contraire consolide notre d\u00e9sir de livre tel qu&rsquo;il se manifeste depuis plus de cinq si\u00e8cles. En quoi sommes-nous si attach\u00e9s \u00e0 l objet papier ? Que gagnerions-nous \u00e0 l&rsquo;abandonner ? Le-book le remplacera-t-il ? Et avec quelles cons\u00e9quences sur la lecture, la litt\u00e9rature, nos soci\u00e9t\u00e9s ?<br \/>\n\u00ab Le livre a ses raisons que la raison ne livre pas \u00bb : il s\u00e9cr\u00e8te des affects et des fantasmes particuliers. Il fallait donc cet essai original et plein d&rsquo;acuit\u00e9 pour nourrir une r\u00e9flexion essentielle.<\/p>\n<\/td>\n<\/tr>\n<tr>\n<td><\/td>\n<td style=\"text-align: center;\"><a href=\"http:\/\/www.mediatheque-jeumont.fr\/opac\/index.php?lvl=etagere_see&amp;id=642\" target=\"_blank\"><strong>Cliquez sur ce lien pour d\u00e9couvrir les nouveaux titres dans la cat\u00e9gorie \u00ab\u00a0documentaires\u00a0\u00bb<\/strong><\/a><\/td>\n<\/tr>\n<tr>\n<td>\n<h3 style=\"text-align: center;\"><strong> <span style=\"text-decoration: underline;\"><span style=\"color: #666699; text-decoration: underline;\">Bandes dessin\u00e9es<\/span><br \/>\n<\/span><\/strong><\/h3>\n<\/td>\n<td><\/td>\n<\/tr>\n<tr>\n<td width=\"200\"><img loading=\"lazy\" decoding=\"async\" class=\"aligncenter size-full wp-image-5245\" alt=\"\" src=\"http:\/\/www.lamediatheque-jeumont.fr\/wp-content\/uploads\/2013\/05\/France.jpg\" width=\"160\" height=\"160\" srcset=\"http:\/\/www.lamediatheque-jeumont.fr\/wp-content\/uploads\/2013\/05\/France.jpg 160w, http:\/\/www.lamediatheque-jeumont.fr\/wp-content\/uploads\/2013\/05\/France-150x150.jpg 150w\" sizes=\"auto, (max-width: 160px) 100vw, 160px\" \/><\/td>\n<td>\n<h3><span style=\"color: #993300;\"><strong>\u00ab\u00a0Il \u00e9tait une fois en France &#8211; tome 6 : la terre promise\u00a0\u00bb <\/strong><strong><\/strong><\/span>de Jean-Fran\u00e7ois Di Giorgio et Fr\u00e9d\u00e9ric Gen\u00eat<\/h3>\n<p style=\"text-align: justify;\">Juillet 1949. Joseph Joanovici compara\u00eet devant la Cour de Justice de Paris pour collaboration. Son avocat est optimiste : les jur\u00e9s lui pardonneront d&rsquo;avoir fait fortune sur le dos des nazis, quand ils verront le nombre de Juifs qu&rsquo;il a sauv\u00e9s ! Monsieur Joseph lui aussi veut encore croire qu&rsquo;il pourra se faire oublier, peut-\u00eatre m\u00eame trouver refuge en Terre Promise&#8230; C&rsquo;est sans compter sur la haine tenace du juge Legentil, qui suivrait son ennemi intime jusqu&rsquo;en enfer si cela lui permettait de faire triompher la justice.<\/p>\n<\/td>\n<\/tr>\n<tr>\n<td><\/td>\n<td style=\"text-align: center;\"><a href=\"http:\/\/www.mediatheque-jeumont.fr\/opac\/index.php?lvl=etagere_see&amp;id=643\" target=\"_blank\"><strong> <\/strong><strong>Cliquez sur ce lien pour d\u00e9couvrir les nouveaux titres dans la cat\u00e9gorie \u00ab\u00a0bandes dessin\u00e9es\u00a0\u00bb<\/strong><\/a><\/td>\n<\/tr>\n<tr>\n<td>\n<h3 style=\"text-align: center;\"><strong> <span style=\"text-decoration: underline;\"><span style=\"color: #666699; text-decoration: underline;\">Romans ados<\/span><br \/>\n<\/span><\/strong><\/h3>\n<\/td>\n<td><\/td>\n<\/tr>\n<tr>\n<td width=\"200\"><img loading=\"lazy\" decoding=\"async\" class=\"aligncenter size-full wp-image-5226\" alt=\"\" src=\"http:\/\/www.lamediatheque-jeumont.fr\/wp-content\/uploads\/2013\/05\/Amnesia.jpg\" width=\"107\" height=\"160\" \/><\/td>\n<td>\n<h3><span style=\"color: #993300;\"><strong>\u00abAmnesia &#8211; tome 1\u00bb <\/strong><strong><\/strong><\/span><strong>de Jennifer Rush<\/strong><strong><em><br \/>\n<\/em><\/strong><\/h3>\n<p style=\"text-align: justify;\">Loin de tout, dans le sous-sol d&rsquo;une ferme, une myst\u00e9rieuse Agence pratique des exp\u00e9riences sur quatre gar\u00e7ons g\u00e9n\u00e9tiquement modifi\u00e9s. Il y a Nick, Cas, Trev et Sam, vers lequel Anna, la fille du scientifique qui pilote le projet, est irr\u00e9sistiblement attir\u00e9e sans savoir pourquoi.<br \/>\nQuand les gar\u00e7ons apprennent que l&rsquo;Agence veut les d\u00e9placer, Sam s&rsquo;\u00e9chappe, entra\u00eenant les autres \u00e0 sa suite et&#8230; Anna, sans que son p\u00e8re l&rsquo;en emp\u00eache.<br \/>\nMais il y a un probl\u00e8me de taille : Sam et ses amis ne savent rien de leur vie d&rsquo;avant. Pas m\u00eame qui ils sont. Sans compter qu&rsquo;Anna se demande pour quelle raison son p\u00e8re l&rsquo;a laiss\u00e9e partir&#8230;<\/p>\n<\/td>\n<\/tr>\n<tr>\n<td><\/td>\n<td style=\"text-align: center;\"><a href=\"http:\/\/www.mediatheque-jeumont.fr\/opac\/index.php?lvl=etagere_see&amp;id=641\" target=\"_blank\"><strong>Cliquez sur ce lien pour d\u00e9couvrir les nouveaux titres dans la cat\u00e9gorie \u00ab\u00a0romans ados\u00a0\u00bb<\/strong><\/a><\/td>\n<\/tr>\n<\/tbody>\n<\/table>\n","protected":false},"excerpt":{"rendered":"<p>&nbsp;<\/p>\n<p>Romans adultes<\/p>\n<p>\u00ab\u00a0Le diable tout le temps\u00a0\u00bb de Donald Ray Pollock<\/p>\n<p>Dans la lign\u00e9e des oeuvres de Truman Capote, Flannery O&rsquo;Connor ou Jim Thompson, un roman sombre, violent et inoubliable sur la condition humaine. De la fin de la Seconde Guerre mondiale aux ann\u00e9es 60, les destins de plusieurs personnages se m\u00ealent et s&rsquo;entrechoquent. Willard Russell, qui [&#8230;]<\/p>\n","protected":false},"author":3,"featured_media":0,"comment_status":"closed","ping_status":"open","sticky":false,"template":"","format":"standard","meta":{"ngg_post_thumbnail":0,"footnotes":""},"categories":[3,73,110],"tags":[],"class_list":["post-5209","post","type-post","status-publish","format-standard","hentry","category-actualite","category-coups-de-coeur-et-nouveautes","category-jeumont"],"publishpress_future_action":{"enabled":false,"date":"2026-05-05 21:32:14","action":"change-status","newStatus":"draft","terms":[],"taxonomy":"category","extraData":[]},"publishpress_future_workflow_manual_trigger":{"enabledWorkflows":[]},"_links":{"self":[{"href":"http:\/\/www.lamediatheque-jeumont.fr\/index.php?rest_route=\/wp\/v2\/posts\/5209","targetHints":{"allow":["GET"]}}],"collection":[{"href":"http:\/\/www.lamediatheque-jeumont.fr\/index.php?rest_route=\/wp\/v2\/posts"}],"about":[{"href":"http:\/\/www.lamediatheque-jeumont.fr\/index.php?rest_route=\/wp\/v2\/types\/post"}],"author":[{"embeddable":true,"href":"http:\/\/www.lamediatheque-jeumont.fr\/index.php?rest_route=\/wp\/v2\/users\/3"}],"replies":[{"embeddable":true,"href":"http:\/\/www.lamediatheque-jeumont.fr\/index.php?rest_route=%2Fwp%2Fv2%2Fcomments&post=5209"}],"version-history":[{"count":35,"href":"http:\/\/www.lamediatheque-jeumont.fr\/index.php?rest_route=\/wp\/v2\/posts\/5209\/revisions"}],"predecessor-version":[{"id":8414,"href":"http:\/\/www.lamediatheque-jeumont.fr\/index.php?rest_route=\/wp\/v2\/posts\/5209\/revisions\/8414"}],"wp:attachment":[{"href":"http:\/\/www.lamediatheque-jeumont.fr\/index.php?rest_route=%2Fwp%2Fv2%2Fmedia&parent=5209"}],"wp:term":[{"taxonomy":"category","embeddable":true,"href":"http:\/\/www.lamediatheque-jeumont.fr\/index.php?rest_route=%2Fwp%2Fv2%2Fcategories&post=5209"},{"taxonomy":"post_tag","embeddable":true,"href":"http:\/\/www.lamediatheque-jeumont.fr\/index.php?rest_route=%2Fwp%2Fv2%2Ftags&post=5209"}],"curies":[{"name":"wp","href":"https:\/\/api.w.org\/{rel}","templated":true}]}}