{"id":367,"date":"2011-01-29T15:28:31","date_gmt":"2011-01-29T14:28:31","guid":{"rendered":"http:\/\/www.lamediatheque-jeumont.fr\/?p=367"},"modified":"2015-09-24T10:59:02","modified_gmt":"2015-09-24T08:59:02","slug":"atelier-bd","status":"publish","type":"post","link":"http:\/\/www.lamediatheque-jeumont.fr\/?p=367","title":{"rendered":"atelier BD #1"},"content":{"rendered":"<p><strong>Atelier BD\u00a0 \u00ab\u00a0dessine-moi ton quartier\u00a0\u00bb<\/strong><\/p>\n<p style=\"text-align: justify;\">La m\u00e9diath\u00e8que de Jeumont organise du 22 f\u00e9vrier au 28 avril 2011, un atelier d\u2019initiation aux techniques de le bande dessin\u00e9e.<\/p>\n<p style=\"text-align: justify;\"><span style=\"color: #ff6600;\"><strong>Avec l\u2019aide d\u2019un professionnel<\/strong><\/span>, une vingtaine de jeunes auront l\u2019opportunit\u00e9 de donner libre cours \u00e0 leur cr\u00e9ativit\u00e9 en r\u00e9alisant leurs propres planches de BD \u00a0sur le th\u00e8me de la transformation de leur quartier (dans le cadre du programme de r\u00e9novation urbaine actuellement en cours dans notre ville).<\/p>\n<p style=\"text-align: justify;\">Les s\u00e9ances de cr\u00e9ation auront \u00a0lieu \u00e0 la Gare Num\u00e9rique et \u00e0 la M\u00e9diath\u00e8que pendant les vacances d\u2019hiver et de printemps. Les planches r\u00e9alis\u00e9es seront expos\u00e9es \u00e0 la M\u00e9diath\u00e8que et imprim\u00e9es dans un recueil.<\/p>\n<p style=\"text-align: justify;\">L\u2019atelier est ouvert \u00e0 tous, \u00e0 partir de 10 ans.<\/p>\n<p>Deux r\u00e9unions d\u2019information sont organis\u00e9es le mercredi 9 f\u00e9vrier :<\/p>\n<ul>\n<li>\u00e0 14h00 \u00e0 l\u2019antenne Riche<\/li>\n<\/ul>\n<ul>\n<li>\u00e0 16h00 \u00e0 l\u2019antenne Saudemont<\/li>\n<\/ul>\n<p><strong><span style=\"color: #ff6600;\">L\u2019inscription est gratuite. Venez nombreux\u00a0! <\/span><br \/>\n<\/strong><\/p>\n<p>Pour tout renseignement, appelez la m\u00e9diath\u00e8que au <strong>03 27 58 13 54<\/strong> &#8211;<\/p>\n<p style=\"text-align: center;\"><img loading=\"lazy\" decoding=\"async\" class=\"aligncenter size-full wp-image-399\" title=\"dessine-moi ton quartier\" src=\"http:\/\/www.lamediatheque-jeumont.fr\/wp-content\/uploads\/2011\/01\/DESSINEMOI\u00b02011_450.jpg\" alt=\"\" width=\"450\" height=\"637\" srcset=\"http:\/\/www.lamediatheque-jeumont.fr\/wp-content\/uploads\/2011\/01\/DESSINEMOI\u00b02011_450.jpg 450w, http:\/\/www.lamediatheque-jeumont.fr\/wp-content\/uploads\/2011\/01\/DESSINEMOI\u00b02011_450-211x300.jpg 211w\" sizes=\"auto, (max-width: 450px) 100vw, 450px\" \/><\/p>\n","protected":false},"excerpt":{"rendered":"<p>Atelier BD\u00a0 \u00ab\u00a0dessine-moi ton quartier\u00a0\u00bb<br \/>\nLa m\u00e9diath\u00e8que de Jeumont organise du 22 f\u00e9vrier au 28 avril 2011, un atelier d\u2019initiation aux techniques de le bande dessin\u00e9e.<br \/>\nAvec l\u2019aide d\u2019un professionnel, une vingtaine de jeunes auront l\u2019opportunit\u00e9 de donner libre cours \u00e0 leur cr\u00e9ativit\u00e9 en r\u00e9alisant leurs propres planches de BD \u00a0sur le th\u00e8me de la transformation de [&#8230;]<\/p>\n","protected":false},"author":2,"featured_media":0,"comment_status":"closed","ping_status":"open","sticky":false,"template":"","format":"standard","meta":{"ngg_post_thumbnail":0,"footnotes":""},"categories":[3,110],"tags":[79,77,78],"class_list":["post-367","post","type-post","status-publish","format-standard","hentry","category-actualite","category-jeumont","tag-atelier","tag-bande-dessinee","tag-creativite"],"publishpress_future_action":{"enabled":false,"date":"2026-05-07 08:37:31","action":"change-status","newStatus":"draft","terms":[],"taxonomy":"category","extraData":[]},"publishpress_future_workflow_manual_trigger":{"enabledWorkflows":[]},"_links":{"self":[{"href":"http:\/\/www.lamediatheque-jeumont.fr\/index.php?rest_route=\/wp\/v2\/posts\/367","targetHints":{"allow":["GET"]}}],"collection":[{"href":"http:\/\/www.lamediatheque-jeumont.fr\/index.php?rest_route=\/wp\/v2\/posts"}],"about":[{"href":"http:\/\/www.lamediatheque-jeumont.fr\/index.php?rest_route=\/wp\/v2\/types\/post"}],"author":[{"embeddable":true,"href":"http:\/\/www.lamediatheque-jeumont.fr\/index.php?rest_route=\/wp\/v2\/users\/2"}],"replies":[{"embeddable":true,"href":"http:\/\/www.lamediatheque-jeumont.fr\/index.php?rest_route=%2Fwp%2Fv2%2Fcomments&post=367"}],"version-history":[{"count":22,"href":"http:\/\/www.lamediatheque-jeumont.fr\/index.php?rest_route=\/wp\/v2\/posts\/367\/revisions"}],"predecessor-version":[{"id":374,"href":"http:\/\/www.lamediatheque-jeumont.fr\/index.php?rest_route=\/wp\/v2\/posts\/367\/revisions\/374"}],"wp:attachment":[{"href":"http:\/\/www.lamediatheque-jeumont.fr\/index.php?rest_route=%2Fwp%2Fv2%2Fmedia&parent=367"}],"wp:term":[{"taxonomy":"category","embeddable":true,"href":"http:\/\/www.lamediatheque-jeumont.fr\/index.php?rest_route=%2Fwp%2Fv2%2Fcategories&post=367"},{"taxonomy":"post_tag","embeddable":true,"href":"http:\/\/www.lamediatheque-jeumont.fr\/index.php?rest_route=%2Fwp%2Fv2%2Ftags&post=367"}],"curies":[{"name":"wp","href":"https:\/\/api.w.org\/{rel}","templated":true}]}}