{"id":3554,"date":"2012-06-14T11:24:22","date_gmt":"2012-06-14T09:24:22","guid":{"rendered":"http:\/\/www.lamediatheque-jeumont.fr\/?p=3554"},"modified":"2015-09-24T11:00:39","modified_gmt":"2015-09-24T09:00:39","slug":"le-soleil-dans-la-mediatheque","status":"publish","type":"post","link":"http:\/\/www.lamediatheque-jeumont.fr\/?p=3554","title":{"rendered":"le Soleil dans la m\u00e9diath\u00e8que !&#8230;"},"content":{"rendered":"<p style=\"text-align: justify;\">Ce mardi 5 juin, \u00e0 d\u00e9faut d&rsquo;avoir un temps radieux, une dizaine de seniors du<strong> foyer Soleil<\/strong> nous ont gratifi\u00e9 de leurs sourires lors d&rsquo;une visite guid\u00e9e de l&rsquo;exposition \u00ab\u00a0<strong>Faune et Flore en Avesnois<\/strong>\u00a0\u00bb propos\u00e9e par <strong>Jos\u00e9 Chies<\/strong> et <strong>Daniel Souvenbrie<\/strong>, tous deux photographes jeumontois.<\/p>\n<p style=\"text-align: justify;\"><strong>Jos\u00e9 Chies\u00a0<\/strong> les a emmen\u00e9s,\u00a0 gr\u00e2ce \u00e0 la magie de ses photographies, dans un univers \u00e0 la fois \u00ab\u00a0scientifique\u00a0\u00bb et onirique : \u00ab\u00a0scientifique\u00a0\u00bb car les animaux sont photographi\u00e9s dans leur cadre naturel et ne sont pas retouch\u00e9s;\u00a0 onirique car l&rsquo;exposition laisse une grande place au r\u00eave \u00e0 l&rsquo;imaginaire et qu&rsquo;il est rare d&rsquo;observer certaines de ces esp\u00e8ces\u00a0 sauvages \u00e0 loisir &#8211; m\u00eame si tous ces clich\u00e9s ont \u00e9t\u00e9 pris sur le vif dans l&rsquo; Avesnois !&#8230;<\/p>\n<p style=\"text-align: justify;\"><strong>Daniel Souvenbrie<\/strong> n&rsquo;\u00e9tait pas pas en reste : ses paysages de l&rsquo;Avesnois &#8211; empreints d&rsquo;une beaut\u00e9 po\u00e9tique et d\u00e9licate &#8211; plaisent ind\u00e9niablement. Le public a su appr\u00e9cier cette simplicit\u00e9 et ce charme qui \u00e9manent de l\u2019\u0153uvre pour partager le plaisir cr\u00e9atif \u00e9vident de l&rsquo;auteur.<\/p>\n<p style=\"text-align: justify;\">L&rsquo;exposition, install\u00e9e \u00e0 la m\u00e9diath\u00e8que durant 3 semaines, a ainsi suscit\u00e9 l&rsquo;enthousiasme du public, en partie gr\u00e2ce \u00e0 la pr\u00e9sence permanentes des deux artistes, disponibles pour commenter et expliquer leur art.\u00a0 Ils ont accueilli et guid\u00e9 pr\u00e8s de 400 \u00e9l\u00e8ves des \u00e9coles primaires de Jeumont\u00a0 et plus de trois cents particuliers amateurs de belles photographies.<\/p>\n<p style=\"text-align: justify;\">ngg_shortcode_0_placeholder<\/p>\n","protected":false},"excerpt":{"rendered":"<p>Ce mardi 5 juin, \u00e0 d\u00e9faut d&rsquo;avoir un temps radieux, une dizaine de seniors du foyer Soleil nous ont gratifi\u00e9 de leurs sourires lors d&rsquo;une visite guid\u00e9e de l&rsquo;exposition \u00ab\u00a0Faune et Flore en Avesnois\u00a0\u00bb propos\u00e9e par Jos\u00e9 Chies et Daniel Souvenbrie, tous deux photographes jeumontois.<br \/>\nJos\u00e9 Chies\u00a0 les a emmen\u00e9s,\u00a0 gr\u00e2ce \u00e0 la magie de ses [&#8230;]<\/p>\n","protected":false},"author":2,"featured_media":0,"comment_status":"closed","ping_status":"open","sticky":false,"template":"","format":"standard","meta":{"ngg_post_thumbnail":0,"footnotes":""},"categories":[3,98,110],"tags":[],"class_list":["post-3554","post","type-post","status-publish","format-standard","hentry","category-actualite","category-spectacle","category-jeumont"],"publishpress_future_action":{"enabled":false,"date":"2026-05-07 03:05:43","action":"change-status","newStatus":"draft","terms":[],"taxonomy":"category","extraData":[]},"publishpress_future_workflow_manual_trigger":{"enabledWorkflows":[]},"_links":{"self":[{"href":"http:\/\/www.lamediatheque-jeumont.fr\/index.php?rest_route=\/wp\/v2\/posts\/3554","targetHints":{"allow":["GET"]}}],"collection":[{"href":"http:\/\/www.lamediatheque-jeumont.fr\/index.php?rest_route=\/wp\/v2\/posts"}],"about":[{"href":"http:\/\/www.lamediatheque-jeumont.fr\/index.php?rest_route=\/wp\/v2\/types\/post"}],"author":[{"embeddable":true,"href":"http:\/\/www.lamediatheque-jeumont.fr\/index.php?rest_route=\/wp\/v2\/users\/2"}],"replies":[{"embeddable":true,"href":"http:\/\/www.lamediatheque-jeumont.fr\/index.php?rest_route=%2Fwp%2Fv2%2Fcomments&post=3554"}],"version-history":[{"count":13,"href":"http:\/\/www.lamediatheque-jeumont.fr\/index.php?rest_route=\/wp\/v2\/posts\/3554\/revisions"}],"predecessor-version":[{"id":6661,"href":"http:\/\/www.lamediatheque-jeumont.fr\/index.php?rest_route=\/wp\/v2\/posts\/3554\/revisions\/6661"}],"wp:attachment":[{"href":"http:\/\/www.lamediatheque-jeumont.fr\/index.php?rest_route=%2Fwp%2Fv2%2Fmedia&parent=3554"}],"wp:term":[{"taxonomy":"category","embeddable":true,"href":"http:\/\/www.lamediatheque-jeumont.fr\/index.php?rest_route=%2Fwp%2Fv2%2Fcategories&post=3554"},{"taxonomy":"post_tag","embeddable":true,"href":"http:\/\/www.lamediatheque-jeumont.fr\/index.php?rest_route=%2Fwp%2Fv2%2Ftags&post=3554"}],"curies":[{"name":"wp","href":"https:\/\/api.w.org\/{rel}","templated":true}]}}