{"id":17851,"date":"2025-07-01T09:39:36","date_gmt":"2025-07-01T07:39:36","guid":{"rendered":"https:\/\/www.lamediatheque-jeumont.fr\/?p=17851"},"modified":"2025-07-01T10:07:17","modified_gmt":"2025-07-01T08:07:17","slug":"jeumont-les-nouveautes-de-lete","status":"publish","type":"post","link":"http:\/\/www.lamediatheque-jeumont.fr\/?p=17851","title":{"rendered":"Jeumont : les nouveaut\u00e9s de l&rsquo;\u00e9t\u00e9"},"content":{"rendered":"<table border=\"0\" width=\"650\" align=\"justify\">\n<tbody>\n<tr>\n<td>\n<h3 style=\"text-align: center;\"><span style=\"text-decoration: underline;\"><strong><span style=\"color: #666699; text-decoration: underline;\">Romans<\/span><\/strong><\/span><\/h3>\n<\/td>\n<td>&nbsp;<\/td>\n<\/tr>\n<tr>\n<td>&nbsp;<\/td>\n<td>&nbsp;<\/td>\n<\/tr>\n<tr valign=\"top\">\n<td valign=\"top\" width=\"200px\"><img loading=\"lazy\" decoding=\"async\" class=\"alignnone size-full wp-image-17852\" src=\"http:\/\/www.lamediatheque-jeumont.fr\/wp-content\/uploads\/2025\/06\/Villa.jpg\" alt=\"\" width=\"180\" height=\"282\"><\/td>\n<td style=\"text-align: justify;\">\n<h3 style=\"text-align: center;\"><span style=\"color: #993300;\"><strong>Villa Gloria<br \/>\n<\/strong><\/span><span style=\"color: #000000;\">Serena GIULIANO<\/span><\/h3>\n<div class=\"a-expander-content a-expander-partial-collapse-content\" data-expanded=\"false\"><strong><span class=\"a-text-bold\" style=\"color: #000000;\">Bienvenue dans les Pouilles, \u00e0 Villa Gloria, une maison d&rsquo;h\u00f4tes pas comme les autres !<\/span><\/strong><span style=\"color: #000000;\">\u00c0 Villa Gloria, Iris et sa m\u00e8re, qui a donn\u00e9 son nom \u00e0 sa maison, veillent \u00e0 ce que chaque client se sente comme chez lui. En cette semaine d&rsquo;avril, les nouveaux venus promettent un cru d&rsquo;exception. <\/span><br \/>\n<span style=\"color: #000000;\">Gregorio est le roi des r\u00e2leurs. Rien ne trouve gr\u00e2ce \u00e0 ses yeux. Valentina et sa filleule, Bianca, ont l&rsquo;air un peu caboss\u00e9es \u2013 surtout la petite, l\u00e9g\u00e8rement obsessionnelle. Doria et Edoardo forment un couple tr\u00e8s discret. \u00c0 se demander ce qu&rsquo;ils ont \u00e0 cacher&#8230; Quant \u00e0 Carla, allez savoir pourquoi, elle a fait v\u0153u de silence. Mais Gloria, qui aime gentiment se m\u00ealer des affaires de ses h\u00f4tes, saura percer les myst\u00e8res de chacun. <\/span><br \/>\n<span style=\"color: #000000;\">Ils sont de passage, ne se connaissent pas, mais ont d\u00e9cid\u00e9 par hasard de poser leurs valises une semaine dans le m\u00eame lieu. Ce qu&rsquo;ils ignorent, c&rsquo;est qu&rsquo;en plus du g\u00eete et du couvert, Villa Gloria offre une bonne dose de magie \u2013 c&rsquo;est compris dans le forfait !<\/span><\/div>\n<\/td>\n<\/tr>\n<tr>\n<td>&nbsp;<\/td>\n<td>&nbsp;<\/td>\n<\/tr>\n<tr>\n<td>&nbsp;<\/td>\n<td style=\"text-align: center;\"><a href=\"https:\/\/www.mediatheque-jeumont.fr\/index.php?lvl=etagere_see&amp;id=988\" target=\"_blank\" rel=\"noopener\"><strong>Cliquez sur ce lien pour d\u00e9couvrir<\/strong><strong> les nouveaux titres dans la cat\u00e9gorie \u00abRomans\u00bb<\/strong><\/a><\/td>\n<\/tr>\n<tr>\n<td>&nbsp;<\/td>\n<td>&nbsp;<\/td>\n<\/tr>\n<tr>\n<td>\n<h3 style=\"text-align: center;\"><span style=\"text-decoration: underline;\"><strong><span style=\"color: #666699; text-decoration: underline;\">Romans policiers<\/span><\/strong><\/span><\/h3>\n<\/td>\n<td>&nbsp;<\/td>\n<\/tr>\n<tr>\n<td>&nbsp;<\/td>\n<td>&nbsp;<\/td>\n<\/tr>\n<tr valign=\"top\">\n<td width=\"200px\"><img loading=\"lazy\" decoding=\"async\" class=\"alignnone size-full wp-image-17853\" src=\"http:\/\/www.lamediatheque-jeumont.fr\/wp-content\/uploads\/2025\/06\/Experience.jpg\" alt=\"\" width=\"180\" height=\"265\"><\/td>\n<td style=\"text-align: justify;\">\n<h3 style=\"text-align: center;\"><strong><span style=\"color: #993300;\">L&rsquo;Exp\u00e9rience Pentagramme<br \/>\n<\/span><\/strong><span style=\"color: #000000;\">Yves SENTE<\/span><\/h3>\n<p><span style=\"color: #000000;\">Appel\u00e9 par une voix int\u00e9rieure aussi puissante qu&rsquo;inexplicable, John Fox d\u00e9missionne de son poste d&rsquo;\u00e9ditorialiste au <span class=\"a-text-italic\">Chicago Tribune<\/span> et s&rsquo;envole pour Bruxelles. Apr\u00e8s avoir lou\u00e9 une maison \u00e0 Waterloo et rencontr\u00e9 ses voisins, tous expats am\u00e9ricains comme lui, il se rend compte que leurs vies et leurs pass\u00e9s pr\u00e9sentent de troublantes similitudes avec son propre v\u00e9cu. D&rsquo;un point de vue statistique, pareilles co\u00efncidences ne peuvent relever du simple hasard.<\/span><br \/>\n<span style=\"color: #000000;\">Au m\u00eame moment \u00e0 Washington, au Pentagone, la commandante Waya Wings, cheffe de la s\u00e9curit\u00e9 de la DARPA (Defense Advanced Research Projects Agency), re\u00e7oit un message d\u2019alerte automatis\u00e9 : le volontaire d\u2019une ancienne exp\u00e9rience m\u00e9dicale sur la gestion des traumatismes de guerre a d\u00e9sert\u00e9. D&rsquo;apr\u00e8s les premiers \u00e9l\u00e9ments de son enqu\u00eate, le fugitif s&rsquo;est enfui au Canada d&rsquo;o\u00f9 il a pris le premier vol pour Amsterdam.<\/span><br \/>\n<span style=\"color: #000000;\">Quel secret se cache derri\u00e8re les vies banales des nouveaux voisins du clos de l&rsquo;Empereur ? Quelle inavouable op\u00e9ration de son agence du d\u00e9partement de la D\u00e9fense Waya Wings mettra-t-elle \u00e0 jour ? La d\u00e9couverte d&rsquo;une premi\u00e8re v\u00e9rit\u00e9 m\u00e8ne souvent \u00e0 une seconde&#8230;<\/span><\/td>\n<\/tr>\n<tr>\n<td>&nbsp;<\/td>\n<td>&nbsp;<\/td>\n<\/tr>\n<tr>\n<td>&nbsp;<\/td>\n<td style=\"text-align: center;\"><a href=\"https:\/\/www.mediatheque-jeumont.fr\/index.php?lvl=etagere_see&amp;id=989\" target=\"_blank\" rel=\"noopener\"><strong>Cliquez sur ce lien pour d\u00e9couvrir<\/strong><strong> les nouveaux titres dans la cat\u00e9gorie \u00abRomans policiers\u00bb<\/strong><\/a><\/td>\n<\/tr>\n<tr>\n<td>&nbsp;<\/td>\n<td>&nbsp;<\/td>\n<\/tr>\n<tr>\n<td>\n<h3 style=\"text-align: center;\"><span style=\"text-decoration: underline;\"><strong><span style=\"color: #666699; text-decoration: underline;\">SF, Fantastique, &amp; Fantasy<br \/>\n<\/span><\/strong><\/span><\/h3>\n<\/td>\n<td>&nbsp;<\/td>\n<\/tr>\n<tr>\n<td>&nbsp;<\/td>\n<td>&nbsp;<\/td>\n<\/tr>\n<tr valign=\"top\">\n<td width=\"200px\"><img loading=\"lazy\" decoding=\"async\" class=\"alignnone size-full wp-image-17855\" src=\"http:\/\/www.lamediatheque-jeumont.fr\/wp-content\/uploads\/2025\/06\/Aria.jpg\" alt=\"\" width=\"180\" height=\"270\"><\/td>\n<td style=\"text-align: justify;\">\n<h3 style=\"text-align: center;\"><span style=\"color: #993300;\"><strong>L\u00e9gendes des Mondes d&rsquo;Aria &#8211; Tome 2<br \/>\n<\/strong><\/span><span style=\"color: #000000;\"><strong>Fabien CLAVEL<\/strong><strong><br \/>\n<\/strong><\/span><\/h3>\n<div id=\"iframeContent\" dir=\"auto\">\n<div id=\"iframeContent\" dir=\"auto\">\n<div class=\"a-expander-content a-expander-partial-collapse-content a-expander-content-expanded\" aria-expanded=\"true\">\n<div class=\"a-expander-content a-expander-partial-collapse-content\" data-expanded=\"false\">\n<div class=\"a-expander-content a-expander-partial-collapse-content\" data-expanded=\"false\">\n<p><span class=\"a-text-bold\">Rejoignez la Confr\u00e9rie sans nom dans une qu\u00eate \u00e9pique m\u00ealant humour et aventure ! Une histoire palpitante dans l&rsquo;univers populaire d&rsquo;Aria, o\u00f9 magie et rires s&rsquo;entrem\u00ealent \u00e0 lire d\u00e8s 15 ans !<\/span>Suivez Vani, Azzio, Sirane et Gunnor dans leurs p\u00e9rip\u00e9ties rocambolesques. Face au Trined, une secte mal\u00e9fique mena\u00e7ant l&rsquo;humanit\u00e9, notre groupe d&rsquo;aventuriers fauch\u00e9s doit encha\u00eener les missions improbables : exploration de mine, exorcisme de d\u00e9mon, cambriolage de banque et exploration des entrailles d&rsquo;un ver g\u00e9ant !<\/p>\n<p>Un m\u00e9lange d&rsquo;action, d&rsquo;humour et de fantasy, enrichi par l&rsquo;univers transm\u00e9dia d&rsquo;ARIA (BD, jeu vid\u00e9o, Twitch).<\/p>\n<\/div>\n<\/div>\n<\/div>\n<\/div>\n<\/div>\n<\/td>\n<\/tr>\n<tr>\n<td>&nbsp;<\/td>\n<td>&nbsp;<\/td>\n<\/tr>\n<tr>\n<td>&nbsp;<\/td>\n<td style=\"text-align: center;\"><a href=\"https:\/\/www.mediatheque-jeumont.fr\/index.php?lvl=etagere_see&amp;id=990\" target=\"_blank\" rel=\"noopener\"><strong>Cliquez sur ce lien pour d\u00e9couvrir les nouveaux titres dans la cat\u00e9gorie \u00abSF, Fantastique &amp; Fantasy\u00bb<\/strong><\/a><\/td>\n<\/tr>\n<tr>\n<td>&nbsp;<\/td>\n<td>&nbsp;<\/td>\n<\/tr>\n<tr>\n<td>\n<h3 style=\"text-align: center;\"><span style=\"text-decoration: underline;\"><strong><span style=\"color: #666699; text-decoration: underline;\">Documentaires<br \/>\n<\/span><\/strong><\/span><\/h3>\n<\/td>\n<td>&nbsp;<\/td>\n<\/tr>\n<tr valign=\"top\">\n<td valign=\"top\" width=\"200px\"><img loading=\"lazy\" decoding=\"async\" class=\"alignnone size-full wp-image-17856\" src=\"http:\/\/www.lamediatheque-jeumont.fr\/wp-content\/uploads\/2025\/06\/Scroller.jpg\" alt=\"\" width=\"180\" height=\"251\"><\/td>\n<td style=\"text-align: justify;\">\n<div data-expanded=\"false\">\n<h3 style=\"text-align: center;\"><span style=\"color: #993300;\"><strong>J&rsquo;arr\u00eate de scroller (ou presque)<br \/>\n<span style=\"color: #333333;\">Thibaud DUMAS<\/span><\/strong><\/span><\/h3>\n<p><span style=\"color: #000000;\">Savez-vous que nous posons le doigt sur notre smartphone pratiquement 3 000 fois par jour ?<\/span><\/p>\n<p><span style=\"color: #000000;\">Et ce n\u2019est pas tout ! Nous consacrons presque 6 heures par jour \u00e0 surfer sur Internet. Nous sommes 87 % \u00e0 d\u00e9clarer consulter notre t\u00e9l\u00e9phone d\u00e8s le matin et 65 % \u00e0 consid\u00e9rer \u00eatre d\u00e9pendants \u00e0 notre smartphone. Ce livre vous donne toutes les cl\u00e9s pour comprendre pr\u00e9cis\u00e9ment ce qu\u2019est l\u2019hyperconnexion, quelles en sont les cons\u00e9quences (sur le cerveau, l\u2019environnement\u2026) et vous propose des exercices et des conseils pratiques \u00e0 mettre en oeuvre pour mieux ma\u00eetriser votre temps d\u2019\u00e9cran, tant dans la vie personnelle que professionnelle.<\/span><\/p>\n<p><span style=\"color: #000000;\">S\u2019il vous est d\u00e9j\u00e0 arriv\u00e9 de passer une soir\u00e9e en t\u00eate-\u00e0-t\u00eate avec votre moiti\u00e9 viss\u00e9e sur son t\u00e9l\u00e9phone, de stresser \u00e0 cause d\u2019une coupure d\u2019Internet ou encore de retarder l\u2019heure du coucher parce que vous scrollez inlassablement, ce livre est fait pour vous !<\/span><\/p>\n<\/div>\n<\/td>\n<\/tr>\n<tr>\n<td>&nbsp;<\/td>\n<td>&nbsp;<\/td>\n<\/tr>\n<tr>\n<td>&nbsp;<\/td>\n<td style=\"text-align: center;\"><a href=\"https:\/\/www.mediatheque-jeumont.fr\/index.php?lvl=etagere_see&amp;id=991\" target=\"_blank\" rel=\"noopener\"><strong>Cliquez sur ce lien pour d\u00e9couvrir<br \/>\n<\/strong><strong>les nouveaux titres dans la cat\u00e9gorie \u00abDocumentaires\u00bb<\/strong><\/a><\/td>\n<\/tr>\n<tr>\n<td>&nbsp;<\/td>\n<td>&nbsp;<\/td>\n<\/tr>\n<tr>\n<td>\n<h3 style=\"text-align: center;\"><span style=\"text-decoration: underline;\"><strong><span style=\"color: #666699; text-decoration: underline;\">Bandes dessin\u00e9es<br \/>\n<\/span><\/strong><\/span><\/h3>\n<\/td>\n<td>&nbsp;<\/td>\n<\/tr>\n<tr valign=\"top\">\n<td valign=\"top\" width=\"200px\"><img loading=\"lazy\" decoding=\"async\" class=\"alignnone size-full wp-image-17858\" src=\"http:\/\/www.lamediatheque-jeumont.fr\/wp-content\/uploads\/2025\/06\/Brigantus.jpg\" alt=\"\" width=\"180\" height=\"240\"><\/td>\n<td style=\"text-align: justify;\">\n<div data-expanded=\"false\">\n<h3 style=\"text-align: center;\"><span style=\"color: #993300;\"><strong><span style=\"color: #993300;\">Brigantus &#8211; Tome 1<\/span><br \/>\n<span style=\"color: #000000;\">Hermann <span style=\"color: #808080;\">et<\/span> Yves H.<\/span><\/strong><\/span><\/h3>\n<\/div>\n<p><span style=\"color: #000000;\"><span class=\"a-text-bold a-text-italic\">Au sein de la centurie, tout le monde conna\u00eet Melonius Brigantus, dit \u00ab Le Picte \u00bb. Un monstre, une machine de guerre. L\u2019image vivante de la barbarie que les l\u00e9gions romaines sont venues combattre en \u00c9cosse. Et \u00e0 pr\u00e9sent, la survie des quelques rescap\u00e9s d\u2019une bataille particuli\u00e8rement sanglante ne tient qu\u2019au bon vouloir de celui qu\u2019ils ont toujours tenu \u00e0 l\u2019\u00e9cart. Et Jupiter seul sait ce qui peut se passer dans la t\u00eate du Picte\u2026 <\/span><\/span><\/td>\n<\/tr>\n<tr>\n<td>&nbsp;<\/td>\n<td>&nbsp;<\/td>\n<\/tr>\n<tr>\n<td>&nbsp;<\/td>\n<td style=\"text-align: center;\"><a href=\"https:\/\/www.mediatheque-jeumont.fr\/index.php?lvl=etagere_see&amp;id=992\" target=\"_blank\" rel=\"noopener\"><strong>Cliquez sur ce lien pour d\u00e9couvrir<br \/>\n<\/strong><strong>les nouveaux titres dans la cat\u00e9gorie \u00abBandes dessin\u00e9es\u00bb<\/strong><\/a><\/td>\n<\/tr>\n<\/tbody>\n<\/table>\n","protected":false},"excerpt":{"rendered":"<p>Romans<\/p>\n<p>&nbsp;<\/p>\n<p>&nbsp;<br \/>\n&nbsp;<\/p>\n<p>Villa Gloria<br \/>\nSerena GIULIANO<br \/>\nBienvenue dans les Pouilles, \u00e0 Villa Gloria, une maison d&rsquo;h\u00f4tes pas comme les autres !\u00c0 Villa Gloria, Iris et sa m\u00e8re, qui a donn\u00e9 son nom \u00e0 sa maison, veillent \u00e0 ce que chaque client se sente comme chez lui. En cette semaine d&rsquo;avril, les nouveaux venus promettent un cru d&rsquo;exception.<br \/>\nGregorio est [&#8230;]<\/p>\n","protected":false},"author":3,"featured_media":0,"comment_status":"closed","ping_status":"closed","sticky":false,"template":"","format":"standard","meta":{"ngg_post_thumbnail":0,"footnotes":""},"categories":[73,110],"tags":[],"class_list":["post-17851","post","type-post","status-publish","format-standard","hentry","category-coups-de-coeur-et-nouveautes","category-jeumont"],"publishpress_future_action":{"enabled":false,"date":"2026-05-06 07:00:36","action":"change-status","newStatus":"draft","terms":[],"taxonomy":"category","extraData":[]},"publishpress_future_workflow_manual_trigger":{"enabledWorkflows":[]},"_links":{"self":[{"href":"http:\/\/www.lamediatheque-jeumont.fr\/index.php?rest_route=\/wp\/v2\/posts\/17851","targetHints":{"allow":["GET"]}}],"collection":[{"href":"http:\/\/www.lamediatheque-jeumont.fr\/index.php?rest_route=\/wp\/v2\/posts"}],"about":[{"href":"http:\/\/www.lamediatheque-jeumont.fr\/index.php?rest_route=\/wp\/v2\/types\/post"}],"author":[{"embeddable":true,"href":"http:\/\/www.lamediatheque-jeumont.fr\/index.php?rest_route=\/wp\/v2\/users\/3"}],"replies":[{"embeddable":true,"href":"http:\/\/www.lamediatheque-jeumont.fr\/index.php?rest_route=%2Fwp%2Fv2%2Fcomments&post=17851"}],"version-history":[{"count":10,"href":"http:\/\/www.lamediatheque-jeumont.fr\/index.php?rest_route=\/wp\/v2\/posts\/17851\/revisions"}],"predecessor-version":[{"id":17868,"href":"http:\/\/www.lamediatheque-jeumont.fr\/index.php?rest_route=\/wp\/v2\/posts\/17851\/revisions\/17868"}],"wp:attachment":[{"href":"http:\/\/www.lamediatheque-jeumont.fr\/index.php?rest_route=%2Fwp%2Fv2%2Fmedia&parent=17851"}],"wp:term":[{"taxonomy":"category","embeddable":true,"href":"http:\/\/www.lamediatheque-jeumont.fr\/index.php?rest_route=%2Fwp%2Fv2%2Fcategories&post=17851"},{"taxonomy":"post_tag","embeddable":true,"href":"http:\/\/www.lamediatheque-jeumont.fr\/index.php?rest_route=%2Fwp%2Fv2%2Ftags&post=17851"}],"curies":[{"name":"wp","href":"https:\/\/api.w.org\/{rel}","templated":true}]}}