{"id":17512,"date":"2024-10-02T14:43:02","date_gmt":"2024-10-02T12:43:02","guid":{"rendered":"https:\/\/www.lamediatheque-jeumont.fr\/?p=17512"},"modified":"2024-10-02T14:51:47","modified_gmt":"2024-10-02T12:51:47","slug":"jeumont-rentree-litteraire-2","status":"publish","type":"post","link":"http:\/\/www.lamediatheque-jeumont.fr\/?p=17512","title":{"rendered":"Jeumont : rentr\u00e9e litt\u00e9raire"},"content":{"rendered":"<table border=\"0\" width=\"650\" align=\"justify\">\n<tbody>\n<tr>\n<td>\n<h3 style=\"text-align: center;\"><span style=\"text-decoration: underline;\"><strong><span style=\"color: #666699; text-decoration: underline;\">Romans<\/span><\/strong><\/span><\/h3>\n<\/td>\n<td>&nbsp;<\/td>\n<\/tr>\n<tr>\n<td>&nbsp;<\/td>\n<td>&nbsp;<\/td>\n<\/tr>\n<tr valign=\"top\">\n<td valign=\"top\" width=\"200px\"><img loading=\"lazy\" decoding=\"async\" class=\"alignnone size-full wp-image-17514\" src=\"http:\/\/www.lamediatheque-jeumont.fr\/wp-content\/uploads\/2024\/10\/71RhG2Q8BL._SL1299_.jpg\" alt=\"\" width=\"180\" height=\"273\"><\/td>\n<td style=\"text-align: justify;\">\n<h3 style=\"text-align: center;\"><span style=\"color: #993300;\"><strong>Le Syndrome de l&rsquo;Orangerie<\/strong><\/span><br \/>\nGr\u00e9goire BOUILLER<\/h3>\n<p><span style=\"color: #000000;\">En se rendant au mus\u00e9e de l&rsquo;Orangerie, voici que, devant Les Nymph\u00e9as de Monet, l&rsquo;auteur est pris d&rsquo;une crise d&rsquo;angoisse. Contre toute attente, les Grands Panneaux d\u00e9clenchent chez lui un vrai malaise. Sans doute l&rsquo;art doit-il autant \u00e0 l&rsquo;artiste qu&rsquo;au \u00ab\u00a0regardeur\u00a0\u00bb &#8211; mais encore ? Redevenant pour l&rsquo;occasion le d\u00e9tective Bmore, <strong>Gr\u00e9goire Bouillier<\/strong> d\u00e9cide d&rsquo;en avoir le coeur net. Les Nymph\u00e9as de Monet cacheraient-ils un sombre secret ? Monet y aurait-il enterr\u00e9 quelque chose ou m\u00eame quelqu&rsquo;un ? Et pourquoi des nymph\u00e9as, d&rsquo;abord ? Pourquoi Monet peignit-il les fleurs de son jardin jusqu&rsquo;\u00e0 l&rsquo;obsession &#8211; au bas mot quatre cents fois pendant trente ans ? Obsession pour obsession, commence alors une folle enqu\u00eate qui, entre botanique, vie amoureuse de Monet et inconscient de l&rsquo;oeuvre, m\u00e8nera Bmore de l&rsquo;Orangerie \u00e0 Giverny en passant par le Japon et m\u00eame par Auschwitz-Birkenau, pour tenter d&rsquo;\u00e9lucider son \u00ab\u00a0syndrome de l&rsquo;Orangerie\u00a0\u00bb. Lequel concerne plus de monde qu&rsquo;on l&rsquo;imagine. Lequel dit qu&rsquo;entre l&rsquo;oeil qui voit et la chose qui est vue, il y a un myst\u00e8re qui n&rsquo;est pas seulement celui de la peinture.<\/span><\/td>\n<\/tr>\n<tr>\n<td>&nbsp;<\/td>\n<td>&nbsp;<\/td>\n<\/tr>\n<tr>\n<td>&nbsp;<\/td>\n<td style=\"text-align: center;\"><a href=\"https:\/\/www.mediatheque-jeumont.fr\/index.php?lvl=etagere_see&amp;id=963\" target=\"_blank\" rel=\"noopener\"><strong>Cliquez sur ce lien pour d\u00e9couvrir les nouveaux titres dans la cat\u00e9gorie \u00abRomans\u00bb<\/strong><\/a><\/td>\n<\/tr>\n<tr>\n<td>&nbsp;<\/td>\n<td>&nbsp;<\/td>\n<\/tr>\n<tr>\n<td>\n<h3 style=\"text-align: center;\"><span style=\"text-decoration: underline;\"><strong><span style=\"color: #666699; text-decoration: underline;\">Romans policiers<\/span><\/strong><\/span><\/h3>\n<\/td>\n<td>&nbsp;<\/td>\n<\/tr>\n<tr>\n<td>&nbsp;<\/td>\n<td>&nbsp;<\/td>\n<\/tr>\n<tr valign=\"top\">\n<td width=\"200px\">&nbsp;<\/p>\n<p><img loading=\"lazy\" decoding=\"async\" class=\"alignnone size-full wp-image-17515\" src=\"http:\/\/www.lamediatheque-jeumont.fr\/wp-content\/uploads\/2024\/10\/81cGkWrwifL._SL1500_.jpg\" alt=\"\" width=\"180\" height=\"261\"><\/td>\n<td style=\"text-align: justify;\">\n<h3 style=\"text-align: center;\"><span style=\"color: #993300;\"><strong>Le Roi du silence<br \/>\n<\/strong><\/span>Claire FAVAN<\/h3>\n<p><span style=\"color: #000000;\">Il y a Alex, orphelin de m\u00e8re et fils de flic. Et puis il y a Jules, \u00e9lev\u00e9 par une femme seule aupr\u00e8s de sa s\u0153ur handicap\u00e9e. Deux cousins unis par un lourd secret. \u00c0 moins de quinze ans, ils portent deux morts sur la conscience : celles d\u2019une jeune conductrice et de son b\u00e9b\u00e9. Un coupable : Jules. Mais, parce qu\u2019il l\u2019a b\u00eatement pouss\u00e9 \u00e0 commettre l\u2019irr\u00e9parable, Alex s\u2019est mis en t\u00eate de le prot\u00e9ger. Alors, quand deux ans plus tard, au cours d\u2019une soir\u00e9e alcoolis\u00e9e, les deux gar\u00e7ons se retrouvent avec le cadavre d\u2019une camarade de lyc\u00e9e sur les bras, c\u2019est au p\u00e8re d\u2019Alex de faire dispara\u00eetre les preuves. Une d\u00e9cision qui lui co\u00fbtera cher.<\/span><br \/>\n<span style=\"color: #000000;\">Dans cette trajectoire in\u00e9luctable vers le crime, un nouveau drame survient, et l\u2019un des deux cousins est envoy\u00e9 en prison. Qu\u2019est-ce qui pousse ce gamin \u00e0 se laisser accuser en pr\u00e9f\u00e9rant le silence ? C\u2019est ce que va tenter d\u2019\u00e9claircir la capitaine de police Corinne Amboise, bien d\u00e9termin\u00e9e \u00e0 mener ce qui se r\u00e9v\u00e9lera une suffocante chasse \u00e0 l\u2019homme.<\/span><\/td>\n<\/tr>\n<tr>\n<td>&nbsp;<\/td>\n<td>&nbsp;<\/td>\n<\/tr>\n<tr>\n<td>&nbsp;<\/td>\n<td style=\"text-align: center;\"><a href=\"https:\/\/www.mediatheque-jeumont.fr\/index.php?lvl=etagere_see&amp;id=964\" target=\"_blank\" rel=\"noopener\"><strong>Cliquez sur ce lien pour d\u00e9couvrir<\/strong><strong> les nouveaux<\/strong><strong> titres dans la cat\u00e9gorie \u00abRomans policiers\u00bb<\/strong><\/a><\/td>\n<\/tr>\n<tr>\n<td>&nbsp;<\/td>\n<td>&nbsp;<\/td>\n<\/tr>\n<tr>\n<td>\n<h3 style=\"text-align: center;\"><span style=\"text-decoration: underline;\"><strong><span style=\"color: #666699; text-decoration: underline;\">Science-fiction<\/span><\/strong><\/span><\/h3>\n<\/td>\n<td>&nbsp;<\/td>\n<\/tr>\n<tr>\n<td>&nbsp;<\/td>\n<td>&nbsp;<\/td>\n<\/tr>\n<tr valign=\"top\">\n<td width=\"200px\"><img loading=\"lazy\" decoding=\"async\" class=\"alignnone size-full wp-image-17517\" src=\"http:\/\/www.lamediatheque-jeumont.fr\/wp-content\/uploads\/2024\/10\/91eNqZHWLYL._SL1500_.jpg\" alt=\"\" width=\"180\" height=\"279\"><\/td>\n<td style=\"text-align: justify;\">\n<h3 style=\"text-align: center;\"><span style=\"color: #993300;\"><strong>Fourth Wing<\/strong><\/span><br \/>\n<span style=\"color: #000000;\">Rebecca YARROS<br \/>\n<\/span><\/h3>\n<div id=\"iframeContent\" dir=\"auto\">\n<div id=\"iframeContent\" dir=\"auto\">\n<div class=\"a-expander-content a-expander-partial-collapse-content\" data-expanded=\"false\">\n<p><span class=\"a-text-bold\" style=\"color: #000000;\">Passer toutes les \u00e9preuves\u2026 ou mourir !<\/span><\/p>\n<p><span style=\"color: #000000;\">Rien ne pr\u00e9destinait Violet Sorrengail \u00e0 \u00eatre une cavali\u00e8re. Elle \u00e9tait cens\u00e9e int\u00e9grer le quadrant des Scribes et mener une vie tranquille parmi les livres. Elle dont les os sont si fragiles qu\u2019ils peuvent se briser en un instant\u2026<\/span><\/p>\n<p><span style=\"color: #000000;\">Mais aujourd\u2019hui est le jour des conscriptions, et en tant que fille de la G\u00e9n\u00e9rale &#8211; elle-m\u00eame cavali\u00e8re et dresseuse de dragons -, Violet n\u2019a d\u2019autre choix que de satisfaire les ordres de sa m\u00e8re, et de rejoindre les \u00e9preuves de s\u00e9lection pour devenir dragonni\u00e8re\u2026 L\u2019\u00e9lite de la Navarre !<\/span><\/p>\n<p><span style=\"color: #000000;\">Pourtant, le simple fait d\u2019envisager s\u2019inscrire \u00e0 cette comp\u00e9tition lui para\u00eet ridicule\u2026 Car les dragons ne se lient pas aux humains \u00ab fragiles \u00bb : ils les br\u00fblent ! Mais Violet est peut-\u00eatre la candidate la moins forte physiquement, elle est cependant rus\u00e9e et rapide. Des qualit\u00e9s indispensables quand on \u00e9volue dans un monde sans foi ni loi, o\u00f9 les alli\u00e9s peuvent vite devenir des ennemis, ou peut-\u00eatre encore des conqu\u00eates\u2026 Violet va vite devoir penser \u00e0 un plan solide, car cette comp\u00e9tition n\u2019a que deux issues : passer toutes les \u00e9preuves ou mourir !<\/span><\/p>\n<\/div>\n<\/div>\n<\/div>\n<\/td>\n<\/tr>\n<tr>\n<td>&nbsp;<\/td>\n<td>&nbsp;<\/td>\n<\/tr>\n<tr>\n<td>&nbsp;<\/td>\n<td style=\"text-align: center;\"><a href=\"https:\/\/www.mediatheque-jeumont.fr\/index.php?lvl=etagere_see&amp;id=965\" target=\"_blank\" rel=\"noopener\"><strong>Cliquez sur ce lien pour d\u00e9couvrir<\/strong><strong> les nouveaux titres dans la cat\u00e9gorie \u00abScience-fiction\u00bb<\/strong><\/a><\/td>\n<\/tr>\n<tr>\n<td>&nbsp;<\/td>\n<td>&nbsp;<\/td>\n<\/tr>\n<tr>\n<td>\n<h3 style=\"text-align: center;\"><span style=\"text-decoration: underline;\"><strong><span style=\"color: #666699; text-decoration: underline;\">Romans en<br \/>\ngrands caract\u00e8res<br \/>\n<\/span><\/strong><\/span><\/h3>\n<\/td>\n<td>&nbsp;<\/td>\n<\/tr>\n<tr valign=\"top\">\n<td valign=\"top\" width=\"200px\"><img loading=\"lazy\" decoding=\"async\" class=\"alignnone size-full wp-image-17520\" src=\"http:\/\/www.lamediatheque-jeumont.fr\/wp-content\/uploads\/2024\/10\/81tE5oeoJoL._SL1500_.jpg\" alt=\"\" width=\"180\" height=\"289\"><\/td>\n<td style=\"text-align: justify;\">\n<h3 style=\"text-align: center;\"><span style=\"color: #993300;\"><strong>L&rsquo;Aigui\u00e8re bris\u00e9e<br \/>\n<span style=\"color: #000000;\">Jean-Guy SOUMY<\/span><br \/>\n<\/strong><\/span><\/h3>\n<div>\n<div id=\"bookDescription_feature_div\" class=\"celwidget\" data-feature-name=\"bookDescription\" data-csa-c-type=\"widget\" data-csa-c-content-id=\"bookDescription\" data-csa-c-slot-id=\"bookDescription_feature_div\" data-csa-c-asin=\"2415005479\" data-csa-c-is-in-initial-active-row=\"false\" data-csa-c-id=\"4754hv-jiu9tx-cc0p3i-3afxsw\" data-cel-widget=\"bookDescription_feature_div\">\n<div class=\"a-expander-collapsed-height a-row a-expander-container a-spacing-base a-expander-partial-collapse-container\" data-a-expander-name=\"book_description_expander\" data-a-expander-collapsed-height=\"140\">\n<div class=\"a-expander-content a-expander-partial-collapse-content a-expander-content-expanded\" aria-expanded=\"true\">\n<p><span style=\"color: #000000;\">\u00c0 la fin du XVIII<sup>e <\/sup>si\u00e8cle, le roman de deux mondes, celui de la for\u00eat et celui de la verrerie, et le portrait d&rsquo;une pionni\u00e8re flamboyante et r\u00e9solue, experte dans la science des plantes, qui s&rsquo;engage pour la sauvegarde d&rsquo;une for\u00eat.<\/span><br \/>\n<span style=\"color: #000000;\">Singuli\u00e8re, \u00e9rudite, du vif-argent. Si sa vocation est \u00e9vidente, la jeune Anth\u00e9a est confin\u00e9e dans l&rsquo;ombre de son p\u00e8re, \u00e9minent botaniste qui l&rsquo;a initi\u00e9e \u00e0 la science d\u00e8s l&rsquo;enfance. Elle poursuit ses recherches, certaines sous la direction du grand naturaliste Buffon. Pourtant elle ne re\u00e7oit aucune reconnaissance des acad\u00e9mies savantes. Car n\u00e9e femme.<\/span><br \/>\n<span style=\"color: #000000;\">\u00c0 la faveur d&rsquo;un voyage en Haute-Auvergne o\u00f9 elle accompagne son p\u00e8re, elle fait la rencontre d&rsquo;\u00c9tienne. Tout les oppose : elle est une fille des Lumi\u00e8res, \u00e9prise de libert\u00e9 ; lui, un homme de traditions. \u00c0 ses c\u00f4t\u00e9s, fascin\u00e9e, elle d\u00e9couvre un autre savoir d&rsquo;excellence : celui des ma\u00eetres verriers.<\/span><br \/>\n<span style=\"color: #000000;\">Une relation teint\u00e9e de d\u00e9fiance et d&rsquo;attraction se tisse entre eux, aussi fragile qu&rsquo;une aigui\u00e8re souffl\u00e9e&#8230;<\/span><\/p>\n<\/div>\n<\/div>\n<\/div>\n<\/div>\n<\/td>\n<\/tr>\n<tr>\n<td>&nbsp;<\/td>\n<td>&nbsp;<\/td>\n<\/tr>\n<tr>\n<td>&nbsp;<\/td>\n<td style=\"text-align: center;\"><a href=\"https:\/\/www.mediatheque-jeumont.fr\/index.php?lvl=etagere_see&amp;id=1002\" target=\"_blank\" rel=\"noopener\"><strong>Cliquez sur ce lien pour d\u00e9couvrir<br \/>\n<\/strong><strong>les nouveaux titres dans la cat\u00e9gorie<br \/>\n\u00abRomans en grands caract\u00e8res\u00bb<\/strong><\/a><\/td>\n<\/tr>\n<tr>\n<td>&nbsp;<\/td>\n<td>&nbsp;<\/td>\n<\/tr>\n<tr>\n<td>\n<h3 style=\"text-align: center;\"><span style=\"text-decoration: underline;\"><strong><span style=\"color: #666699; text-decoration: underline;\">Documentaires<br \/>\n<\/span><\/strong><\/span><\/h3>\n<\/td>\n<td>&nbsp;<\/td>\n<\/tr>\n<tr valign=\"top\">\n<td valign=\"top\" width=\"200px\"><img loading=\"lazy\" decoding=\"async\" class=\"alignnone size-full wp-image-17519\" src=\"http:\/\/www.lamediatheque-jeumont.fr\/wp-content\/uploads\/2024\/10\/81XpC2esxL._SL1500_.jpg\" alt=\"\" width=\"180\" height=\"274\"><\/td>\n<td style=\"text-align: justify;\">\n<h3 style=\"text-align: center;\"><span style=\"color: #993300;\"><strong>La Mort en face<br \/>\n<\/strong><\/span>Philippe BOXHO<\/h3>\n<div>\n<div id=\"bookDescription_feature_div\" class=\"celwidget\" data-feature-name=\"bookDescription\" data-csa-c-type=\"widget\" data-csa-c-content-id=\"bookDescription\" data-csa-c-slot-id=\"bookDescription_feature_div\" data-csa-c-asin=\"2415005479\" data-csa-c-is-in-initial-active-row=\"false\" data-csa-c-id=\"4754hv-jiu9tx-cc0p3i-3afxsw\" data-cel-widget=\"bookDescription_feature_div\">\n<div class=\"a-expander-collapsed-height a-row a-expander-container a-spacing-base a-expander-partial-collapse-container\" data-a-expander-name=\"book_description_expander\" data-a-expander-collapsed-height=\"140\">\n<div class=\"a-expander-content a-expander-partial-collapse-content a-expander-content-expanded\" aria-expanded=\"true\"><span style=\"color: #000000;\">M\u00e9decin l\u00e9giste et professeur en criminologie depuis plus de trente ans, <strong>Philippe Boxho<\/strong> est l\u2019auteur de livres qui ont permis \u00e0 un tr\u00e8s large public de d\u00e9couvrir le monde fascinant de la m\u00e9decine l\u00e9gale dans sa r\u00e9alit\u00e9 la plus crue, bien loin de l\u2019image v\u00e9hicul\u00e9e par la fiction.<\/span><br \/>\n<span style=\"color: #000000;\">Il nous revient avec un troisi\u00e8me ouvrage dans lequel il n\u2019h\u00e9site plus \u00e0 se livrer tout en nous contant des histoires v\u00e9cues, des histoires \u00e9mouvantes, \u00e9tonnantes,interpellantes. Son regard ac\u00e9r\u00e9 sur notre soci\u00e9t\u00e9 nous ouvre les yeux sur certains de ses travers et nous invite \u00e0 la r\u00e9flexion. Par le biais de ces histoires sur la mort, c\u2019est la vie qui nous appara\u00eet dans toute sa beaut\u00e9, mais aussi l\u2019humain dans ce qu\u2019il a de plus inqui\u00e9tant. Du myst\u00e8re entourant la mort de Napol\u00e9on \u00e0 la fermi\u00e8re noy\u00e9e par son mari dans une cuve \u00e0 lait en passant par les dangers du haschich et de l\u2019alcool, il nous immerge plus profond\u00e9ment que jamais dans les coulisses des enqu\u00eates sur les morts accidentelles, les suicides et les meurtres, des plus c\u00e9l\u00e8bres aux plus confidentielles.<\/span><\/div>\n<\/div>\n<\/div>\n<\/div>\n<\/td>\n<\/tr>\n<tr>\n<td>&nbsp;<\/td>\n<td>&nbsp;<\/td>\n<\/tr>\n<tr>\n<td>&nbsp;<\/td>\n<td style=\"text-align: center;\"><a href=\"https:\/\/www.mediatheque-jeumont.fr\/index.php?lvl=etagere_see&amp;id=966\" target=\"_blank\" rel=\"noopener\"><strong>Cliquez sur ce lien pour d\u00e9couvrir<br \/>\n<\/strong><strong>les nouveaux titres dans la cat\u00e9gorie \u00abDocumentaires\u00bb<\/strong><\/a><\/td>\n<\/tr>\n<tr>\n<td>&nbsp;<\/td>\n<td>&nbsp;<\/td>\n<\/tr>\n<tr>\n<td>\n<h3 style=\"text-align: center;\"><span style=\"text-decoration: underline;\"><strong><span style=\"color: #666699; text-decoration: underline;\">Bandes dessin\u00e9es<br \/>\n<\/span><\/strong><\/span><\/h3>\n<\/td>\n<td>&nbsp;<\/td>\n<\/tr>\n<tr valign=\"top\">\n<td valign=\"top\" width=\"200px\"><img loading=\"lazy\" decoding=\"async\" class=\"alignnone size-full wp-image-17522\" src=\"http:\/\/www.lamediatheque-jeumont.fr\/wp-content\/uploads\/2024\/10\/81yBmrhMrwL._SL1500_.jpg\" alt=\"\" width=\"180\" height=\"240\"><\/td>\n<td style=\"text-align: justify;\">\n<h3 style=\"text-align: center;\"><span style=\"color: #993300;\"><strong>Wild West &#8211; Tome 4 : \u00ab\u00a0La Boue et le sang\u00a0\u00bb<\/strong><\/span><br \/>\nThierry GLORIS<br \/>\net Jacques LAMONTAGNE<\/h3>\n<div>\n<div id=\"bookDescription_feature_div\" class=\"celwidget\" data-feature-name=\"bookDescription\" data-csa-c-type=\"widget\" data-csa-c-content-id=\"bookDescription\" data-csa-c-slot-id=\"bookDescription_feature_div\" data-csa-c-asin=\"B0CKMJK4GH\" data-csa-c-is-in-initial-active-row=\"false\" data-csa-c-id=\"ec3oa2-iypybw-iv3hau-1p8nue\" data-cel-widget=\"bookDescription_feature_div\">\n<div class=\"a-expander-collapsed-height a-row a-expander-container a-spacing-base a-expander-partial-collapse-container\" data-a-expander-name=\"book_description_expander\" data-a-expander-collapsed-height=\"280\">\n<div class=\"a-expander-content a-expander-partial-collapse-content\" data-expanded=\"false\">Toujours sur la piste du \u00ab tueur-scalpeur \u00bb, Wild Bill, Calamity Jane et Charlie Utter d\u00e9couvrent que le myst\u00e9rieux meurtrier, enfant, a probablement \u00e9t\u00e9 lui-m\u00eame scalp\u00e9 par des Indiens qui ont en outre assassin\u00e9 ses parents&#8230; Pendant ce temps, Graham, employeur du trio et chef de l&rsquo;Union Pacific, accueille les Buffalo Soldiers, soldats noirs qu&rsquo;il a engag\u00e9s pour prot\u00e9ger le chantier ferroviaire des raids indiens. Une minorit\u00e9 opprim\u00e9e pour mater des Natives spoli\u00e9s ? L&rsquo;Am\u00e9rique, terre de toutes les libert\u00e9s, ne traite pas tous ses enfants de la m\u00eame mani\u00e8re&#8230; Mais la situation va encore se complexifier lorsque les ouvriers du chemin de fer vont dynamiter un cimeti\u00e8re indien sacr\u00e9&#8230;<\/div>\n<\/div>\n<\/div>\n<\/div>\n<div data-expanded=\"false\">&nbsp;<\/div>\n<div data-expanded=\"false\">Entre fiction, Histoire et exploration sans concession du mythe am\u00e9ricain, la conclusion de l&rsquo;incroyable nouveau diptyque de <em><span class=\"a-text-italic\">Wild West<\/span><\/em>, port\u00e9 par un trio de personnages de l\u00e9gende.<\/div>\n<\/td>\n<\/tr>\n<tr>\n<td>&nbsp;<\/td>\n<td>&nbsp;<\/td>\n<\/tr>\n<tr>\n<td>&nbsp;<\/td>\n<td style=\"text-align: center;\"><a href=\"https:\/\/www.mediatheque-jeumont.fr\/index.php?lvl=etagere_see&amp;id=967\" target=\"_blank\" rel=\"noopener\"><strong>Cliquez sur ce lien pour d\u00e9couvrir<br \/>\n<\/strong><strong>les nouveaux titres dans la cat\u00e9gorie<br \/>\n<\/strong><strong>\u00abBandes dessin\u00e9es\u00bb<\/strong><\/a><\/td>\n<\/tr>\n<\/tbody>\n<\/table>\n<p>&nbsp;<\/p>\n","protected":false},"excerpt":{"rendered":"<p>Romans<\/p>\n<p>&nbsp;<\/p>\n<p>&nbsp;<br \/>\n&nbsp;<\/p>\n<p>Le Syndrome de l&rsquo;Orangerie<br \/>\nGr\u00e9goire BOUILLER<br \/>\nEn se rendant au mus\u00e9e de l&rsquo;Orangerie, voici que, devant Les Nymph\u00e9as de Monet, l&rsquo;auteur est pris d&rsquo;une crise d&rsquo;angoisse. Contre toute attente, les Grands Panneaux d\u00e9clenchent chez lui un vrai malaise. Sans doute l&rsquo;art doit-il autant \u00e0 l&rsquo;artiste qu&rsquo;au \u00ab\u00a0regardeur\u00a0\u00bb &#8211; mais encore ? Redevenant pour l&rsquo;occasion le d\u00e9tective Bmore, [&#8230;]<\/p>\n","protected":false},"author":3,"featured_media":0,"comment_status":"closed","ping_status":"closed","sticky":false,"template":"","format":"standard","meta":{"ngg_post_thumbnail":0,"footnotes":""},"categories":[73,110],"tags":[],"class_list":["post-17512","post","type-post","status-publish","format-standard","hentry","category-coups-de-coeur-et-nouveautes","category-jeumont"],"publishpress_future_action":{"enabled":false,"date":"2026-05-07 15:19:39","action":"change-status","newStatus":"draft","terms":[],"taxonomy":"category","extraData":[]},"publishpress_future_workflow_manual_trigger":{"enabledWorkflows":[]},"_links":{"self":[{"href":"http:\/\/www.lamediatheque-jeumont.fr\/index.php?rest_route=\/wp\/v2\/posts\/17512","targetHints":{"allow":["GET"]}}],"collection":[{"href":"http:\/\/www.lamediatheque-jeumont.fr\/index.php?rest_route=\/wp\/v2\/posts"}],"about":[{"href":"http:\/\/www.lamediatheque-jeumont.fr\/index.php?rest_route=\/wp\/v2\/types\/post"}],"author":[{"embeddable":true,"href":"http:\/\/www.lamediatheque-jeumont.fr\/index.php?rest_route=\/wp\/v2\/users\/3"}],"replies":[{"embeddable":true,"href":"http:\/\/www.lamediatheque-jeumont.fr\/index.php?rest_route=%2Fwp%2Fv2%2Fcomments&post=17512"}],"version-history":[{"count":17,"href":"http:\/\/www.lamediatheque-jeumont.fr\/index.php?rest_route=\/wp\/v2\/posts\/17512\/revisions"}],"predecessor-version":[{"id":17535,"href":"http:\/\/www.lamediatheque-jeumont.fr\/index.php?rest_route=\/wp\/v2\/posts\/17512\/revisions\/17535"}],"wp:attachment":[{"href":"http:\/\/www.lamediatheque-jeumont.fr\/index.php?rest_route=%2Fwp%2Fv2%2Fmedia&parent=17512"}],"wp:term":[{"taxonomy":"category","embeddable":true,"href":"http:\/\/www.lamediatheque-jeumont.fr\/index.php?rest_route=%2Fwp%2Fv2%2Fcategories&post=17512"},{"taxonomy":"post_tag","embeddable":true,"href":"http:\/\/www.lamediatheque-jeumont.fr\/index.php?rest_route=%2Fwp%2Fv2%2Ftags&post=17512"}],"curies":[{"name":"wp","href":"https:\/\/api.w.org\/{rel}","templated":true}]}}