{"id":17411,"date":"2025-09-02T09:59:09","date_gmt":"2025-09-02T07:59:09","guid":{"rendered":"http:\/\/www.lamediatheque-jeumont.fr\/?p=17411"},"modified":"2025-09-02T10:15:01","modified_gmt":"2025-09-02T08:15:01","slug":"jeumont-presentation-de-la-saison-culturelle-2","status":"publish","type":"post","link":"http:\/\/www.lamediatheque-jeumont.fr\/?p=17411","title":{"rendered":"Jeumont : pr\u00e9sentation de la saison culturelle"},"content":{"rendered":"<table width=\"650\">\n<tbody>\n<tr>\n<td>\n<p style=\"text-align: center;\"><img loading=\"lazy\" decoding=\"async\" class=\"alignnone size-full wp-image-17923\" src=\"http:\/\/www.lamediatheque-jeumont.fr\/wp-content\/uploads\/2025\/09\/affiche-presentation-saison-culturelle-2025-2026.pdf-11.jpg\" alt=\"\" width=\"640\" height=\"905\" srcset=\"http:\/\/www.lamediatheque-jeumont.fr\/wp-content\/uploads\/2025\/09\/affiche-presentation-saison-culturelle-2025-2026.pdf-11.jpg 640w, http:\/\/www.lamediatheque-jeumont.fr\/wp-content\/uploads\/2025\/09\/affiche-presentation-saison-culturelle-2025-2026.pdf-11-248x350.jpg 248w\" sizes=\"auto, (max-width: 640px) 100vw, 640px\" \/><\/p>\n<\/td>\n<\/tr>\n<tr>\n<td style=\"text-align: center;\"><span style=\"color: #000000;\">La programmation de la nouvelle saison culturelle&nbsp;sera d\u00e9voil\u00e9e<br \/>\n<strong><span style=\"color: #993300;\">Vendredi 12 septembre<\/span> \u00e0 19h00<br \/>\n<span style=\"color: #808080;\">\u00e0 la m\u00e9diath\u00e8que<\/span><\/strong> <\/span><\/td>\n<\/tr>\n<tr>\n<td style=\"text-align: center;\">\n<p style=\"text-align: left;\"><span style=\"color: #000000;\">\u00c0 cette occasion, <strong>venez assister \u00e0 un concert gratuit<\/strong> et partager un moment convivial autour d\u2019un programme riche et \u00e9clectique : il y en aura pour tous les go\u00fbts !<\/span><\/p>\n<p style=\"text-align: left;\"><span style=\"color: #000000;\">Nous vous attendons nombreux pour lancer ensemble cette nouvelle saison !<\/span><\/p>\n<\/td>\n<\/tr>\n<tr>\n<td><strong><span style=\"color: #000000;\">Entr\u00e9e libre tout public.<\/span><\/strong><\/td>\n<\/tr>\n<\/tbody>\n<\/table>\n","protected":false},"excerpt":{"rendered":"<p>La programmation de la nouvelle saison culturelle&nbsp;sera d\u00e9voil\u00e9e<br \/>\nVendredi 12 septembre \u00e0 19h00<br \/>\n\u00e0 la m\u00e9diath\u00e8que <\/p>\n<p>\u00c0 cette occasion, venez assister \u00e0 un concert gratuit et partager un moment convivial autour d\u2019un programme riche et \u00e9clectique : il y en aura pour tous les go\u00fbts !<br \/>\nNous vous attendons nombreux pour lancer ensemble cette nouvelle saison !<\/p>\n<p>Entr\u00e9e libre [&#8230;]<\/p>\n","protected":false},"author":3,"featured_media":0,"comment_status":"closed","ping_status":"closed","sticky":false,"template":"","format":"standard","meta":{"ngg_post_thumbnail":0,"footnotes":""},"categories":[3,98,110],"tags":[],"class_list":["post-17411","post","type-post","status-publish","format-standard","hentry","category-actualite","category-spectacle","category-jeumont"],"publishpress_future_action":{"enabled":false,"date":"2026-05-06 09:34:58","action":"change-status","newStatus":"draft","terms":[],"taxonomy":"category","extraData":[]},"publishpress_future_workflow_manual_trigger":{"enabledWorkflows":[]},"_links":{"self":[{"href":"http:\/\/www.lamediatheque-jeumont.fr\/index.php?rest_route=\/wp\/v2\/posts\/17411","targetHints":{"allow":["GET"]}}],"collection":[{"href":"http:\/\/www.lamediatheque-jeumont.fr\/index.php?rest_route=\/wp\/v2\/posts"}],"about":[{"href":"http:\/\/www.lamediatheque-jeumont.fr\/index.php?rest_route=\/wp\/v2\/types\/post"}],"author":[{"embeddable":true,"href":"http:\/\/www.lamediatheque-jeumont.fr\/index.php?rest_route=\/wp\/v2\/users\/3"}],"replies":[{"embeddable":true,"href":"http:\/\/www.lamediatheque-jeumont.fr\/index.php?rest_route=%2Fwp%2Fv2%2Fcomments&post=17411"}],"version-history":[{"count":18,"href":"http:\/\/www.lamediatheque-jeumont.fr\/index.php?rest_route=\/wp\/v2\/posts\/17411\/revisions"}],"predecessor-version":[{"id":17926,"href":"http:\/\/www.lamediatheque-jeumont.fr\/index.php?rest_route=\/wp\/v2\/posts\/17411\/revisions\/17926"}],"wp:attachment":[{"href":"http:\/\/www.lamediatheque-jeumont.fr\/index.php?rest_route=%2Fwp%2Fv2%2Fmedia&parent=17411"}],"wp:term":[{"taxonomy":"category","embeddable":true,"href":"http:\/\/www.lamediatheque-jeumont.fr\/index.php?rest_route=%2Fwp%2Fv2%2Fcategories&post=17411"},{"taxonomy":"post_tag","embeddable":true,"href":"http:\/\/www.lamediatheque-jeumont.fr\/index.php?rest_route=%2Fwp%2Fv2%2Ftags&post=17411"}],"curies":[{"name":"wp","href":"https:\/\/api.w.org\/{rel}","templated":true}]}}