{"id":17383,"date":"2024-09-06T09:23:58","date_gmt":"2024-09-06T07:23:58","guid":{"rendered":"https:\/\/www.lamediatheque-jeumont.fr\/?p=17383"},"modified":"2024-09-06T09:23:58","modified_gmt":"2024-09-06T07:23:58","slug":"atelier-calligraphie","status":"publish","type":"post","link":"http:\/\/www.lamediatheque-jeumont.fr\/?p=17383","title":{"rendered":"Atelier calligraphie"},"content":{"rendered":"<table width=\"650\">\n<tbody>\n<tr>\n<td>\n<h1 style=\"text-align: center;\"><span style=\"color: #993300;\">L&rsquo;\u00e9criture a son mot a dire<br \/>\n<\/span><\/h1>\n<h1 style=\"text-align: center;\"><span style=\"color: #993300;\"><strong><span style=\"color: #000000;\">Samedi 21 septembre<br \/>\n<span style=\"color: #808080;\">de 10h00 \u00e0 11h30<\/span><br \/>\n<span style=\"color: #808080;\"><span style=\"text-decoration: underline;\">ou<\/span> de 14h00&nbsp; \u00e0 15h30<\/span><br \/>\n<\/span><\/strong><\/span><\/h1>\n<\/td>\n<\/tr>\n<tr>\n<td>\n<h2 style=\"text-align: center;\">(1 s\u00e9ance au choix)<\/h2>\n<h2 style=\"text-align: center;\"><span style=\"color: #808080;\">\u00e0 partir de 16 ans &#8211; dur\u00e9e : 1h30<\/span><\/h2>\n<\/td>\n<\/tr>\n<tr>\n<td>\n<p style=\"text-align: center;\"><img loading=\"lazy\" decoding=\"async\" class=\"alignnone size-full wp-image-17384\" src=\"http:\/\/www.lamediatheque-jeumont.fr\/wp-content\/uploads\/2024\/08\/Image1-copie.png\" alt=\"\" width=\"450\" height=\"248\" srcset=\"http:\/\/www.lamediatheque-jeumont.fr\/wp-content\/uploads\/2024\/08\/Image1-copie.png 450w, http:\/\/www.lamediatheque-jeumont.fr\/wp-content\/uploads\/2024\/08\/Image1-copie-350x193.png 350w\" sizes=\"auto, (max-width: 450px) 100vw, 450px\" \/><\/p>\n<\/td>\n<\/tr>\n<tr>\n<td>&nbsp;<\/td>\n<\/tr>\n<tr>\n<td style=\"text-align: justify;\"><span style=\"color: #000000;\">Cela vous arrive encore d\u2019\u00e9crire \u00e0 la main ? <\/span><br \/>\n<span style=\"color: #000000;\">Et vous aimez les belles \u00e9critures ?&#8230; <\/span><br \/>\n<span style=\"color: #000000;\">Cet atelier est fait pour vous ! <\/span><br \/>\n<strong><span style=\"color: #000000;\">La calligraphie et l\u2019\u00e9criture \u00e0 la plume n\u2019auront plus de secrets pour vous !<\/span><\/strong><\/td>\n<\/tr>\n<tr>\n<td>\n<p style=\"text-align: justify;\"><span style=\"color: #000000;\">Entr\u00e9e gratuite sur r\u00e9servation. Nombre de places limit\u00e9.<\/span><\/p>\n<\/td>\n<\/tr>\n<tr>\n<td><span style=\"color: #000000;\"><span style=\"text-decoration: underline;\">Inscriptions<\/span> \u00e0 la banque d&rsquo;accueil ou au <strong>03 27 58 13 54<\/strong><\/span><\/td>\n<\/tr>\n<\/tbody>\n<\/table>\n","protected":false},"excerpt":{"rendered":"<p>L&rsquo;\u00e9criture a son mot a dire<\/p>\n<p>Samedi 21 septembre<br \/>\nde 10h00 \u00e0 11h30<br \/>\nou de 14h00&nbsp; \u00e0 15h30<\/p>\n<p>(1 s\u00e9ance au choix)<br \/>\n\u00e0 partir de 16 ans &#8211; dur\u00e9e : 1h30<\/p>\n<p>&nbsp;<\/p>\n<p>Cela vous arrive encore d\u2019\u00e9crire \u00e0 la main ?<br \/>\nEt vous aimez les belles \u00e9critures ?&#8230;<br \/>\nCet atelier est fait pour vous !<br \/>\nLa calligraphie et l\u2019\u00e9criture \u00e0 la plume [&#8230;]<\/p>\n","protected":false},"author":3,"featured_media":0,"comment_status":"closed","ping_status":"closed","sticky":false,"template":"","format":"standard","meta":{"ngg_post_thumbnail":0,"footnotes":""},"categories":[98,110],"tags":[],"class_list":["post-17383","post","type-post","status-publish","format-standard","hentry","category-spectacle","category-jeumont"],"publishpress_future_action":{"enabled":false,"date":"2026-05-07 23:26:53","action":"change-status","newStatus":"draft","terms":[],"taxonomy":"category","extraData":[]},"publishpress_future_workflow_manual_trigger":{"enabledWorkflows":[]},"_links":{"self":[{"href":"http:\/\/www.lamediatheque-jeumont.fr\/index.php?rest_route=\/wp\/v2\/posts\/17383","targetHints":{"allow":["GET"]}}],"collection":[{"href":"http:\/\/www.lamediatheque-jeumont.fr\/index.php?rest_route=\/wp\/v2\/posts"}],"about":[{"href":"http:\/\/www.lamediatheque-jeumont.fr\/index.php?rest_route=\/wp\/v2\/types\/post"}],"author":[{"embeddable":true,"href":"http:\/\/www.lamediatheque-jeumont.fr\/index.php?rest_route=\/wp\/v2\/users\/3"}],"replies":[{"embeddable":true,"href":"http:\/\/www.lamediatheque-jeumont.fr\/index.php?rest_route=%2Fwp%2Fv2%2Fcomments&post=17383"}],"version-history":[{"count":3,"href":"http:\/\/www.lamediatheque-jeumont.fr\/index.php?rest_route=\/wp\/v2\/posts\/17383\/revisions"}],"predecessor-version":[{"id":17387,"href":"http:\/\/www.lamediatheque-jeumont.fr\/index.php?rest_route=\/wp\/v2\/posts\/17383\/revisions\/17387"}],"wp:attachment":[{"href":"http:\/\/www.lamediatheque-jeumont.fr\/index.php?rest_route=%2Fwp%2Fv2%2Fmedia&parent=17383"}],"wp:term":[{"taxonomy":"category","embeddable":true,"href":"http:\/\/www.lamediatheque-jeumont.fr\/index.php?rest_route=%2Fwp%2Fv2%2Fcategories&post=17383"},{"taxonomy":"post_tag","embeddable":true,"href":"http:\/\/www.lamediatheque-jeumont.fr\/index.php?rest_route=%2Fwp%2Fv2%2Ftags&post=17383"}],"curies":[{"name":"wp","href":"https:\/\/api.w.org\/{rel}","templated":true}]}}