{"id":17282,"date":"2024-05-16T09:56:59","date_gmt":"2024-05-16T07:56:59","guid":{"rendered":"https:\/\/www.lamediatheque-jeumont.fr\/?p=17282"},"modified":"2024-05-16T09:56:59","modified_gmt":"2024-05-16T07:56:59","slug":"jeumont-decouvrez-nos-dernieres-nouveautes-4","status":"publish","type":"post","link":"http:\/\/www.lamediatheque-jeumont.fr\/?p=17282","title":{"rendered":"Jeumont : d\u00e9couvrez nos derni\u00e8res nouveaut\u00e9s"},"content":{"rendered":"<table border=\"0\" width=\"650\" align=\"justify\">\n<tbody>\n<tr>\n<td>\n<h3 style=\"text-align: center;\"><span style=\"text-decoration: underline;\"><strong><span style=\"color: #666699; text-decoration: underline;\">Romans<\/span><\/strong><\/span><\/h3>\n<\/td>\n<td>&nbsp;<\/td>\n<\/tr>\n<tr>\n<td>&nbsp;<\/td>\n<td>&nbsp;<\/td>\n<\/tr>\n<tr valign=\"top\">\n<td valign=\"top\" width=\"200px\"><img loading=\"lazy\" decoding=\"async\" class=\"alignnone size-full wp-image-17283\" src=\"http:\/\/www.lamediatheque-jeumont.fr\/wp-content\/uploads\/2024\/05\/Gounelle.jpg\" alt=\"\" width=\"180\" height=\"264\"><\/td>\n<td style=\"text-align: justify;\">\n<h3 style=\"text-align: center;\"><span style=\"color: #993300;\"><strong>Un monde presque parfait<\/strong><\/span><span style=\"color: #000000;\"><br \/>\nde Laurent GOUNELLE<br \/>\n<\/span><\/h3>\n<div id=\"adoptedData\" class=\"celwidget\" data-feature-name=\"adoptedData\" data-csa-c-type=\"widget\" data-csa-c-content-id=\"adoptedData\" data-csa-c-slot-id=\"adoptedData\" data-csa-c-asin=\"2863749080\" data-csa-c-is-in-initial-active-row=\"false\" data-csa-c-id=\"zcrbke-69h3ut-40o5wa-tfhp4a\" data-cel-widget=\"adoptedData\"><span style=\"color: #000000;\">Et si le pouvoir de d\u00e9cision \u00e9tait essentiel \u00e0 notre humanit\u00e9 ?<\/span><br \/>\n<span style=\"color: #000000;\">David Lisner, jeune chercheur ambitieux et cart\u00e9sien, vit chez \u00ab les R\u00e9guliers \u00bb, une soci\u00e9t\u00e9 hyper-d\u00e9velopp\u00e9e, hyper-connect\u00e9e qui veille au bien-\u00eatre des individus.<\/span><br \/>\n<span style=\"color: #000000;\">Non loin de l\u00e0, une r\u00e9gion rebelle s\u2019est coup\u00e9e du reste du monde : \u00ab les Exil\u00e9s \u00bb. Fid\u00e8les \u00e0 une certaine philosophie de vie, ils rejettent radicalement cette soci\u00e9t\u00e9.<\/span><br \/>\n<span style=\"color: #000000;\">David Lisner se voit confier malgr\u00e9 lui une mission de haute s\u00e9curit\u00e9 : se rendre dans ce territoire hostile et entrer en contact avec \u00c8ve Montoya, la ni\u00e8ce et l\u2019unique h\u00e9riti\u00e8re de l\u2019\u00e9minent sociologue Robert Solo qui vient de d\u00e9c\u00e9der. Son objectif : r\u00e9cup\u00e9rer un rapport explosif pouvant mettre en p\u00e9ril tout l\u2019\u00e9quilibre de la soci\u00e9t\u00e9 des R\u00e9guliers.<\/span><br \/>\n<span style=\"color: #000000;\">Mais \u00c8ve, une jeune femme \u00e0 la personnalit\u00e9 libre, n\u2019entend pas se laisser dicter sa conduite. D\u2019ailleurs, pourquoi David fait-il ce qu\u2019on attend de lui ?<\/span><\/div>\n<div data-feature-name=\"adoptedData\" data-csa-c-type=\"widget\" data-csa-c-content-id=\"adoptedData\" data-csa-c-slot-id=\"adoptedData\" data-csa-c-asin=\"2863749080\" data-csa-c-is-in-initial-active-row=\"false\" data-csa-c-id=\"zcrbke-69h3ut-40o5wa-tfhp4a\" data-cel-widget=\"adoptedData\">&nbsp;<\/div>\n<div class=\"celwidget\" data-feature-name=\"adoptedData\" data-csa-c-type=\"widget\" data-csa-c-content-id=\"adoptedData\" data-csa-c-slot-id=\"adoptedData\" data-csa-c-asin=\"2863749080\" data-csa-c-is-in-initial-active-row=\"false\" data-csa-c-id=\"zcrbke-69h3ut-40o5wa-tfhp4a\" data-cel-widget=\"adoptedData\"><span style=\"color: #000000;\">Un roman initiatique et original qui donne furieusement envie de retrouver son pouvoir de d\u00e9cision, de jouir de sa libert\u00e9, de se r\u00e9approprier sa vie.<\/span><\/div>\n<\/td>\n<\/tr>\n<tr>\n<td>&nbsp;<\/td>\n<td>&nbsp;<\/td>\n<\/tr>\n<tr>\n<td>&nbsp;<\/td>\n<td style=\"text-align: center;\"><a href=\"https:\/\/www.mediatheque-jeumont.fr\/index.php?lvl=etagere_see&amp;id=958\" target=\"_blank\" rel=\"noopener\"><strong>Cliquez sur ce lien pour d\u00e9couvrir<\/strong><strong> les nouveaux titres dans la cat\u00e9gorie \u00abRomans\u00bb<\/strong><\/a><\/td>\n<\/tr>\n<tr>\n<td>&nbsp;<\/td>\n<td>&nbsp;<\/td>\n<\/tr>\n<tr>\n<td>\n<h3 style=\"text-align: center;\"><span style=\"text-decoration: underline;\"><strong><span style=\"color: #666699; text-decoration: underline;\">Romans policiers<\/span><\/strong><\/span><\/h3>\n<\/td>\n<td>&nbsp;<\/td>\n<\/tr>\n<tr>\n<td>&nbsp;<\/td>\n<td>&nbsp;<\/td>\n<\/tr>\n<tr valign=\"top\">\n<td width=\"200px\"><img loading=\"lazy\" decoding=\"async\" class=\"alignnone size-full wp-image-17285\" src=\"http:\/\/www.lamediatheque-jeumont.fr\/wp-content\/uploads\/2024\/05\/Norferville.png\" alt=\"\" width=\"180\" height=\"268\"><\/td>\n<td style=\"text-align: justify;\">\n<h3 style=\"text-align: center;\"><span style=\"color: #993300;\"><strong>Norferville<br \/>\n<span style=\"color: #000000;\">de Franck THILLIEZ<\/span><br \/>\n<\/strong><\/span><\/h3>\n<div class=\"a-expander-content a-expander-partial-collapse-content\" data-expanded=\"false\"><span style=\"color: #000000;\">Dans l&rsquo;univers hostile du Grand Nord, personne ne vous entend crier.<\/span><span style=\"color: #000000;\">D\u00e9tective et criminologue \u00e0 Lyon, Teddy Schaffran apprend que le corps de sa fille a \u00e9t\u00e9 d\u00e9couvert dans une ville mini\u00e8re tr\u00e8s isol\u00e9e du Grand Nord qu\u00e9b\u00e9cois, Norferville. Morgane a \u00e9t\u00e9 sauvagement mutil\u00e9e, abandonn\u00e9e dans la neige non loin d&rsquo;une r\u00e9serve autochtone. Sans r\u00e9fl\u00e9chir, Teddy plaque tout pour se rendre sur place, bien d\u00e9cid\u00e9 \u00e0 comprendre ce qui s&rsquo;est pass\u00e9. <\/span><br \/>\n<span style=\"color: #000000;\">L\u00e0-bas, L\u00e9onie Rock, une flic m\u00e9tisse, est mise sur l&rsquo;affaire. Elle est alors contrainte de renouer avec cet endroit coup\u00e9 de tout o\u00f9 elle est n\u00e9e et o\u00f9, adolescente, trois inconnus l&rsquo;ont viol\u00e9e. Un retour vers son enfer, alors que les temp\u00e9ratures fr\u00f4lent les -20\u00b0C. <\/span><br \/>\n<span style=\"color: #000000;\">Ensemble, ces deux \u00eatres \u00e9prouv\u00e9s par la vie vont se d\u00e9mener pour trouver des r\u00e9ponses malgr\u00e9 l&rsquo;inhospitalit\u00e9 de la nature et des hommes.<\/span><\/div>\n<\/td>\n<\/tr>\n<tr>\n<td>&nbsp;<\/td>\n<td>&nbsp;<\/td>\n<\/tr>\n<tr>\n<td>&nbsp;<\/td>\n<td style=\"text-align: center;\"><a href=\"https:\/\/www.mediatheque-jeumont.fr\/index.php?lvl=etagere_see&amp;id=959\" target=\"_blank\" rel=\"noopener\"><strong>Cliquez sur ce lien pour d\u00e9couvrir<\/strong><strong> les nouveaux titres dans la cat\u00e9gorie \u00abRomans policiers\u00bb<\/strong><\/a><\/td>\n<\/tr>\n<tr>\n<td>&nbsp;<\/td>\n<td>&nbsp;<\/td>\n<\/tr>\n<tr>\n<td>\n<h3 style=\"text-align: center;\"><span style=\"text-decoration: underline;\"><strong><span style=\"color: #666699; text-decoration: underline;\">SF, Fantastique, &amp; Fantasy<br \/>\n<\/span><\/strong><\/span><\/h3>\n<\/td>\n<td>&nbsp;<\/td>\n<\/tr>\n<tr>\n<td>&nbsp;<\/td>\n<td>&nbsp;<\/td>\n<\/tr>\n<tr valign=\"top\">\n<td width=\"200px\"><img loading=\"lazy\" decoding=\"async\" class=\"alignnone size-full wp-image-17286\" src=\"http:\/\/www.lamediatheque-jeumont.fr\/wp-content\/uploads\/2024\/05\/71riwMKJr-L.png\" alt=\"\" width=\"180\" height=\"251\"><\/td>\n<td style=\"text-align: justify;\">\n<h3 style=\"text-align: center;\"><span style=\"color: #993300;\"><strong>Babel<\/strong><\/span><br \/>\nde R.F. KUANG<\/h3>\n<div id=\"iframeContent\" dir=\"auto\">\n<div id=\"iframeContent\" dir=\"auto\">\n<div class=\"a-expander-content a-expander-partial-collapse-content a-expander-content-expanded\" aria-expanded=\"true\"><span style=\"color: #000000;\">1828. Un jeune orphelin chinois est recueilli \u00e0 Canton par un professeur et conduit \u00e0 Londres. Rebaptis\u00e9 Robin Swift, le jeune gar\u00e7on consacre ses journ\u00e9es \u00e0 l&rsquo;\u00e9tude des langues dans l&rsquo;optique d&rsquo;int\u00e9grer le prestigieux Institut royal de traduction de l&rsquo;Universit\u00e9 d&rsquo;Oxford, plus connu sous le nom de <span class=\"a-text-bold\">Babel<\/span>. Berceau de l&rsquo;argentogravure, les \u00e9tudiants y exploitent le sens perdu des mots \u00e0 l&rsquo;aide de barres d&rsquo;argent enchant\u00e9es. <\/span><br \/>\n<span style=\"color: #000000;\">D\u00e8s ses premiers jours \u00e0 Oxford, Robin prend conscience que ces travaux conf\u00e8rent \u00e0 l&rsquo;Empire britannique une puissance in\u00e9gal\u00e9e et servent sa soif de colonisation, au d\u00e9triment des classes d\u00e9favoris\u00e9es de la soci\u00e9t\u00e9 et de ses territoires. Servir <span class=\"a-text-bold\">Babel<\/span> revient donc \u00e0 trahir sa patrie d&rsquo;origine. <\/span><br \/>\n<span style=\"color: #000000;\"><span style=\"color: #000000;\">Peut-il esp\u00e9rer changer <span class=\"a-text-bold\">Babel<\/span> de l&rsquo;int\u00e9rieur ? Ou devra-t-il sacrifier ses r\u00eaves pour faire tomber cette institution ? <\/span><\/span><\/div>\n<div aria-expanded=\"true\">&nbsp;<\/div>\n<div class=\"a-expander-content a-expander-partial-collapse-content a-expander-content-expanded\" aria-expanded=\"true\">\u00ab\u00a0<span style=\"color: #000000;\">Un chef-d&rsquo;\u0153uvre qui confronte le pouvoir et le savoir. <span class=\"a-text-bold a-text-italic\">Babel <\/span>est un roman saisissant sur la cruaut\u00e9 de l&rsquo;Empire et sur la face sombre des soci\u00e9t\u00e9s acad\u00e9miques et un m\u00e9lange extraordinaire de fantasy et fiction historique. Une r\u00e9alisation monumentale !'\u00a0\u00bb<br \/>\n<\/span><span style=\"color: #000000;\"><strong>Samantha Shannon<\/strong>, autrice du \u00ab\u00a0<span class=\"a-text-italic\"> Prieur\u00e9 de l&rsquo;oranger\u00a0\u00bb<\/span>,<br \/>\nd&rsquo; <span class=\"a-text-italic\">\u00ab\u00a0Un jour de nuit tomb\u00e9e\u00a0\u00bb<\/span> et de la saga <span class=\"a-text-italic\"><em> The Bone Season<\/em>. <\/span><\/span><\/div>\n<div aria-expanded=\"true\">&nbsp;<\/div>\n<div class=\"a-expander-content a-expander-partial-collapse-content a-expander-content-expanded\" aria-expanded=\"true\"><span style=\"color: #000000;\">\u00ab\u00a0Absolument ph\u00e9nom\u00e9nal ! C&rsquo;est l&rsquo;un des livres les plus brillants et les plus incisifs que j&rsquo;ai eu le plaisir de lire. Il ne s&rsquo;agit pas seulement d&rsquo;une histoire fantastique, mais d&rsquo;un r\u00e9cit qui interroge, qui s&#8217;empare de l&rsquo;histoire coloniale et de la r\u00e9volution industrielle et les remet en cause.\u00a0\u00bb<\/span><br \/>\n<span style=\"color: #000000;\"><strong>Shannon Chakraborty<\/strong>, autrice de la saga<span class=\"a-text-italic\"><em> Daevabad<\/em><\/span><span class=\"a-text-italic\">.<\/span><\/span><\/div>\n<\/div>\n<\/div>\n<\/td>\n<\/tr>\n<tr>\n<td>&nbsp;<\/td>\n<td>&nbsp;<\/td>\n<\/tr>\n<tr>\n<td>&nbsp;<\/td>\n<td style=\"text-align: center;\"><a href=\"https:\/\/www.mediatheque-jeumont.fr\/index.php?lvl=etagere_see&amp;id=960\" target=\"_blank\" rel=\"noopener\"><strong>Cliquez sur ce lien pour d\u00e9couvrir<\/strong><strong> les nouveaux titres dans la cat\u00e9gorie \u00abSF, Fantastique &amp; Fantasy\u00bb<\/strong><\/a><\/td>\n<\/tr>\n<tr>\n<td>&nbsp;<\/td>\n<td>&nbsp;<\/td>\n<\/tr>\n<tr>\n<td>\n<h3 style=\"text-align: center;\"><span style=\"text-decoration: underline;\"><strong><span style=\"color: #666699; text-decoration: underline;\">Documentaires<br \/>\n<\/span><\/strong><\/span><\/h3>\n<\/td>\n<td>&nbsp;<\/td>\n<\/tr>\n<tr valign=\"top\">\n<td valign=\"top\" width=\"200px\"><img loading=\"lazy\" decoding=\"async\" class=\"alignnone size-full wp-image-17289\" src=\"http:\/\/www.lamediatheque-jeumont.fr\/wp-content\/uploads\/2024\/05\/81k5mpBlrL.png\" alt=\"\" width=\"180\" height=\"272\"><\/td>\n<td style=\"text-align: justify;\">\n<div data-expanded=\"false\">\n<h3 style=\"text-align: center;\"><span style=\"color: #993300;\"><strong>Entretien avec un cadavre<\/strong><\/span><br \/>\n<span style=\"color: #000000;\">de Philippe Boxho<\/span><\/h3>\n<\/div>\n<div class=\"a-expander-content a-expander-partial-collapse-content\" data-expanded=\"false\">\u00ab<span style=\"color: #000000;\"> Ce que j\u2019affectionne par-dessus tout, c\u2019est d\u2019aller \u00e0 la d\u00e9couverte des traces et des indices, de tous ces \u00e9l\u00e9ments qui permettent de donner une derni\u00e8re fois la parole aux morts et de les \u00e9couter dans ce qu\u2019ils ont \u00e0 dire. \u00bb C\u2019est par ces mots que le <strong>Docteur Philippe Boxho<\/strong>, m\u00e9decin l\u00e9giste depuis plus de trente ans, introduit son nouvel ouvrage, dans lequel, une fois encore, assassinats et meurtres se succ\u00e8dent sans rel\u00e2che.<\/span><br \/>\n<span style=\"color: #000000;\">Au premier plan pour les observer, le c\u00e9l\u00e8bre m\u00e9decin l\u00e9giste a choisi de nous raconter quelques-unes des histoires qui ont marqu\u00e9 sa carri\u00e8re : ce suicide \u00e0 l\u2019arme \u00e0 feu qui cachait bien son jeu, cet enfant que les parents avaient n\u00e9glig\u00e9 et qui en est mort, ces gens victimes d\u2019une explosion et de l\u2019effondrement de leur immeuble, cette femme \u00e9touff\u00e9e par son mari, ces hommes tr\u00e9pass\u00e9s \u00e0 l\u2019\u00e9tranger d\u2019avoir cru qu\u2019ils \u00e9taient aim\u00e9s, et bien d\u2019autres encore.<\/span><\/div>\n<div data-expanded=\"false\">&nbsp;<\/div>\n<div class=\"a-expander-content a-expander-partial-collapse-content\" data-expanded=\"false\"><span style=\"color: #000000;\"><strong>Philippe Boxho<\/strong> nous a r\u00e9gal\u00e9 avec un premier livre \u00e0 succ\u00e8s intitul\u00e9 \u00ab\u00a0<span class=\"a-text-italic\">Les morts ont la parole\u00a0\u00bb<\/span>, un livre rempli de morts qui ne l\u2019\u00e9taient pas toujours ou pas encore, de disparitions de cadavres, de suicides \u00e9tonnants, de morts brutales mais souvent accidentelles. Dans ce deuxi\u00e8me opus, consacr\u00e9 cette fois aux d\u00e9c\u00e8s suspects, il poursuit sa qu\u00eate de la v\u00e9rit\u00e9 judiciaire et nous permet d\u2019explorer le monde fascinant de la m\u00e9decine l\u00e9gale.<\/span><\/div>\n<\/td>\n<\/tr>\n<tr>\n<td>&nbsp;<\/td>\n<td>&nbsp;<\/td>\n<\/tr>\n<tr>\n<td>&nbsp;<\/td>\n<td style=\"text-align: center;\"><a href=\"https:\/\/www.mediatheque-jeumont.fr\/index.php?lvl=etagere_see&amp;id=962\" target=\"_blank\" rel=\"noopener\"><strong>Cliquez sur ce lien pour d\u00e9couvrir<br \/>\n<\/strong><strong>les nouveaux titres dans la cat\u00e9gorie \u00abDocumentaires\u00bb<\/strong><\/a><\/td>\n<\/tr>\n<\/tbody>\n<\/table>\n","protected":false},"excerpt":{"rendered":"<p>Romans<\/p>\n<p>&nbsp;<\/p>\n<p>&nbsp;<br \/>\n&nbsp;<\/p>\n<p>Un monde presque parfait<br \/>\nde Laurent GOUNELLE<\/p>\n<p>Et si le pouvoir de d\u00e9cision \u00e9tait essentiel \u00e0 notre humanit\u00e9 ?<br \/>\nDavid Lisner, jeune chercheur ambitieux et cart\u00e9sien, vit chez \u00ab les R\u00e9guliers \u00bb, une soci\u00e9t\u00e9 hyper-d\u00e9velopp\u00e9e, hyper-connect\u00e9e qui veille au bien-\u00eatre des individus.<br \/>\nNon loin de l\u00e0, une r\u00e9gion rebelle s\u2019est coup\u00e9e du reste du monde : \u00ab les Exil\u00e9s [&#8230;]<\/p>\n","protected":false},"author":3,"featured_media":0,"comment_status":"closed","ping_status":"closed","sticky":false,"template":"","format":"standard","meta":{"ngg_post_thumbnail":0,"footnotes":""},"categories":[73,110],"tags":[],"class_list":["post-17282","post","type-post","status-publish","format-standard","hentry","category-coups-de-coeur-et-nouveautes","category-jeumont"],"publishpress_future_action":{"enabled":false,"date":"2026-05-08 06:15:53","action":"change-status","newStatus":"draft","terms":[],"taxonomy":"category","extraData":[]},"publishpress_future_workflow_manual_trigger":{"enabledWorkflows":[]},"_links":{"self":[{"href":"http:\/\/www.lamediatheque-jeumont.fr\/index.php?rest_route=\/wp\/v2\/posts\/17282","targetHints":{"allow":["GET"]}}],"collection":[{"href":"http:\/\/www.lamediatheque-jeumont.fr\/index.php?rest_route=\/wp\/v2\/posts"}],"about":[{"href":"http:\/\/www.lamediatheque-jeumont.fr\/index.php?rest_route=\/wp\/v2\/types\/post"}],"author":[{"embeddable":true,"href":"http:\/\/www.lamediatheque-jeumont.fr\/index.php?rest_route=\/wp\/v2\/users\/3"}],"replies":[{"embeddable":true,"href":"http:\/\/www.lamediatheque-jeumont.fr\/index.php?rest_route=%2Fwp%2Fv2%2Fcomments&post=17282"}],"version-history":[{"count":16,"href":"http:\/\/www.lamediatheque-jeumont.fr\/index.php?rest_route=\/wp\/v2\/posts\/17282\/revisions"}],"predecessor-version":[{"id":17314,"href":"http:\/\/www.lamediatheque-jeumont.fr\/index.php?rest_route=\/wp\/v2\/posts\/17282\/revisions\/17314"}],"wp:attachment":[{"href":"http:\/\/www.lamediatheque-jeumont.fr\/index.php?rest_route=%2Fwp%2Fv2%2Fmedia&parent=17282"}],"wp:term":[{"taxonomy":"category","embeddable":true,"href":"http:\/\/www.lamediatheque-jeumont.fr\/index.php?rest_route=%2Fwp%2Fv2%2Fcategories&post=17282"},{"taxonomy":"post_tag","embeddable":true,"href":"http:\/\/www.lamediatheque-jeumont.fr\/index.php?rest_route=%2Fwp%2Fv2%2Ftags&post=17282"}],"curies":[{"name":"wp","href":"https:\/\/api.w.org\/{rel}","templated":true}]}}