{"id":16521,"date":"2023-03-01T17:00:18","date_gmt":"2023-03-01T16:00:18","guid":{"rendered":"https:\/\/www.lamediatheque-jeumont.fr\/?p=16521"},"modified":"2023-03-02T13:54:47","modified_gmt":"2023-03-02T12:54:47","slug":"jeumont-quand-les-femmes-sen-melent","status":"publish","type":"post","link":"http:\/\/www.lamediatheque-jeumont.fr\/?p=16521","title":{"rendered":"Jeumont : quand les femmes s&rsquo;en m\u00ealent !"},"content":{"rendered":"<table width=\"650\" border=\"0\" align=\"justify\">\n<tbody>\n<tr>\n<td><img loading=\"lazy\" decoding=\"async\" class=\"size-full wp-image-16522 aligncenter\" src=\"http:\/\/www.lamediatheque-jeumont.fr\/wp-content\/uploads\/2023\/03\/FEMMES_REGION-ARTICLE_1200x600-750x375-1.jpg\" alt=\"\" width=\"500\" height=\"250\" srcset=\"http:\/\/www.lamediatheque-jeumont.fr\/wp-content\/uploads\/2023\/03\/FEMMES_REGION-ARTICLE_1200x600-750x375-1.jpg 500w, http:\/\/www.lamediatheque-jeumont.fr\/wp-content\/uploads\/2023\/03\/FEMMES_REGION-ARTICLE_1200x600-750x375-1-350x175.jpg 350w\" sizes=\"auto, (max-width: 500px) 100vw, 500px\" \/><\/td>\n<\/tr>\n<tr>\n<td>&nbsp;<\/td>\n<\/tr>\n<tr>\n<td style=\"text-align: justify;\"><span style=\"color: #000000;\">A l&rsquo;occasion de la<strong><span style=\"color: #993300;\"> journ\u00e9e internationale des droits des femmes<\/span> <\/strong>qui aura lieu<strong> mercredi 8 mars<\/strong>, nous vous proposons de d\u00e9couvrir notre s\u00e9lection de <a href=\"https:\/\/www.mediatheque-jeumont.fr\/index.php?lvl=etagere_see&amp;id=980\" target=\"_blank\" rel=\"noopener\"><strong>livres<\/strong><\/a> et de <a href=\"https:\/\/www.mediatheque-jeumont.fr\/index.php?lvl=etagere_see&amp;id=981\" target=\"_blank\" rel=\"noopener\"><strong>DVD<\/strong><\/a> mettant les femmes \u00e0 l&rsquo;honneur.<strong><br \/>\n<\/strong><\/span><\/td>\n<\/tr>\n<\/tbody>\n<\/table>\n","protected":false},"excerpt":{"rendered":"<p>&nbsp;<\/p>\n<p>A l&rsquo;occasion de la journ\u00e9e internationale des droits des femmes qui aura lieu mercredi 8 mars, nous vous proposons de d\u00e9couvrir notre s\u00e9lection de livres et de DVD mettant les femmes \u00e0 l&rsquo;honneur.<\/p>\n","protected":false},"author":3,"featured_media":0,"comment_status":"closed","ping_status":"closed","sticky":false,"template":"","format":"standard","meta":{"ngg_post_thumbnail":0,"footnotes":""},"categories":[3,73,110],"tags":[],"class_list":["post-16521","post","type-post","status-publish","format-standard","hentry","category-actualite","category-coups-de-coeur-et-nouveautes","category-jeumont"],"publishpress_future_action":{"enabled":false,"date":"2026-05-07 05:23:07","action":"change-status","newStatus":"draft","terms":[],"taxonomy":"category","extraData":[]},"publishpress_future_workflow_manual_trigger":{"enabledWorkflows":[]},"_links":{"self":[{"href":"http:\/\/www.lamediatheque-jeumont.fr\/index.php?rest_route=\/wp\/v2\/posts\/16521","targetHints":{"allow":["GET"]}}],"collection":[{"href":"http:\/\/www.lamediatheque-jeumont.fr\/index.php?rest_route=\/wp\/v2\/posts"}],"about":[{"href":"http:\/\/www.lamediatheque-jeumont.fr\/index.php?rest_route=\/wp\/v2\/types\/post"}],"author":[{"embeddable":true,"href":"http:\/\/www.lamediatheque-jeumont.fr\/index.php?rest_route=\/wp\/v2\/users\/3"}],"replies":[{"embeddable":true,"href":"http:\/\/www.lamediatheque-jeumont.fr\/index.php?rest_route=%2Fwp%2Fv2%2Fcomments&post=16521"}],"version-history":[{"count":5,"href":"http:\/\/www.lamediatheque-jeumont.fr\/index.php?rest_route=\/wp\/v2\/posts\/16521\/revisions"}],"predecessor-version":[{"id":16527,"href":"http:\/\/www.lamediatheque-jeumont.fr\/index.php?rest_route=\/wp\/v2\/posts\/16521\/revisions\/16527"}],"wp:attachment":[{"href":"http:\/\/www.lamediatheque-jeumont.fr\/index.php?rest_route=%2Fwp%2Fv2%2Fmedia&parent=16521"}],"wp:term":[{"taxonomy":"category","embeddable":true,"href":"http:\/\/www.lamediatheque-jeumont.fr\/index.php?rest_route=%2Fwp%2Fv2%2Fcategories&post=16521"},{"taxonomy":"post_tag","embeddable":true,"href":"http:\/\/www.lamediatheque-jeumont.fr\/index.php?rest_route=%2Fwp%2Fv2%2Ftags&post=16521"}],"curies":[{"name":"wp","href":"https:\/\/api.w.org\/{rel}","templated":true}]}}