{"id":16509,"date":"2023-03-01T10:06:19","date_gmt":"2023-03-01T09:06:19","guid":{"rendered":"https:\/\/www.lamediatheque-jeumont.fr\/?p=16509"},"modified":"2023-03-01T10:33:32","modified_gmt":"2023-03-01T09:33:32","slug":"jeumont-demandez-vos-places-gratuites-pour-le-spectacle-de-polonia","status":"publish","type":"post","link":"http:\/\/www.lamediatheque-jeumont.fr\/?p=16509","title":{"rendered":"Jeumont : demandez vos places gratuites pour le spectacle de POLONIA"},"content":{"rendered":"<table width=\"650\">\n<tbody>\n<tr>\n<td><img loading=\"lazy\" decoding=\"async\" class=\"alignnone size-full wp-image-16510 aligncenter\" src=\"http:\/\/www.lamediatheque-jeumont.fr\/wp-content\/uploads\/2023\/03\/Affiche-Polonia.jpg\" alt=\"\" width=\"500\" height=\"406\" srcset=\"http:\/\/www.lamediatheque-jeumont.fr\/wp-content\/uploads\/2023\/03\/Affiche-Polonia.jpg 500w, http:\/\/www.lamediatheque-jeumont.fr\/wp-content\/uploads\/2023\/03\/Affiche-Polonia-350x284.jpg 350w\" sizes=\"auto, (max-width: 500px) 100vw, 500px\" \/><\/td>\n<\/tr>\n<tr>\n<td>\n<h1 class=\"gemino-data-event-title\" style=\"text-align: center;\"><span style=\"color: #993300;\">Danses, musiques et chants polonais<br \/>\n<span style=\"color: #000000;\">Dimanche 12 mars \u00e0 16h00<\/span><br \/>\n<span style=\"color: #808080;\">Centre culturel<\/span><br \/>\n<\/span><\/h1>\n<\/td>\n<\/tr>\n<tr>\n<td style=\"text-align: justify;\"><span style=\"color: #000000;\">D\u00e9couvrez le <strong><span style=\"color: #993300;\">folklore polonais<\/span><\/strong> comme vous ne l\u2019avez jamais vu, \u00e0 travers ses danses, ses chants et ses musiques. Vous y d\u00e9couvrirez des danseurs et des danseuses qui virevolteront avec passion au rythme des musiques et des chants repr\u00e9sentatifs de chaque r\u00e9gion de Pologne.<\/span><\/p>\n<p><span style=\"color: #000000;\">Apr\u00e8s plus de 30 ans d\u2019existence, <a href=\"https:\/\/www.poloniadouai.com\/\" target=\"_blank\" rel=\"noopener\"><span style=\"color: #993300;\"><strong>POLONIA DOUAI<\/strong><\/span><\/a> est un groupe uni de plus de 80 personnes sur trois g\u00e9n\u00e9rations&nbsp;:&nbsp;ce sont des danseurs (petits et grands), choristes et musiciens, mais aussi costumi\u00e8res et techniciens qui \u0153uvrent chaque jour pour offrir des spectacles d\u2019exception. Tous nourris par l\u2019amour de la polonit\u00e9 et de la sc\u00e8ne. Nous nous produisons afin de faire perdurer et de transmettre toute la beaut\u00e9 du folklore polonais.<\/span><\/td>\n<\/tr>\n<tr>\n<td>&nbsp;<\/td>\n<\/tr>\n<tr>\n<td style=\"text-align: center;\"><span style=\"color: #ff0000;\"><strong>EN TANT QU&rsquo;ADH\u00c9RENT(E) DE LA M\u00c9DIATH\u00c8QUE, LA VILLE DE JEUMONT EST HEUREUSE DE VOUS OFFRIR <span style=\"text-decoration: underline;\">2&nbsp;PLACES<\/span> POUR ASSISTER GRATUITEMENT AU SPECTACLE !<br \/>\n<\/strong><\/span><\/td>\n<\/tr>\n<tr>\n<td>\n<p style=\"text-align: center;\"><span style=\"color: #000000;\"><strong>Demandez vos places gratuites en envoyant un courriel \u00e0 :<\/strong><br \/>\n<a href=\"mailto:emilie.beugin@mairie-jeumont.fr\" target=\"_blank\" rel=\"noopener\"><strong>emilie.beugin@mairie-jeumont.fr<\/strong><\/a><\/span><strong><span style=\"color: #000000;\"><br \/>\n<\/span><\/strong><\/p>\n<\/td>\n<\/tr>\n<tr>\n<td>&nbsp;<\/td>\n<\/tr>\n<tr style=\"text-align: justify;\">\n<td><strong><span style=\"text-decoration: underline; color: #000000;\">Si vous souhaitez des places suppl\u00e9mentaires :<\/span><\/strong><\/p>\n<p class=\"x_MsoNormal\"><span style=\"color: #000000;\"><strong>Tarif plein :&nbsp; 5\u20ac \/ Tarif r\u00e9duit : 3\u20ac*<\/strong> <\/span><\/p>\n<p><span style=\"color: #000000;\">* <strong>Tarif r\u00e9duit<\/strong> pour les \u00e9tudiants, les demandeurs d\u2019emploi, les seniors de + de 65 ans et les enfants de -18 ans \/ sur pr\u00e9sentation d\u2019un justificatif.<br \/>\n<strong>GRATUIT<\/strong> pour les enfants et professeurs de l\u2019\u00e9cole de musique municipale de Jeumont, aux \u00e9l\u00e8ves Jeumontois de DEMOS et aux \u00e9l\u00e8ves de l\u2019harmonie m\u00e9ridienne des \u00e9tablissements scolaires de Jeumont, accompagn\u00e9 d\u2019un adulte).<\/span><\/p>\n<p><span style=\"color: #000000;\"><strong>Acc\u00e9dez \u00e0 la billetterie en ligne en cliquant<\/strong><\/span> <a href=\"https:\/\/my.weezevent.com\/polonia-1\" target=\"_blank\" rel=\"noopener\"><strong><ins>ici<\/ins><\/strong><\/a>.<\/td>\n<\/tr>\n<tr>\n<td>&nbsp;<\/td>\n<\/tr>\n<tr style=\"text-align: center;\">\n<td><iframe loading=\"lazy\" title=\"Hippodrome de Douai - LACH\u00d3W S\u0104DECKICH\" src=\"https:\/\/www.youtube.com\/embed\/9hl2f78yLx8\" allowfullscreen=\"allowfullscreen\" width=\"560\" height=\"315\" frameborder=\"0\"><\/iframe><\/td>\n<\/tr>\n<\/tbody>\n<\/table>\n","protected":false},"excerpt":{"rendered":"<p>Danses, musiques et chants polonais<br \/>\nDimanche 12 mars \u00e0 16h00<br \/>\nCentre culturel<\/p>\n<p>D\u00e9couvrez le folklore polonais comme vous ne l\u2019avez jamais vu, \u00e0 travers ses danses, ses chants et ses musiques. Vous y d\u00e9couvrirez des danseurs et des danseuses qui virevolteront avec passion au rythme des musiques et des chants repr\u00e9sentatifs de chaque r\u00e9gion de Pologne.<br \/>\nApr\u00e8s plus de [&#8230;]<\/p>\n","protected":false},"author":3,"featured_media":0,"comment_status":"closed","ping_status":"closed","sticky":false,"template":"","format":"standard","meta":{"ngg_post_thumbnail":0,"footnotes":""},"categories":[98,110],"tags":[],"class_list":["post-16509","post","type-post","status-publish","format-standard","hentry","category-spectacle","category-jeumont"],"publishpress_future_action":{"enabled":false,"date":"2026-05-07 05:22:43","action":"change-status","newStatus":"draft","terms":[],"taxonomy":"category","extraData":[]},"publishpress_future_workflow_manual_trigger":{"enabledWorkflows":[]},"_links":{"self":[{"href":"http:\/\/www.lamediatheque-jeumont.fr\/index.php?rest_route=\/wp\/v2\/posts\/16509","targetHints":{"allow":["GET"]}}],"collection":[{"href":"http:\/\/www.lamediatheque-jeumont.fr\/index.php?rest_route=\/wp\/v2\/posts"}],"about":[{"href":"http:\/\/www.lamediatheque-jeumont.fr\/index.php?rest_route=\/wp\/v2\/types\/post"}],"author":[{"embeddable":true,"href":"http:\/\/www.lamediatheque-jeumont.fr\/index.php?rest_route=\/wp\/v2\/users\/3"}],"replies":[{"embeddable":true,"href":"http:\/\/www.lamediatheque-jeumont.fr\/index.php?rest_route=%2Fwp%2Fv2%2Fcomments&post=16509"}],"version-history":[{"count":10,"href":"http:\/\/www.lamediatheque-jeumont.fr\/index.php?rest_route=\/wp\/v2\/posts\/16509\/revisions"}],"predecessor-version":[{"id":16520,"href":"http:\/\/www.lamediatheque-jeumont.fr\/index.php?rest_route=\/wp\/v2\/posts\/16509\/revisions\/16520"}],"wp:attachment":[{"href":"http:\/\/www.lamediatheque-jeumont.fr\/index.php?rest_route=%2Fwp%2Fv2%2Fmedia&parent=16509"}],"wp:term":[{"taxonomy":"category","embeddable":true,"href":"http:\/\/www.lamediatheque-jeumont.fr\/index.php?rest_route=%2Fwp%2Fv2%2Fcategories&post=16509"},{"taxonomy":"post_tag","embeddable":true,"href":"http:\/\/www.lamediatheque-jeumont.fr\/index.php?rest_route=%2Fwp%2Fv2%2Ftags&post=16509"}],"curies":[{"name":"wp","href":"https:\/\/api.w.org\/{rel}","templated":true}]}}