{"id":16387,"date":"2023-01-21T11:30:43","date_gmt":"2023-01-21T10:30:43","guid":{"rendered":"http:\/\/www.lamediatheque-jeumont.fr\/?p=16387"},"modified":"2023-03-15T13:33:17","modified_gmt":"2023-03-15T12:33:17","slug":"jeumont-nos-lecteurs-ont-aime-82","status":"publish","type":"post","link":"http:\/\/www.lamediatheque-jeumont.fr\/?p=16387","title":{"rendered":"Jeumont : nos lecteurs ont aim\u00e9 (#82)"},"content":{"rendered":"<table width=\"650\">\n<tbody>\n<tr>\n<td colspan=\"2\">\n<h3 style=\"text-align: center;\"><strong><span style=\"color: #993300;\">LES MARES-NOIRES<br \/>\n<\/span><\/strong><span style=\"color: #000000;\"><span style=\"color: #808080;\">de Jonathan GAUDET<\/span><br \/>\n<\/span><\/h3>\n<\/td>\n<\/tr>\n<tr>\n<td width=\"190px\"><img loading=\"lazy\" decoding=\"async\" class=\"alignnone size-full wp-image-16391\" src=\"http:\/\/www.lamediatheque-jeumont.fr\/wp-content\/uploads\/2023\/01\/51v6GC-k0fL.jpg\" alt=\"\" width=\"180\" height=\"263\"><\/td>\n<td><span style=\"color: #000000;\"><span style=\"text-decoration: underline;\">Th\u00e8mes :<\/span> Qu\u00e9bec ; centrale nucl\u00e9aire ; accident ; m\u00e8re\/fille<\/span><\/p>\n<p style=\"text-align: justify;\"><span style=\"color: #000000;\">Les Mares-Noires, c&rsquo;est le nom d&rsquo;un village qu\u00e9b\u00e9cois jadis habit\u00e9 par les Indiens. D\u00e9sormais les habitants vivent dans cette zone, pollu\u00e9e par les nombreuses usines, dont une centrale nucl\u00e9aire nouvellement implant\u00e9e. Une jeune m\u00e8re entend un jour \u00e0 la radio qu&rsquo;une explosion s&rsquo;y est produite. Affol\u00e9e, elle tente d&rsquo;en apprendre davantage en t\u00e9l\u00e9phonant, mais on lui signifie que son mari est bloqu\u00e9 avec son \u00e9quipe au c\u0153ur de la centrale dans un endroit sensible. Elle hurle, d\u00e9vast\u00e9e, et son cri r\u00e9sonne dans la for\u00eat&#8230; Elle reste seule avec son b\u00e9b\u00e9&#8230;<\/span><\/p>\n<p><span style=\"color: #000000;\">Plus tard, Catherine a refait sa vie et le b\u00e9b\u00e9 est devenue une adolescente rebelle et arrogante. Le drame survenu il y a treize ans semble \u00e9loign\u00e9 et pourtant des ombres planent encore, faisant \u00e9clater les silences et les secrets.<\/span><\/p>\n<p><span style=\"color: #000000;\">Peu d&rsquo;actions pour ce roman noir inhabituel, \u00e0 l&rsquo;atmosph\u00e8re tr\u00e8s pesante o\u00f9 la nature domine et enveloppe les drames humains. Mais le lecteur ira de surprise en surprise et aura peut-\u00eatre un indice en lisant le tout d\u00e9but de l&rsquo;histoire.<\/span><\/p>\n<p><span style=\"color: #000000;\"><strong>Evelyne<\/strong><\/span><\/td>\n<\/tr>\n<tr>\n<td colspan=\"2\"><a href=\"https:\/\/www.mediatheque-jeumont.fr\/index.php?lvl=notice_display&amp;id=180001\" target=\"_blank\" rel=\"noopener\"><strong>\u00ab\u00a0Les Mares-Noires\u00a0\u00bb de Jonathan GAUDET &#8211; Belfond &#8211; 176 pages<\/strong><\/a><\/td>\n<\/tr>\n<\/tbody>\n<\/table>\n","protected":false},"excerpt":{"rendered":"<p>LES MARES-NOIRES<br \/>\nde Jonathan GAUDET<\/p>\n<p>Th\u00e8mes : Qu\u00e9bec ; centrale nucl\u00e9aire ; accident ; m\u00e8re\/fille<br \/>\nLes Mares-Noires, c&rsquo;est le nom d&rsquo;un village qu\u00e9b\u00e9cois jadis habit\u00e9 par les Indiens. D\u00e9sormais les habitants vivent dans cette zone, pollu\u00e9e par les nombreuses usines, dont une centrale nucl\u00e9aire nouvellement implant\u00e9e. Une jeune m\u00e8re entend un jour \u00e0 la radio qu&rsquo;une explosion s&rsquo;y [&#8230;]<\/p>\n","protected":false},"author":7,"featured_media":0,"comment_status":"closed","ping_status":"closed","sticky":false,"template":"","format":"standard","meta":{"ngg_post_thumbnail":0,"footnotes":""},"categories":[110,112],"tags":[],"class_list":["post-16387","post","type-post","status-publish","format-standard","hentry","category-jeumont","category-nos-lecteurs-ont-aime"],"publishpress_future_action":{"enabled":false,"date":"2026-05-07 20:25:51","action":"change-status","newStatus":"draft","terms":[],"taxonomy":"category","extraData":[]},"publishpress_future_workflow_manual_trigger":{"enabledWorkflows":[]},"_links":{"self":[{"href":"http:\/\/www.lamediatheque-jeumont.fr\/index.php?rest_route=\/wp\/v2\/posts\/16387","targetHints":{"allow":["GET"]}}],"collection":[{"href":"http:\/\/www.lamediatheque-jeumont.fr\/index.php?rest_route=\/wp\/v2\/posts"}],"about":[{"href":"http:\/\/www.lamediatheque-jeumont.fr\/index.php?rest_route=\/wp\/v2\/types\/post"}],"author":[{"embeddable":true,"href":"http:\/\/www.lamediatheque-jeumont.fr\/index.php?rest_route=\/wp\/v2\/users\/7"}],"replies":[{"embeddable":true,"href":"http:\/\/www.lamediatheque-jeumont.fr\/index.php?rest_route=%2Fwp%2Fv2%2Fcomments&post=16387"}],"version-history":[{"count":6,"href":"http:\/\/www.lamediatheque-jeumont.fr\/index.php?rest_route=\/wp\/v2\/posts\/16387\/revisions"}],"predecessor-version":[{"id":16555,"href":"http:\/\/www.lamediatheque-jeumont.fr\/index.php?rest_route=\/wp\/v2\/posts\/16387\/revisions\/16555"}],"wp:attachment":[{"href":"http:\/\/www.lamediatheque-jeumont.fr\/index.php?rest_route=%2Fwp%2Fv2%2Fmedia&parent=16387"}],"wp:term":[{"taxonomy":"category","embeddable":true,"href":"http:\/\/www.lamediatheque-jeumont.fr\/index.php?rest_route=%2Fwp%2Fv2%2Fcategories&post=16387"},{"taxonomy":"post_tag","embeddable":true,"href":"http:\/\/www.lamediatheque-jeumont.fr\/index.php?rest_route=%2Fwp%2Fv2%2Ftags&post=16387"}],"curies":[{"name":"wp","href":"https:\/\/api.w.org\/{rel}","templated":true}]}}