{"id":16090,"date":"2022-09-30T09:53:32","date_gmt":"2022-09-30T07:53:32","guid":{"rendered":"https:\/\/www.lamediatheque-jeumont.fr\/?p=16090"},"modified":"2022-09-30T09:53:50","modified_gmt":"2022-09-30T07:53:50","slug":"jeumont-les-nouveautes-de-lautomne-2","status":"publish","type":"post","link":"http:\/\/www.lamediatheque-jeumont.fr\/?p=16090","title":{"rendered":"Jeumont : les nouveaut\u00e9s de l&rsquo;automne"},"content":{"rendered":"<table width=\"650\" border=\"0\" align=\"justify\">\n<tbody>\n<tr>\n<td>\n<h3 style=\"text-align: center;\"><span style=\"text-decoration: underline;\"><strong><span style=\"color: #666699; text-decoration: underline;\">Romans<\/span><\/strong><\/span><\/h3>\n<\/td>\n<td>&nbsp;<\/td>\n<\/tr>\n<tr>\n<td>&nbsp;<\/td>\n<td>&nbsp;<\/td>\n<\/tr>\n<tr valign=\"top\">\n<td width=\"200px\" valign=\"top\"><img loading=\"lazy\" decoding=\"async\" class=\"alignnone size-full wp-image-16091\" src=\"http:\/\/www.lamediatheque-jeumont.fr\/wp-content\/uploads\/2022\/09\/81M7BcHEmpL.jpg\" alt=\"\" width=\"180\" height=\"263\"><\/td>\n<td style=\"text-align: justify;\">\n<h3 style=\"text-align: center;\"><span style=\"color: #993300;\"><strong>L&rsquo;Inconduite<\/strong><\/span><br \/>\nd&rsquo;Emma BECKER<\/h3>\n<p>\u00ab Cette grande joie sombre du d\u00e9sir qui rapproche les hommes et les femmes, \u00e7a me passionne, \u00e7a me r\u00e9jouit, \u00e7a m&rsquo;\u00e9meut au plus profond de moi-m\u00eame. C&rsquo;est ce d\u00e9sir pulsion de vie que j&rsquo;aime et que j&rsquo;ai envie de raconter dans mes livres \u00bb. <strong>Emma Becker<\/strong><\/p>\n<p><span class=\"a-text-bold\">Peut-on rester femme en devenant m\u00e8re ? Peut-on rester soi dans le d\u00e9sir des hommes ?<\/span><\/p>\n<p>Avec humour et mordant, <strong>Emma Becker<\/strong> confirme son talent litt\u00e9raire.<\/p>\n<p><strong><span class=\"a-text-bold\">S\u00e9lection Prix D\u00e9cembre<\/span><\/strong><\/td>\n<\/tr>\n<tr>\n<td>&nbsp;<\/td>\n<td>&nbsp;<\/td>\n<\/tr>\n<tr>\n<td>&nbsp;<\/td>\n<td style=\"text-align: center;\"><a href=\"https:\/\/www.mediatheque-jeumont.fr\/index.php?lvl=etagere_see&amp;id=970\" target=\"_blank\" rel=\"noopener\"><strong>Cliquez sur ce lien pour d\u00e9couvrir les nouveaux titres dans la cat\u00e9gorie \u00abRomans\u00bb<\/strong><\/a><\/td>\n<\/tr>\n<tr>\n<td>&nbsp;<\/td>\n<td>&nbsp;<\/td>\n<\/tr>\n<tr>\n<td>\n<h3 style=\"text-align: center;\"><span style=\"text-decoration: underline;\"><strong><span style=\"color: #666699; text-decoration: underline;\">Romans policiers<\/span><\/strong><\/span><\/h3>\n<\/td>\n<td>&nbsp;<\/td>\n<\/tr>\n<tr>\n<td>&nbsp;<\/td>\n<td>&nbsp;<\/td>\n<\/tr>\n<tr valign=\"top\">\n<td width=\"200px\"><img loading=\"lazy\" decoding=\"async\" class=\"alignnone size-full wp-image-16093\" src=\"http:\/\/www.lamediatheque-jeumont.fr\/wp-content\/uploads\/2022\/09\/61Fl29lOhqL.jpg\" alt=\"\" width=\"180\" height=\"289\"><\/td>\n<td style=\"text-align: justify;\">\n<h3 style=\"text-align: center;\"><span style=\"color: #993300;\"><strong>Marius Granet<br \/>\net le tr\u00e9sor du palais comtal<\/strong><\/span><br \/>\nde Jean D&rsquo;AILLON<\/h3>\n<div class=\"a-expander-content a-expander-partial-collapse-content a-expander-content-expanded\" aria-expanded=\"true\">Au soleil ardent de Provence, intrigues et meurtres sous le vent nouveau de la R\u00e9volution, pour un tr\u00e9sor suppos\u00e9 cach\u00e9 par les Templiers.<br \/>\nSous la plume de <strong>Jean d&rsquo;Aillon<\/strong>, auteur de la saga Guilhem d&rsquo;Ussel, l&rsquo;Histoire est un roman plein de suspense !En 1308, Charles le Boiteux, comte de Provence, fait arr\u00eater le ma\u00eetre du Temple d&rsquo;Aix dans l&rsquo;espoir de s&#8217;emparer du tr\u00e9sor cach\u00e9 dans la commanderie de la ville. Mais il ne retrouvera jamais les archives ni le tr\u00e9sor des templiers.<br \/>\n1784 : alors que l&rsquo;on d\u00e9molit le Palais Comtal de la ville d&rsquo;Aix, le jeune Marius Granet et son ami Forbin d\u00e9couvrent dans les ruines romaines un secret redoutable. Quelques semaines plus tard, le marquis d&rsquo;Entrecasteaux \u00e9gorge son \u00e9pouse, Ang\u00e9lique de Castellane. Pour quelles sombres raisons ? S&rsquo;ensuivent d&rsquo;autres disparitions et meurtres chez les puissants de la ville. Et bient\u00f4t la tourmente r\u00e9volutionnaire s\u00e8me la violence sous le ciel ardent d&rsquo;Aix.<br \/>\nMarius Granet parviendra-t-il \u00e0 aider Portalis, l&rsquo;avocat \u00e0 qui Bonaparte a confi\u00e9 l&rsquo;enqu\u00eate ? Le tr\u00e9sor des templiers, qui a fait couler tant de sang, existe-t-il vraiment ?Une intrigue captivante, grav\u00e9e dans l&rsquo;Histoire, m\u00ealant personnages fictifs et r\u00e9els.<\/div>\n<\/td>\n<\/tr>\n<tr>\n<td>&nbsp;<\/td>\n<td>&nbsp;<\/td>\n<\/tr>\n<tr>\n<td>&nbsp;<\/td>\n<td style=\"text-align: center;\"><a href=\"https:\/\/www.mediatheque-jeumont.fr\/index.php?lvl=etagere_see&amp;id=971\" target=\"_blank\" rel=\"noopener\"><strong>Cliquez sur ce lien pour d\u00e9couvrir<\/strong><strong> les nouveaux titres dans la cat\u00e9gorie \u00abRomans policiers\u00bb<\/strong><\/a><\/td>\n<\/tr>\n<tr>\n<td>&nbsp;<\/td>\n<td>&nbsp;<\/td>\n<\/tr>\n<tr>\n<td>\n<h3 style=\"text-align: center;\"><span style=\"text-decoration: underline;\"><strong><span style=\"color: #666699; text-decoration: underline;\">Science-fiction<\/span><\/strong><\/span><\/h3>\n<\/td>\n<td>&nbsp;<\/td>\n<\/tr>\n<tr>\n<td>&nbsp;<\/td>\n<td>&nbsp;<\/td>\n<\/tr>\n<tr valign=\"top\">\n<td width=\"200px\"><img loading=\"lazy\" decoding=\"async\" class=\"alignnone size-full wp-image-16094\" src=\"http:\/\/www.lamediatheque-jeumont.fr\/wp-content\/uploads\/2022\/09\/2290253170.01._SCLZZZZZZZ_SX500_.jpg\" alt=\"\" width=\"180\" height=\"291\"><\/td>\n<td style=\"text-align: justify;\">\n<h3 style=\"text-align: center;\"><span style=\"color: #993300;\"><strong>Le Prieur\u00e9 de l&rsquo;oranger<\/strong><\/span><br \/>\nde Samantha SHANNON<\/h3>\n<div id=\"iframeContent\" dir=\"auto\">\n<div id=\"iframeContent\" dir=\"auto\">Un monde divis\u00e9. Un reinaume sans h\u00e9riti\u00e8re. Un ancien ennemi s&rsquo;\u00e9veille.La maison Berethnet r\u00e8gne sur l&rsquo;Inys depuis plus de mille ans. La reine Sabran IX doit imp\u00e9rativement donner naissance \u00e0 une h\u00e9riti\u00e8re, mais des assassins essaient de l&rsquo;en emp\u00eacher. Quoique la monarque l&rsquo;ignore, elle peut compter sur l&rsquo;aide d&rsquo;Ead Duryan, une jeune magicienne qui la prot\u00e8ge en secret. De l&rsquo;autre c\u00f4t\u00e9 de l&rsquo;Abysse, Tan\u00e9 s&rsquo;est entra\u00een\u00e9e toute sa vie pour devenir dragonni\u00e8re, mais le destin a d&rsquo;autres plans pour elle. Et pendant que l&rsquo;Est et l&rsquo;Ouest se divisent un peu plus chaque jour, les forces du chaos s&rsquo;\u00e9veillent d&rsquo;un long sommeil&#8230;<\/div>\n<\/div>\n<\/td>\n<\/tr>\n<tr>\n<td>&nbsp;<\/td>\n<td>&nbsp;<\/td>\n<\/tr>\n<tr>\n<td>&nbsp;<\/td>\n<td style=\"text-align: center;\"><a href=\"https:\/\/www.mediatheque-jeumont.fr\/index.php?lvl=etagere_see&amp;id=972\" target=\"_blank\" rel=\"noopener\"><strong>Cliquez sur ce lien pour d\u00e9couvrir<\/strong><strong> les nouveaux titres dans la cat\u00e9gorie \u00abScience-fiction\u00bb<\/strong><\/a><\/td>\n<\/tr>\n<tr>\n<td>&nbsp;<\/td>\n<td>&nbsp;<\/td>\n<\/tr>\n<tr>\n<td>\n<h3 style=\"text-align: center;\"><span style=\"text-decoration: underline;\"><strong><span style=\"color: #666699; text-decoration: underline;\">Bandes dessin\u00e9es<br \/>\n<\/span><\/strong><\/span><\/h3>\n<\/td>\n<td>&nbsp;<\/td>\n<\/tr>\n<tr valign=\"top\">\n<td width=\"200px\" valign=\"top\"><img loading=\"lazy\" decoding=\"async\" class=\"alignnone size-full wp-image-16095\" src=\"http:\/\/www.lamediatheque-jeumont.fr\/wp-content\/uploads\/2022\/09\/81Q25YRCCCL.jpg\" alt=\"\" width=\"180\" height=\"240\"><\/td>\n<td style=\"text-align: justify;\">\n<h3 style=\"text-align: center;\"><span style=\"color: #993300;\"><strong>Prom\u00e9th\u00e9e<br \/>\net la bo\u00eete de Pandore<\/strong><\/span><br \/>\nde Luc FERRY,<br \/>\nClotilde BRUNEAU<br \/>\net Giuseppe BAIGUERA<\/h3>\n<div>\n<p>Mont Olympe. La guerre contre les Titans vient de s\u2019achever. Mais l\u2019euphorie de la victoire laisse vite place \u00e0 l\u2019ennui, et les dieux ont besoin de se trouver une nouvelle occupation. Aussi Zeus a l\u2019id\u00e9e d\u2019une source de divertissement infinie, en constante \u00e9volution : la vie ! Il charge un fils de Titans, Prom\u00e9th\u00e9e, de sa conception en cr\u00e9ant les mortels. Mais tr\u00e8s vite, celui-ci imagine une esp\u00e8ce qui d\u00e9passerait toutes les autres. Une esp\u00e8ce \u00e0 qui il donnerait un pouvoir rivalisant avec celui des dieux. Quitte \u00e0 s\u2019attirer les foudres de Zeus&#8230;<\/p>\n<p>Symbole de l\u2019apport de la connaissance aux hommes, le mythe de Prom\u00e9th\u00e9e est l\u2019un des mythes fondateurs de la civilisation europ\u00e9enne.<\/p>\n<\/div>\n<\/td>\n<\/tr>\n<tr>\n<td>&nbsp;<\/td>\n<td>&nbsp;<\/td>\n<\/tr>\n<tr>\n<td>&nbsp;<\/td>\n<td style=\"text-align: center;\"><a href=\"https:\/\/www.mediatheque-jeumont.fr\/index.php?lvl=etagere_see&amp;id=968\" target=\"_blank\" rel=\"noopener\"><strong>Cliquez sur ce lien pour d\u00e9couvrir<br \/>\n<\/strong><strong>les nouveaux titres dans la cat\u00e9gorie<br \/>\n<\/strong><strong>\u00abBandes dessin\u00e9es\u00bb<\/strong><\/a><\/td>\n<\/tr>\n<\/tbody>\n<\/table>\n","protected":false},"excerpt":{"rendered":"<p>Romans<\/p>\n<p>&nbsp;<\/p>\n<p>&nbsp;<br \/>\n&nbsp;<\/p>\n<p>L&rsquo;Inconduite<br \/>\nd&rsquo;Emma BECKER<br \/>\n\u00ab Cette grande joie sombre du d\u00e9sir qui rapproche les hommes et les femmes, \u00e7a me passionne, \u00e7a me r\u00e9jouit, \u00e7a m&rsquo;\u00e9meut au plus profond de moi-m\u00eame. C&rsquo;est ce d\u00e9sir pulsion de vie que j&rsquo;aime et que j&rsquo;ai envie de raconter dans mes livres \u00bb. Emma Becker<br \/>\nPeut-on rester femme en devenant m\u00e8re ? Peut-on [&#8230;]<\/p>\n","protected":false},"author":3,"featured_media":0,"comment_status":"closed","ping_status":"closed","sticky":false,"template":"","format":"standard","meta":{"ngg_post_thumbnail":0,"footnotes":""},"categories":[73,110],"tags":[],"class_list":["post-16090","post","type-post","status-publish","format-standard","hentry","category-coups-de-coeur-et-nouveautes","category-jeumont"],"publishpress_future_action":{"enabled":false,"date":"2026-05-08 07:23:55","action":"change-status","newStatus":"draft","terms":[],"taxonomy":"category","extraData":[]},"publishpress_future_workflow_manual_trigger":{"enabledWorkflows":[]},"_links":{"self":[{"href":"http:\/\/www.lamediatheque-jeumont.fr\/index.php?rest_route=\/wp\/v2\/posts\/16090","targetHints":{"allow":["GET"]}}],"collection":[{"href":"http:\/\/www.lamediatheque-jeumont.fr\/index.php?rest_route=\/wp\/v2\/posts"}],"about":[{"href":"http:\/\/www.lamediatheque-jeumont.fr\/index.php?rest_route=\/wp\/v2\/types\/post"}],"author":[{"embeddable":true,"href":"http:\/\/www.lamediatheque-jeumont.fr\/index.php?rest_route=\/wp\/v2\/users\/3"}],"replies":[{"embeddable":true,"href":"http:\/\/www.lamediatheque-jeumont.fr\/index.php?rest_route=%2Fwp%2Fv2%2Fcomments&post=16090"}],"version-history":[{"count":4,"href":"http:\/\/www.lamediatheque-jeumont.fr\/index.php?rest_route=\/wp\/v2\/posts\/16090\/revisions"}],"predecessor-version":[{"id":16098,"href":"http:\/\/www.lamediatheque-jeumont.fr\/index.php?rest_route=\/wp\/v2\/posts\/16090\/revisions\/16098"}],"wp:attachment":[{"href":"http:\/\/www.lamediatheque-jeumont.fr\/index.php?rest_route=%2Fwp%2Fv2%2Fmedia&parent=16090"}],"wp:term":[{"taxonomy":"category","embeddable":true,"href":"http:\/\/www.lamediatheque-jeumont.fr\/index.php?rest_route=%2Fwp%2Fv2%2Fcategories&post=16090"},{"taxonomy":"post_tag","embeddable":true,"href":"http:\/\/www.lamediatheque-jeumont.fr\/index.php?rest_route=%2Fwp%2Fv2%2Ftags&post=16090"}],"curies":[{"name":"wp","href":"https:\/\/api.w.org\/{rel}","templated":true}]}}