{"id":16008,"date":"2022-09-20T15:46:18","date_gmt":"2022-09-20T13:46:18","guid":{"rendered":"https:\/\/www.lamediatheque-jeumont.fr\/?p=16008"},"modified":"2022-09-20T15:50:30","modified_gmt":"2022-09-20T13:50:30","slug":"jeumont-coucou-uku","status":"publish","type":"post","link":"http:\/\/www.lamediatheque-jeumont.fr\/?p=16008","title":{"rendered":"Jeumont : Coucou Uku !"},"content":{"rendered":"<table width=\"650\">\n<tbody>\n<tr>\n<td style=\"text-align: center;\">\n<h1><span style=\"color: #993300;\">\u00ab&nbsp;Coucou Uku&nbsp;\u00bb<br \/>\n<\/span><span style=\"color: #993300;\">D\u00e9couverte du Ukul\u00e9l\u00e9<br \/>\n<\/span>Samedi 8 octobre<br \/>\n<span style=\"color: #808080;\">\u00e0 partir de 14h00<\/span><\/h1>\n<\/td>\n<\/tr>\n<tr>\n<td><img loading=\"lazy\" decoding=\"async\" class=\"wp-image-16046 size-full aligncenter\" src=\"http:\/\/www.lamediatheque-jeumont.fr\/wp-content\/uploads\/2022\/09\/Image1-1.png\" alt=\"\" width=\"500\" height=\"272\" srcset=\"http:\/\/www.lamediatheque-jeumont.fr\/wp-content\/uploads\/2022\/09\/Image1-1.png 500w, http:\/\/www.lamediatheque-jeumont.fr\/wp-content\/uploads\/2022\/09\/Image1-1-350x190.png 350w\" sizes=\"auto, (max-width: 500px) 100vw, 500px\" \/><\/td>\n<\/tr>\n<tr>\n<td>\n<ul>\n<li><b><span style=\"text-decoration: underline;\">14h00-15h30 :<\/span> <span style=\"color: #993300;\">\u00ab L\u2019atelier de Sancho \u00bb <\/span><\/b><strong>: initiation&nbsp; au Ukul\u00e9l\u00e9<br \/>\n<\/strong>(\u00e2ge minimum : <b>12 ans<\/b>)<br \/>\nNombre de places limit\u00e9 ; inscription au <strong><strong>03 27 58 13 54<\/strong><\/strong>&nbsp;<\/li>\n<\/ul>\n<\/td>\n<\/tr>\n<tr>\n<td>\n<ul>\n<li><span style=\"text-decoration: underline;\"><b>16h00-17h30 :<\/b><\/span><b> <\/b><span style=\"color: #993300;\"><strong>Rencontre autour de l\u2019instrument et mini-concert :<br \/>\n<\/strong><\/span><strong>ouvert \u00e0 tous<\/strong> !<\/li>\n<\/ul>\n<\/td>\n<\/tr>\n<tr>\n<td>\n<p style=\"text-align: justify;\"><b>Sancho <\/b>du groupe <b><a href=\"https:\/\/www.facebook.com\/ukuleleboboys\/\" target=\"_blank\" rel=\"noopener\">Ukuleleboboys<\/a> <\/b>vous propose <b><span style=\"color: #993300;\">\u00ab&nbsp;Coucou Uku&nbsp;\u00bb<\/span><\/b>, un moment de d\u00e9couverte du ukul\u00e9l\u00e9 en deux temps, trois mouvements :<\/p>\n<\/td>\n<\/tr>\n<tr>\n<td>\n<ul>\n<li style=\"text-align: justify;\"><span style=\"text-decoration: underline;\"><b>1er temps :<\/b><\/span><b>&nbsp; <span style=\"color: #993300;\">Atelier d\u2019initiation<\/span><br \/>\n<\/b>Cet atelier a pour but de rassembler un groupe de personnes d\u00e9sirant s\u2019initier ou se perfectionner au ukul\u00e9l\u00e9. Il s\u2019agit d\u2019un temps de pratique collective propice \u00e0 l\u2019\u00e9change et au partage au cours duquel les participants d\u00e9couvriront l\u2019instrument \u00e0 travers l\u2019\u00e9tude d\u20191 \u00e0 2 morceaux pop ou chanson.<br \/>\nAucune formation musicale ni pratique pr\u00e9alable n\u2019est n\u00e9cessaire, novices et ukul\u00e9listes sont les bienvenus !<br \/>\nPr\u00eat de ukul\u00e9l\u00e9 possible.<br \/>\n<b>Attention : nombre de places <\/b><b>limit\u00e9<\/b><b> !<\/b><\/li>\n<\/ul>\n<\/td>\n<\/tr>\n<tr>\n<td>\n<ul>\n<li style=\"text-align: justify;\"><span style=\"text-decoration: underline;\"><b>2\u00e8me temps :<\/b><\/span><b>&nbsp; <span style=\"color: #993300;\">Rencontre et mini-concert<\/span><br \/>\n<\/b>A la suite de l\u2019atelier, lors d\u2019une rencontre ouverte \u00e0 tous, <b>Sancho <\/b>abordera l\u2019histoire du ukul\u00e9l\u00e9 \u00e0 travers diff\u00e9rentes \u00e9poques et aussi \u00e0 travers sa propre exp\u00e9rience en tant qu\u2019artiste, en s\u2019appuyant sur des d\u00e9monstrations et quelques extraits vid\u00e9o ou audio.<br \/>\nCette rencontre se terminera par mini-concert tout en convivialit\u00e9. Les personnes ayant particip\u00e9 \u00e0 l\u2019atelier pourront, si elles le souhaitent, se produire sur l\u2019espace sc\u00e9nique afin d\u2019accompagner <b>Sancho <\/b>sur le morceau appris pr\u00e9c\u00e9demment.<br \/>\nLes ukul\u00e9l\u00e9s sont les bienvenus !<\/li>\n<\/ul>\n<\/td>\n<\/tr>\n<tr>\n<td>&nbsp;<\/td>\n<\/tr>\n<tr>\n<td style=\"text-align: center;\"><iframe loading=\"lazy\" title=\"Black or white - Michael Jackson (ukulele cover) - Ukuleleboboys\" src=\"https:\/\/www.youtube.com\/embed\/L1VEK5eByZM\" allowfullscreen=\"allowfullscreen\" width=\"500\" height=\"315\" frameborder=\"0\"><\/iframe><br \/>\n&nbsp;<\/td>\n<\/tr>\n<tr>\n<td>\n<h2 style=\"text-align: center;\"><b><span style=\"color: #808080;\">Animation organis\u00e9e en partenariat avec&nbsp;<\/span><br \/>\n<span style=\"color: #993300;\">DyNaMo<br \/>\n<\/span><span style=\"color: #808080;\">et&nbsp; <\/span><span style=\"color: #993300;\">Les Nuits Secr\u00e8tes<\/span><\/b><b><span style=\"color: #993300;\">&nbsp;<\/span><br \/>\n<span style=\"color: #808080;\">dans le cadre du festival<\/span><br \/>\n<span style=\"color: #000000;\">\u00ab LIVE entre les LIVRES \u00bb<\/span><\/b><\/h2>\n<\/td>\n<\/tr>\n<\/tbody>\n<\/table>\n<table width=\"610\">\n<tbody>\n<tr>\n<td><img loading=\"lazy\" decoding=\"async\" class=\"size-full wp-image-15114 alignleft\" src=\"http:\/\/www.lamediatheque-jeumont.fr\/wp-content\/uploads\/2021\/10\/DyNaMo-2.png\" alt=\"\" width=\"150\" height=\"215\"><\/td>\n<td><img loading=\"lazy\" decoding=\"async\" class=\"size-full wp-image-15115 aligncenter\" src=\"http:\/\/www.lamediatheque-jeumont.fr\/wp-content\/uploads\/2021\/10\/Image2-2.png\" alt=\"\" width=\"150\" height=\"101\"><\/td>\n<td><img loading=\"lazy\" decoding=\"async\" class=\"size-full wp-image-15116 alignright\" src=\"http:\/\/www.lamediatheque-jeumont.fr\/wp-content\/uploads\/2021\/10\/NuitsSecretespng-2.png\" alt=\"\" width=\"150\" height=\"150\"><\/td>\n<\/tr>\n<\/tbody>\n<\/table>\n<p>&nbsp;<\/p>\n","protected":false},"excerpt":{"rendered":"<p>\u00ab&nbsp;Coucou Uku&nbsp;\u00bb<br \/>\nD\u00e9couverte du Ukul\u00e9l\u00e9<br \/>\nSamedi 8 octobre<br \/>\n\u00e0 partir de 14h00<\/p>\n<p>14h00-15h30 : \u00ab L\u2019atelier de Sancho \u00bb : initiation&nbsp; au Ukul\u00e9l\u00e9<br \/>\n(\u00e2ge minimum : 12 ans)<br \/>\nNombre de places limit\u00e9 ; inscription au 03 27 58 13 54&nbsp;<\/p>\n<p>16h00-17h30 : Rencontre autour de l\u2019instrument et mini-concert :<br \/>\nouvert \u00e0 tous !<\/p>\n<p>Sancho du groupe Ukuleleboboys vous propose \u00ab&nbsp;Coucou Uku&nbsp;\u00bb, un moment de [&#8230;]<\/p>\n","protected":false},"author":3,"featured_media":0,"comment_status":"closed","ping_status":"closed","sticky":false,"template":"","format":"standard","meta":{"ngg_post_thumbnail":0,"footnotes":""},"categories":[3,98,110],"tags":[],"class_list":["post-16008","post","type-post","status-publish","format-standard","hentry","category-actualite","category-spectacle","category-jeumont"],"publishpress_future_action":{"enabled":false,"date":"2026-05-08 07:20:09","action":"change-status","newStatus":"draft","terms":[],"taxonomy":"category","extraData":[]},"publishpress_future_workflow_manual_trigger":{"enabledWorkflows":[]},"_links":{"self":[{"href":"http:\/\/www.lamediatheque-jeumont.fr\/index.php?rest_route=\/wp\/v2\/posts\/16008","targetHints":{"allow":["GET"]}}],"collection":[{"href":"http:\/\/www.lamediatheque-jeumont.fr\/index.php?rest_route=\/wp\/v2\/posts"}],"about":[{"href":"http:\/\/www.lamediatheque-jeumont.fr\/index.php?rest_route=\/wp\/v2\/types\/post"}],"author":[{"embeddable":true,"href":"http:\/\/www.lamediatheque-jeumont.fr\/index.php?rest_route=\/wp\/v2\/users\/3"}],"replies":[{"embeddable":true,"href":"http:\/\/www.lamediatheque-jeumont.fr\/index.php?rest_route=%2Fwp%2Fv2%2Fcomments&post=16008"}],"version-history":[{"count":7,"href":"http:\/\/www.lamediatheque-jeumont.fr\/index.php?rest_route=\/wp\/v2\/posts\/16008\/revisions"}],"predecessor-version":[{"id":16053,"href":"http:\/\/www.lamediatheque-jeumont.fr\/index.php?rest_route=\/wp\/v2\/posts\/16008\/revisions\/16053"}],"wp:attachment":[{"href":"http:\/\/www.lamediatheque-jeumont.fr\/index.php?rest_route=%2Fwp%2Fv2%2Fmedia&parent=16008"}],"wp:term":[{"taxonomy":"category","embeddable":true,"href":"http:\/\/www.lamediatheque-jeumont.fr\/index.php?rest_route=%2Fwp%2Fv2%2Fcategories&post=16008"},{"taxonomy":"post_tag","embeddable":true,"href":"http:\/\/www.lamediatheque-jeumont.fr\/index.php?rest_route=%2Fwp%2Fv2%2Ftags&post=16008"}],"curies":[{"name":"wp","href":"https:\/\/api.w.org\/{rel}","templated":true}]}}