{"id":15989,"date":"2022-09-13T10:31:39","date_gmt":"2022-09-13T08:31:39","guid":{"rendered":"https:\/\/www.lamediatheque-jeumont.fr\/?p=15989"},"modified":"2022-09-13T10:37:22","modified_gmt":"2022-09-13T08:37:22","slug":"jeumont-les-nouveautes-de-la-rentree-2","status":"publish","type":"post","link":"http:\/\/www.lamediatheque-jeumont.fr\/?p=15989","title":{"rendered":"Jeumont : les nouveaut\u00e9s de la rentr\u00e9e"},"content":{"rendered":"<table width=\"650\" border=\"0\" align=\"justify\">\n<tbody>\n<tr>\n<td>\n<h3 style=\"text-align: center;\"><span style=\"text-decoration: underline;\"><strong><span style=\"color: #666699; text-decoration: underline;\">Romans<\/span><\/strong><\/span><\/h3>\n<\/td>\n<td>&nbsp;<\/td>\n<\/tr>\n<tr>\n<td>&nbsp;<\/td>\n<td>&nbsp;<\/td>\n<\/tr>\n<tr valign=\"top\">\n<td width=\"200px\" valign=\"top\"><img loading=\"lazy\" decoding=\"async\" class=\"alignnone size-full wp-image-15991\" src=\"http:\/\/www.lamediatheque-jeumont.fr\/wp-content\/uploads\/2022\/09\/61anV4B2xtL.jpg\" alt=\"\" width=\"180\" height=\"280\"><\/td>\n<td style=\"text-align: justify;\">\n<h3 style=\"text-align: center;\"><span style=\"color: #993300;\"><strong>L&rsquo;homme qui danse<\/strong><\/span><br \/>\nde Victor JESTIN<\/h3>\n<p>La Plage est le nom de la bo\u00eete de nuit d&rsquo;une petite ville en bord de Loire. C&rsquo;est l\u00e0 qu&rsquo;Arthur, d\u00e8s l&rsquo;adolescence et pendant plus de vingt ans, se rend avec fr\u00e9n\u00e9sie. Dans ce lieu hors du temps, loin des relations sociales ordinaires, il parvient curieusement \u00e0 se sentir proche des autres, quand partout ailleurs sa vie n&rsquo;est que malaise et balbutiements. Sur la piste de danse, il grandit au gr\u00e9 des rencontres &#8211; amours fugaces, amiti\u00e9s violentes, mod\u00e8les masculins \u00e9crasants. Au fil des ans, il se cherche une place dans la foule, une fa\u00e7on d&rsquo;exister. Jusqu&rsquo;o\u00f9 le m\u00e8nera cette plong\u00e9e dans la nuit ?<\/p>\n<p>De son \u00e9criture pr\u00e9cise, <strong>Victor Jestin<\/strong> nous conduit au plus pr\u00e8s de l&rsquo;intimit\u00e9 d&rsquo;un homme qui lutte avec sa solitude, dans l&rsquo;espoir obs\u00e9dant d&rsquo;aimer.<\/td>\n<\/tr>\n<tr>\n<td>&nbsp;<\/td>\n<td>&nbsp;<\/td>\n<\/tr>\n<tr>\n<td>&nbsp;<\/td>\n<td style=\"text-align: center;\"><a href=\"https:\/\/www.mediatheque-jeumont.fr\/index.php?lvl=etagere_see&amp;id=963\" target=\"_blank\" rel=\"noopener\"><strong>Cliquez sur ce lien pour d\u00e9couvrir les nouveaux titres dans la cat\u00e9gorie \u00abRomans\u00bb<\/strong><\/a><\/td>\n<\/tr>\n<tr>\n<td>&nbsp;<\/td>\n<td>&nbsp;<\/td>\n<\/tr>\n<tr>\n<td>\n<h3 style=\"text-align: center;\"><span style=\"text-decoration: underline;\"><strong><span style=\"color: #666699; text-decoration: underline;\">Romans policiers<\/span><\/strong><\/span><\/h3>\n<\/td>\n<td>&nbsp;<\/td>\n<\/tr>\n<tr>\n<td>&nbsp;<\/td>\n<td>&nbsp;<\/td>\n<\/tr>\n<tr valign=\"top\">\n<td width=\"200px\"><img loading=\"lazy\" decoding=\"async\" class=\"alignnone size-full wp-image-15993\" src=\"http:\/\/www.lamediatheque-jeumont.fr\/wp-content\/uploads\/2022\/09\/71mrdfRadwL.jpg\" alt=\"\" width=\"180\" height=\"274\"><\/td>\n<td style=\"text-align: justify;\">\n<h3 style=\"text-align: center;\"><span style=\"color: #993300;\"><strong>Un cri sous la glace<\/strong><\/span><br \/>\nde Camilla GREBE<\/h3>\n<p>Emma, jeune Su\u00e9doise, cache un secret : son patron Jesper,<br \/>\nqui dirige un empire de mode, lui a demand\u00e9 sa main.<br \/>\nMais il ne veut surtout pas qu\u2019elle \u00e9bruite la nouvelle.<br \/>\nDeux mois plus tard, Jesper dispara\u00eet sans laisser de traces et l\u2019on retrouve<br \/>\ndans sa superbe maison le cadavre d\u2019une femme, la t\u00eate tranch\u00e9e.<br \/>\nPersonne ne parvient \u00e0 l\u2019identifier.<\/p>\n<p>Peter, policier \u00e9m\u00e9rite, et Hanne, profileuse de talent, sont mis en tandem pour enqu\u00eater. Seul probl\u00e8me, ils ne se sont pas reparl\u00e9 depuis leur rupture amoureuse dix ans plus t\u00f4t. Et Hanne a aussi un secret : elle vient d\u2019apprendre que ses jours sont compt\u00e9s.<\/p>\n<p>Dans un Stockholm envahi par la neige, un double r\u00e9cit \u00e9tourdissant prend forme. Chaque personnage s\u2019av\u00e8re cacher des zones d\u2019ombre. \u00c0 qui donc se fier pour r\u00e9soudre l\u2019enqu\u00eate&nbsp;?<\/p>\n<p style=\"text-align: justify;\">&nbsp;<em><span class=\"a-text-bold\">\u00ab Un thriller captivant sur les aspects <\/span><span class=\"a-text-bold\">les plus sombres de l\u2019amour. \u00bb<\/span><\/em><br \/>\n<strong><span class=\"a-text-bold\">Sk\u00e5nska Dagbladet<\/span><\/strong><br \/>\n&nbsp;<br \/>\n<em><span class=\"a-text-bold\">\u00ab Un tour de force qui catapulte Camilla Grebe parmi<\/span><\/em><br \/>\n<em><span class=\"a-text-bold\">les meilleurs auteurs de polars nordiques. \u00bb<\/span><\/em><br \/>\n<strong><span class=\"a-text-bold\">Kirkus<\/span>&nbsp;<\/strong><\/p>\n<\/td>\n<\/tr>\n<tr>\n<td>&nbsp;<\/td>\n<td>&nbsp;<\/td>\n<\/tr>\n<tr>\n<td>&nbsp;<\/td>\n<td style=\"text-align: center;\"><a href=\"https:\/\/www.mediatheque-jeumont.fr\/index.php?lvl=etagere_see&amp;id=964\" target=\"_blank\" rel=\"noopener\"><strong>Cliquez sur ce lien pour d\u00e9couvrir<\/strong><strong> les nouveaux titres dans la cat\u00e9gorie \u00abRomans policiers\u00bb<\/strong><\/a><\/td>\n<\/tr>\n<tr>\n<td>&nbsp;<\/td>\n<td>&nbsp;<\/td>\n<\/tr>\n<tr>\n<td>\n<h3 style=\"text-align: center;\"><span style=\"text-decoration: underline;\"><strong><span style=\"color: #666699; text-decoration: underline;\">Science-fiction<\/span><\/strong><\/span><\/h3>\n<\/td>\n<td>&nbsp;<\/td>\n<\/tr>\n<tr>\n<td>&nbsp;<\/td>\n<td>&nbsp;<\/td>\n<\/tr>\n<tr valign=\"top\">\n<td width=\"200px\"><img loading=\"lazy\" decoding=\"async\" class=\"alignnone size-full wp-image-15995\" src=\"http:\/\/www.lamediatheque-jeumont.fr\/wp-content\/uploads\/2022\/09\/81-PQNCqLWL.jpg\" alt=\"\" width=\"180\" height=\"263\"><\/td>\n<td style=\"text-align: justify;\">\n<h3 style=\"text-align: center;\"><span style=\"color: #993300;\"><strong>Les Ma\u00eetres enlumineurs<\/strong><\/span><br \/>\nde Robert Jackson BENNETT<\/h3>\n<div id=\"iframeContent\" dir=\"auto\">\n<div id=\"iframeContent\" dir=\"auto\">\n<p>Toute l&rsquo;\u00e9conomie de l&rsquo;opulente cit\u00e9 de Tevanne repose sur une puissante magie : l&rsquo;enluminure. A l&rsquo;aide de sceaux complexes, les ma\u00eetres enlumineurs donnent aux objets des pouvoirs insoup\u00e7onn\u00e9s et contournent les lois de la physique.<\/p>\n<p>Sancia Grado est une jeune voleuse qui a le don de revivre le pass\u00e9 des objets et d&rsquo;\u00e9couter chuchoter leurs enluminures. Engag\u00e9e par une des grandes familles de la cit\u00e9 pour d\u00e9rober une \u00e9trange cl\u00e9 dans un entrep\u00f4t sous tr\u00e8s haute surveillance, elle ignore que cet artefact a le pouvoir de changer l&rsquo;enluminure \u00e0 jamais. Quiconque entrerait en sa possession pourrait mettre Tevanne \u00e0 genoux. Poursuivie par un adversaire implacable, Sancia n&rsquo;aura d&rsquo;autre choix que de se trouver des alli\u00e9s<\/p>\n<p>\u00ab Avec <em><strong><span class=\"a-text-italic\">Les Ma\u00eetres enlumineurs<\/span><\/strong><\/em>, <strong>Robert Jackson Bennett<\/strong> d\u00e9bute une nouvelle trilogie de fantasy \u00e9pique passionnante, qui promet \u00e9norm\u00e9ment pour la suite. Pr\u00e9parez-vous \u00e0 d&rsquo;anciens myst\u00e8res, \u00e0 une magie comme vous n&rsquo;en avez jamais lue et \u00e0 quelques coups de th\u00e9\u00e2tre. \u00bb <strong>Brandon Sanderson<\/strong><\/p>\n<\/div>\n<\/div>\n<\/td>\n<\/tr>\n<tr>\n<td>&nbsp;<\/td>\n<td>&nbsp;<\/td>\n<\/tr>\n<tr>\n<td>&nbsp;<\/td>\n<td style=\"text-align: center;\"><a href=\"https:\/\/www.mediatheque-jeumont.fr\/index.php?lvl=etagere_see&amp;id=965\" target=\"_blank\" rel=\"noopener\"><strong>Cliquez sur ce lien pour d\u00e9couvrir<\/strong><strong> les nouveaux titres dans la cat\u00e9gorie \u00abScience-fiction\u00bb<\/strong><\/a><\/td>\n<\/tr>\n<tr>\n<td>&nbsp;<\/td>\n<td>&nbsp;<\/td>\n<\/tr>\n<tr>\n<td>\n<h3 style=\"text-align: center;\"><span style=\"text-decoration: underline;\"><strong><span style=\"color: #666699; text-decoration: underline;\">Documentaires<br \/>\n<\/span><\/strong><\/span><\/h3>\n<\/td>\n<td>&nbsp;<\/td>\n<\/tr>\n<tr valign=\"top\">\n<td width=\"200px\" valign=\"top\"><img loading=\"lazy\" decoding=\"async\" class=\"alignnone size-full wp-image-15997\" src=\"http:\/\/www.lamediatheque-jeumont.fr\/wp-content\/uploads\/2022\/09\/61HxoVFDR0L.jpg\" alt=\"\" width=\"180\" height=\"287\"><\/td>\n<td style=\"text-align: justify;\">\n<h3 style=\"text-align: center;\"><span style=\"color: #993300;\"><strong>Ma\u00eblys<\/strong><\/span><br \/>\nde Jennifer De Araujo<br \/>\navec Tiphaine Pioger<\/h3>\n<div>Dans la nuit du 26 au 27 ao\u00fbt 2017, Ma\u00eblys, une petite fille d&rsquo;\u00e0 peine 8 ans et demi, dispara\u00eet lors d&rsquo;un mariage \u00e0 Pont-de-Beauvoisin, en Is\u00e8re. Il est trois heures du matin ; la terre s&rsquo;ouvre sous les pieds de Jennifer De Araujo, la m\u00e8re de l&rsquo;enfant. Il y a la panique, les recherches, puis les soup\u00e7ons : un invit\u00e9 de derni\u00e8re minute, \u00e9trange et secret, avec qui Ma\u00eblys a parl\u00e9 durant la r\u00e9ception. Il s&rsquo;appelle Nordahl Lelandais.<br \/>\nTr\u00e8s vite, les indices s&rsquo;accumulent. Plus ils accablent le suspect, et plus la recherche de la v\u00e9rit\u00e9 se fait pressante pour la m\u00e8re de Ma\u00eblys. Avec son conjoint Joachim et leur a\u00een\u00e9e, Colleen, elle veut savoir ce qui est arriv\u00e9 \u00e0 sa fille.<\/div>\n<\/td>\n<\/tr>\n<tr>\n<td>&nbsp;<\/td>\n<td>&nbsp;<\/td>\n<\/tr>\n<tr>\n<td>&nbsp;<\/td>\n<td style=\"text-align: center;\"><a href=\"https:\/\/www.mediatheque-jeumont.fr\/index.php?lvl=etagere_see&amp;id=966\" target=\"_blank\" rel=\"noopener\"><strong>Cliquez sur ce lien pour d\u00e9couvrir<br \/>\n<\/strong><strong>les nouveaux titres dans la cat\u00e9gorie \u00abDocumentaires\u00bb<\/strong><\/a><\/td>\n<\/tr>\n<tr>\n<td>&nbsp;<\/td>\n<td>&nbsp;<\/td>\n<\/tr>\n<tr>\n<td>\n<h3 style=\"text-align: center;\"><span style=\"text-decoration: underline;\"><strong><span style=\"color: #666699; text-decoration: underline;\">Bandes dessin\u00e9es<br \/>\n<\/span><\/strong><\/span><\/h3>\n<\/td>\n<td>&nbsp;<\/td>\n<\/tr>\n<tr valign=\"top\">\n<td width=\"200px\" valign=\"top\"><img loading=\"lazy\" decoding=\"async\" class=\"alignnone size-full wp-image-15999\" src=\"http:\/\/www.lamediatheque-jeumont.fr\/wp-content\/uploads\/2022\/09\/91zoMdYQF3L.jpg\" alt=\"\" width=\"180\" height=\"250\"><\/td>\n<td style=\"text-align: justify;\">\n<h3 style=\"text-align: center;\"><span style=\"color: #993300;\"><strong>Mages &#8211; Tomes 1 \u00e0 3<\/strong><\/span><br \/>\nde Jean-Luc ISTIN<br \/>\net Kyko DUARTE<\/h3>\n<div>Sur les Terres d&rsquo;Arran, suite \u00e0 l&rsquo;affaire \u00ab Lah&rsquo;saa-Slovtan \u00bb , les Mages doivent d\u00e9sormais ob\u00e9ir \u00e0 une nouvelle loi : \u00eatre recens\u00e9s et servir un seigneur humain ! S&rsquo;il refuse, le mage est traqu\u00e9 par l&rsquo;ordre des Ombres, emprisonn\u00e9 ou selon le cas, ex\u00e9cut\u00e9 ! Tyrom, un vieil ermite, s&rsquo;attache bien malgr\u00e9 lui \u00e0 Shannon, une gamine espi\u00e8gle de Castlelek. Cette cit\u00e9 ind\u00e9pendante est convoit\u00e9e par le roi Gerald qui entend l&rsquo;annexer \u00e0 son royaume. Alors, quand Tyrom voit un mercenaire menacer Shannon, il s&rsquo;interpose. L&rsquo;instant d&rsquo;apr\u00e8s, la d\u00e9pouille fumante du mercenaire git \u00e0 ses pieds. Il ne comprend pas ce qu&rsquo;il vient de se passer. Est-il un mage ? Et si oui, pourquoi a-t-il perdu la m\u00e9moire ?<\/div>\n<\/td>\n<\/tr>\n<tr>\n<td>&nbsp;<\/td>\n<td>&nbsp;<\/td>\n<\/tr>\n<tr>\n<td>&nbsp;<\/td>\n<td style=\"text-align: center;\"><a href=\"https:\/\/www.mediatheque-jeumont.fr\/index.php?lvl=etagere_see&amp;id=967\" target=\"_blank\" rel=\"noopener\"><strong>Cliquez sur ce lien pour d\u00e9couvrir<br \/>\n<\/strong><strong>les nouveaux titres dans la cat\u00e9gorie<br \/>\n<\/strong><strong>\u00abBandes dessin\u00e9es\u00bb<\/strong><\/a><\/td>\n<\/tr>\n<\/tbody>\n<\/table>\n","protected":false},"excerpt":{"rendered":"<p>Romans<\/p>\n<p>&nbsp;<\/p>\n<p>&nbsp;<br \/>\n&nbsp;<\/p>\n<p>L&rsquo;homme qui danse<br \/>\nde Victor JESTIN<br \/>\nLa Plage est le nom de la bo\u00eete de nuit d&rsquo;une petite ville en bord de Loire. C&rsquo;est l\u00e0 qu&rsquo;Arthur, d\u00e8s l&rsquo;adolescence et pendant plus de vingt ans, se rend avec fr\u00e9n\u00e9sie. Dans ce lieu hors du temps, loin des relations sociales ordinaires, il parvient curieusement \u00e0 se sentir proche des [&#8230;]<\/p>\n","protected":false},"author":3,"featured_media":0,"comment_status":"closed","ping_status":"closed","sticky":false,"template":"","format":"standard","meta":{"ngg_post_thumbnail":0,"footnotes":""},"categories":[73,110],"tags":[],"class_list":["post-15989","post","type-post","status-publish","format-standard","hentry","category-coups-de-coeur-et-nouveautes","category-jeumont"],"publishpress_future_action":{"enabled":false,"date":"2026-05-08 07:18:57","action":"change-status","newStatus":"draft","terms":[],"taxonomy":"category","extraData":[]},"publishpress_future_workflow_manual_trigger":{"enabledWorkflows":[]},"_links":{"self":[{"href":"http:\/\/www.lamediatheque-jeumont.fr\/index.php?rest_route=\/wp\/v2\/posts\/15989","targetHints":{"allow":["GET"]}}],"collection":[{"href":"http:\/\/www.lamediatheque-jeumont.fr\/index.php?rest_route=\/wp\/v2\/posts"}],"about":[{"href":"http:\/\/www.lamediatheque-jeumont.fr\/index.php?rest_route=\/wp\/v2\/types\/post"}],"author":[{"embeddable":true,"href":"http:\/\/www.lamediatheque-jeumont.fr\/index.php?rest_route=\/wp\/v2\/users\/3"}],"replies":[{"embeddable":true,"href":"http:\/\/www.lamediatheque-jeumont.fr\/index.php?rest_route=%2Fwp%2Fv2%2Fcomments&post=15989"}],"version-history":[{"count":9,"href":"http:\/\/www.lamediatheque-jeumont.fr\/index.php?rest_route=\/wp\/v2\/posts\/15989\/revisions"}],"predecessor-version":[{"id":16006,"href":"http:\/\/www.lamediatheque-jeumont.fr\/index.php?rest_route=\/wp\/v2\/posts\/15989\/revisions\/16006"}],"wp:attachment":[{"href":"http:\/\/www.lamediatheque-jeumont.fr\/index.php?rest_route=%2Fwp%2Fv2%2Fmedia&parent=15989"}],"wp:term":[{"taxonomy":"category","embeddable":true,"href":"http:\/\/www.lamediatheque-jeumont.fr\/index.php?rest_route=%2Fwp%2Fv2%2Fcategories&post=15989"},{"taxonomy":"post_tag","embeddable":true,"href":"http:\/\/www.lamediatheque-jeumont.fr\/index.php?rest_route=%2Fwp%2Fv2%2Ftags&post=15989"}],"curies":[{"name":"wp","href":"https:\/\/api.w.org\/{rel}","templated":true}]}}