{"id":15021,"date":"2021-10-13T11:41:06","date_gmt":"2021-10-13T09:41:06","guid":{"rendered":"http:\/\/www.lamediatheque-jeumont.fr\/?p=15021"},"modified":"2022-03-23T07:49:01","modified_gmt":"2022-03-23T06:49:01","slug":"jeumont-nos-lecteurs-ont-aime-76","status":"publish","type":"post","link":"http:\/\/www.lamediatheque-jeumont.fr\/?p=15021","title":{"rendered":"Jeumont : \u00ab\u00a0nos lecteurs ont aim\u00e9\u00a0\u00bb (#76)"},"content":{"rendered":"<table>\n<tbody>\n<tr>\n<td width=\"190\"><img loading=\"lazy\" decoding=\"async\" class=\"alignnone size-full wp-image-15085\" src=\"http:\/\/www.lamediatheque-jeumont.fr\/wp-content\/uploads\/2021\/09\/417otXuiXWL._SY291_BO1204203200_QL40_ML2_.jpg\" alt=\"\" width=\"186\" height=\"293\"><\/td>\n<td>\n<h3 style=\"text-align: center;\"><strong><span style=\"color: #993300;\">\u00ab N\u00e9 sous une bonne \u00e9toile \u00bb<br \/>\n<\/span><\/strong><span style=\"color: #000000;\"><span style=\"color: #808080;\">d&rsquo;Aur\u00e9lie VALOGNES<\/span><br \/>\n<\/span><\/h3>\n<p style=\"text-align: justify;\">A l&rsquo;\u00e9cole il y a les bons \u00e9l\u00e8ves et il y a Gustave. C&rsquo;est un enfant dou\u00e9 pour r\u00eaver mais pas pour \u00e9tudier. Sa m\u00e8re, sa s\u0153ur sont pr\u00e9sentes pour lui mais rien n&rsquo;y fait.<br \/>\nArrive le jour de la rentr\u00e9e au CP et c&rsquo;est la catastrophe, le d\u00e9crochage. Ce que l&rsquo;\u00e9cole lui propose ne convient pas \u00e0 Gustave.<br \/>\nEt puis un jour il rencontre un prof qui va lui montrer le chemin de sa personnalit\u00e9 et le monde va enfin s&rsquo;ouvrir pour le petit gar\u00e7on.<\/p>\n<p style=\"text-align: justify;\"><span style=\"text-decoration: underline;\"><strong>Mon appr\u00e9ciation :<\/strong><\/span> \u00ab\u00a0Aur\u00e9lie Valognes signe un roman tendre sur les enfants en difficult\u00e9 scolaire qu&rsquo;on laisse sur le bas-c\u00f4t\u00e9, ceux qui ne font pas la fiert\u00e9 de leurs parents. Derri\u00e8re la honte se cache une terrible souffrance pour ces enfants diff\u00e9rents. Ce roman se d\u00e9guste bien au chaud, le nez dans les \u00e9toiles et les orteils dans le sable fin. Ce dernier roman nous fait un bien fou&#8230;\u00a0\u00bb<\/p>\n<p><strong>Annick<\/strong><\/td>\n<\/tr>\n<\/tbody>\n<\/table>\n<p><a href=\"http:\/\/www.mediatheque-jeumont.fr\/index.php?lvl=notice_display&amp;id=173422\" target=\"_blank\" rel=\"noopener\"><strong>\u00ab\u00a0N\u00e9 sous une bonne \u00e9toile\u00a0\u00bb d&rsquo;Aur\u00e9lie VALOGNES &#8211; Mazarine \u00e9ditions &#8211; 340<\/strong><strong> pages<\/strong><\/a><\/p>\n","protected":false},"excerpt":{"rendered":"<p>\u00ab N\u00e9 sous une bonne \u00e9toile \u00bb<br \/>\nd&rsquo;Aur\u00e9lie VALOGNES<\/p>\n<p>A l&rsquo;\u00e9cole il y a les bons \u00e9l\u00e8ves et il y a Gustave. C&rsquo;est un enfant dou\u00e9 pour r\u00eaver mais pas pour \u00e9tudier. Sa m\u00e8re, sa s\u0153ur sont pr\u00e9sentes pour lui mais rien n&rsquo;y fait.<br \/>\nArrive le jour de la rentr\u00e9e au CP et c&rsquo;est la catastrophe, le d\u00e9crochage. [&#8230;]<\/p>\n","protected":false},"author":7,"featured_media":0,"comment_status":"closed","ping_status":"closed","sticky":false,"template":"","format":"standard","meta":{"ngg_post_thumbnail":0,"footnotes":""},"categories":[110,112],"tags":[],"class_list":["post-15021","post","type-post","status-publish","format-standard","hentry","category-jeumont","category-nos-lecteurs-ont-aime"],"publishpress_future_action":{"enabled":false,"date":"2026-05-04 22:19:34","action":"change-status","newStatus":"draft","terms":[],"taxonomy":"category","extraData":[]},"publishpress_future_workflow_manual_trigger":{"enabledWorkflows":[]},"_links":{"self":[{"href":"http:\/\/www.lamediatheque-jeumont.fr\/index.php?rest_route=\/wp\/v2\/posts\/15021","targetHints":{"allow":["GET"]}}],"collection":[{"href":"http:\/\/www.lamediatheque-jeumont.fr\/index.php?rest_route=\/wp\/v2\/posts"}],"about":[{"href":"http:\/\/www.lamediatheque-jeumont.fr\/index.php?rest_route=\/wp\/v2\/types\/post"}],"author":[{"embeddable":true,"href":"http:\/\/www.lamediatheque-jeumont.fr\/index.php?rest_route=\/wp\/v2\/users\/7"}],"replies":[{"embeddable":true,"href":"http:\/\/www.lamediatheque-jeumont.fr\/index.php?rest_route=%2Fwp%2Fv2%2Fcomments&post=15021"}],"version-history":[{"count":5,"href":"http:\/\/www.lamediatheque-jeumont.fr\/index.php?rest_route=\/wp\/v2\/posts\/15021\/revisions"}],"predecessor-version":[{"id":15607,"href":"http:\/\/www.lamediatheque-jeumont.fr\/index.php?rest_route=\/wp\/v2\/posts\/15021\/revisions\/15607"}],"wp:attachment":[{"href":"http:\/\/www.lamediatheque-jeumont.fr\/index.php?rest_route=%2Fwp%2Fv2%2Fmedia&parent=15021"}],"wp:term":[{"taxonomy":"category","embeddable":true,"href":"http:\/\/www.lamediatheque-jeumont.fr\/index.php?rest_route=%2Fwp%2Fv2%2Fcategories&post=15021"},{"taxonomy":"post_tag","embeddable":true,"href":"http:\/\/www.lamediatheque-jeumont.fr\/index.php?rest_route=%2Fwp%2Fv2%2Ftags&post=15021"}],"curies":[{"name":"wp","href":"https:\/\/api.w.org\/{rel}","templated":true}]}}