{"id":14984,"date":"2021-09-24T14:37:30","date_gmt":"2021-09-24T12:37:30","guid":{"rendered":"https:\/\/www.lamediatheque-jeumont.fr\/?p=14984"},"modified":"2021-09-24T14:44:19","modified_gmt":"2021-09-24T12:44:19","slug":"14984","status":"publish","type":"post","link":"http:\/\/www.lamediatheque-jeumont.fr\/?p=14984","title":{"rendered":"Jeumont : exposition \u00ab\u00a0Objectifs Art D\u00e9co\u00a0\u00bb"},"content":{"rendered":"<table width=\"650\" border=\"0\">\n<tbody>\n<tr>\n<td style=\"text-align: center;\"><img loading=\"lazy\" decoding=\"async\" class=\"alignnone size-medium wp-image-14985\" src=\"http:\/\/www.lamediatheque-jeumont.fr\/wp-content\/uploads\/2021\/09\/art-deco-copie-350x303.jpg\" alt=\"\" width=\"350\" height=\"303\" srcset=\"http:\/\/www.lamediatheque-jeumont.fr\/wp-content\/uploads\/2021\/09\/art-deco-copie-350x303.jpg 350w, http:\/\/www.lamediatheque-jeumont.fr\/wp-content\/uploads\/2021\/09\/art-deco-copie-1024x887.jpg 1024w, http:\/\/www.lamediatheque-jeumont.fr\/wp-content\/uploads\/2021\/09\/art-deco-copie-768x665.jpg 768w, http:\/\/www.lamediatheque-jeumont.fr\/wp-content\/uploads\/2021\/09\/art-deco-copie-1536x1330.jpg 1536w, http:\/\/www.lamediatheque-jeumont.fr\/wp-content\/uploads\/2021\/09\/art-deco-copie.jpg 1749w\" sizes=\"auto, (max-width: 350px) 100vw, 350px\" \/><\/td>\n<\/tr>\n<tr>\n<td>\n<h1 style=\"text-align: center;\"><span style=\"color: #808080;\"><span style=\"color: #993300;\"><span style=\"color: #808080;\">Exposition<\/span><br \/>\n\u00ab\u00a0Objectifs Art D\u00e9co\u00a0\u00bb<\/span><br \/>\n<\/span><\/h1>\n<h1 style=\"text-align: center;\"><span style=\"color: #993300;\"><span style=\"color: #000000;\">du mardi 28 septembre<br \/>\nau samedi 9 octobre<\/span><br \/>\n<\/span><\/h1>\n<\/td>\n<\/tr>\n<tr>\n<td style=\"text-align: justify;\">\n<p style=\"text-align: justify;\">Cette exposition photographique est le fruit d&rsquo;une collaboration avec des photographes passionn\u00e9s des Haut-de-France, qui nous offrent un regard particulier sur le patrimoine Art d\u00e9co de leur territoire. Ces clich\u00e9s in\u00e9dits, pr\u00e9sent\u00e9s au public pour la premi\u00e8re fois, saisissent sous un angle personnel et artistique des \u00e9l\u00e9ments plus ou<br \/>\nmoins connus de l&rsquo;Art d\u00e9co de notre r\u00e9gion.<\/p>\n<\/td>\n<\/tr>\n<tr>\n<td>&nbsp;<\/td>\n<\/tr>\n<tr>\n<td><strong>Entr\u00e9e libre aux horaires d&rsquo;ouverture de la m\u00e9diath\u00e8que<br \/>\n<\/strong><\/td>\n<\/tr>\n<\/tbody>\n<\/table>\n","protected":false},"excerpt":{"rendered":"<p>Exposition<br \/>\n\u00ab\u00a0Objectifs Art D\u00e9co\u00a0\u00bb<\/p>\n<p>du mardi 28 septembre<br \/>\nau samedi 9 octobre<\/p>\n<p>Cette exposition photographique est le fruit d&rsquo;une collaboration avec des photographes passionn\u00e9s des Haut-de-France, qui nous offrent un regard particulier sur le patrimoine Art d\u00e9co de leur territoire. Ces clich\u00e9s in\u00e9dits, pr\u00e9sent\u00e9s au public pour la premi\u00e8re fois, saisissent sous un angle personnel et artistique des \u00e9l\u00e9ments [&#8230;]<\/p>\n","protected":false},"author":3,"featured_media":0,"comment_status":"closed","ping_status":"closed","sticky":false,"template":"","format":"standard","meta":{"ngg_post_thumbnail":0,"footnotes":""},"categories":[98,110],"tags":[],"class_list":["post-14984","post","type-post","status-publish","format-standard","hentry","category-spectacle","category-jeumont"],"publishpress_future_action":{"enabled":false,"date":"2026-05-03 22:49:46","action":"change-status","newStatus":"draft","terms":[],"taxonomy":"category","extraData":[]},"publishpress_future_workflow_manual_trigger":{"enabledWorkflows":[]},"_links":{"self":[{"href":"http:\/\/www.lamediatheque-jeumont.fr\/index.php?rest_route=\/wp\/v2\/posts\/14984","targetHints":{"allow":["GET"]}}],"collection":[{"href":"http:\/\/www.lamediatheque-jeumont.fr\/index.php?rest_route=\/wp\/v2\/posts"}],"about":[{"href":"http:\/\/www.lamediatheque-jeumont.fr\/index.php?rest_route=\/wp\/v2\/types\/post"}],"author":[{"embeddable":true,"href":"http:\/\/www.lamediatheque-jeumont.fr\/index.php?rest_route=\/wp\/v2\/users\/3"}],"replies":[{"embeddable":true,"href":"http:\/\/www.lamediatheque-jeumont.fr\/index.php?rest_route=%2Fwp%2Fv2%2Fcomments&post=14984"}],"version-history":[{"count":5,"href":"http:\/\/www.lamediatheque-jeumont.fr\/index.php?rest_route=\/wp\/v2\/posts\/14984\/revisions"}],"predecessor-version":[{"id":14991,"href":"http:\/\/www.lamediatheque-jeumont.fr\/index.php?rest_route=\/wp\/v2\/posts\/14984\/revisions\/14991"}],"wp:attachment":[{"href":"http:\/\/www.lamediatheque-jeumont.fr\/index.php?rest_route=%2Fwp%2Fv2%2Fmedia&parent=14984"}],"wp:term":[{"taxonomy":"category","embeddable":true,"href":"http:\/\/www.lamediatheque-jeumont.fr\/index.php?rest_route=%2Fwp%2Fv2%2Fcategories&post=14984"},{"taxonomy":"post_tag","embeddable":true,"href":"http:\/\/www.lamediatheque-jeumont.fr\/index.php?rest_route=%2Fwp%2Fv2%2Ftags&post=14984"}],"curies":[{"name":"wp","href":"https:\/\/api.w.org\/{rel}","templated":true}]}}