{"id":14620,"date":"2021-07-09T10:51:24","date_gmt":"2021-07-09T08:51:24","guid":{"rendered":"http:\/\/www.lamediatheque-jeumont.fr\/?p=14620"},"modified":"2021-07-09T10:53:02","modified_gmt":"2021-07-09T08:53:02","slug":"jeumont-vos-nouveautes-de-lete","status":"publish","type":"post","link":"http:\/\/www.lamediatheque-jeumont.fr\/?p=14620","title":{"rendered":"Jeumont : vos nouveaut\u00e9s de l&rsquo;\u00e9t\u00e9"},"content":{"rendered":"<p>Venez d\u00e9couvrir les lectures de l&rsquo;\u00e9t\u00e9 : <strong>Annie Degroote<\/strong> <em>\u00ab\u00a0Des cendres sur nos c\u0153urs\u00a0\u00bb<\/em>;&nbsp; <strong>Laetitia Colombani<\/strong> <em>\u00ab\u00a0Le cerf-volant\u00a0\u00bb<\/em>; <strong>Fran\u00e7oise Bourdin<\/strong> <em>\u00ab\u00a0Le meilleur est \u00e0 venir\u00a0\u00bb<\/em>; <strong>Tatiana de Rosnay<\/strong> <em>\u00ab\u00a0C\u00e9lestine du Bac\u00a0\u00bb<\/em> &#8230; et bien d&rsquo;autres&#8230; vous attendent dans votre m\u00e9diath\u00e8que.<\/p>\n<table width=\"650\" border=\"0\" align=\"justify\">\n<tbody>\n<tr>\n<td>\n<h3 style=\"text-align: center;\"><span style=\"text-decoration: underline;\"><strong><span style=\"color: #666699; text-decoration: underline;\">Romans<\/span><\/strong><\/span><\/h3>\n<\/td>\n<td>&nbsp;<\/td>\n<\/tr>\n<tr>\n<td>&nbsp;<\/td>\n<td>&nbsp;<\/td>\n<\/tr>\n<tr valign=\"top\">\n<td width=\"200px\" valign=\"top\"><strong><img loading=\"lazy\" decoding=\"async\" class=\"alignnone size-medium wp-image-14625\" src=\"http:\/\/www.lamediatheque-jeumont.fr\/wp-content\/uploads\/2021\/07\/51Ige1BiEdS._SX300_BO1204203200_-212x350.jpg\" alt=\"\" width=\"212\" height=\"350\" srcset=\"http:\/\/www.lamediatheque-jeumont.fr\/wp-content\/uploads\/2021\/07\/51Ige1BiEdS._SX300_BO1204203200_-212x350.jpg 212w, http:\/\/www.lamediatheque-jeumont.fr\/wp-content\/uploads\/2021\/07\/51Ige1BiEdS._SX300_BO1204203200_.jpg 302w\" sizes=\"auto, (max-width: 212px) 100vw, 212px\" \/><\/strong><\/td>\n<td style=\"text-align: justify;\">\n<h3 style=\"text-align: center;\"><span style=\"color: #993300;\"><strong>\u00abAvant l&rsquo;\u00e9t\u00e9\u00bb<\/strong><\/span><br \/>\nde Claudie GALLAY<\/h3>\n<p>Jess a vingt-trois ans et quatre amies de toujours. Pour la f\u00eate du Printemps, les cinq filles d\u00e9cident de pr\u00e9senter un d\u00e9fil\u00e9 de mode : elles vont chiner, coudre et cr\u00e9er des tenues, mais surtout elles vont oser monter sur sc\u00e8ne, entrer dans la lumi\u00e8re. Envisager cette audace, c\u2019est d\u00e9j\u00e0 changer, or Jess va changer bien plus encore, en quelques mois, notamment au contact de la vieille Madame Barnes &#8211; au risque de perdre une amie, au risque de se d\u00e9couvrir, au risque de s\u2019envoler. Un roman de la m\u00e9tamorphose, frais, joyeux et enlev\u00e9, plein d&rsquo;insouciance et de promesses d\u2019avenir.<\/td>\n<\/tr>\n<tr>\n<td>&nbsp;<\/td>\n<td>&nbsp;<\/td>\n<\/tr>\n<tr>\n<td>&nbsp;<\/td>\n<td style=\"text-align: center;\"><a href=\"http:\/\/www.mediatheque-jeumont.fr\/index.php?lvl=etagere_see&amp;id=875\" target=\"_blank\" rel=\"noopener\"><strong>Cliquez sur ce lien pour d\u00e9couvrir<br \/>\nles nouveaux titres dans la cat\u00e9gorie \u00abRomans\u00bb<\/strong><\/a><\/td>\n<\/tr>\n<tr>\n<td>&nbsp;<\/td>\n<td>&nbsp;<\/td>\n<\/tr>\n<tr>\n<td>\n<h3 style=\"text-align: center;\"><span style=\"text-decoration: underline;\"><strong><span style=\"color: #666699; text-decoration: underline;\">Romans policiers<\/span><\/strong><\/span><\/h3>\n<\/td>\n<td>&nbsp;<\/td>\n<\/tr>\n<tr>\n<td>&nbsp;<\/td>\n<td>&nbsp;<\/td>\n<\/tr>\n<tr valign=\"top\">\n<td width=\"200px\"><img loading=\"lazy\" decoding=\"async\" class=\"alignnone size-medium wp-image-14626\" src=\"http:\/\/www.lamediatheque-jeumont.fr\/wp-content\/uploads\/2021\/07\/41qx9UrvvHL._SX343_BO1204203200_-242x350.jpg\" alt=\"\" width=\"242\" height=\"350\" srcset=\"http:\/\/www.lamediatheque-jeumont.fr\/wp-content\/uploads\/2021\/07\/41qx9UrvvHL._SX343_BO1204203200_-242x350.jpg 242w, http:\/\/www.lamediatheque-jeumont.fr\/wp-content\/uploads\/2021\/07\/41qx9UrvvHL._SX343_BO1204203200_.jpg 345w\" sizes=\"auto, (max-width: 242px) 100vw, 242px\" \/><\/td>\n<td style=\"text-align: justify;\">\n<h3 style=\"text-align: center;\"><span style=\"color: #993300;\"><strong>\u00abBonne nuit Maman\u00bb<\/strong><\/span><br \/>\nde Seo MI-AE<\/h3>\n<p><i>\u00ab\u00a0Le Silence des agneaux\u00a0\u00bb<\/i> Made in Korea !<br \/>\nSeonkyeong, criminologue, est sollicit\u00e9e par un serial-killer qui attend son jugement en prison. Cet homme qui a assassin\u00e9 une douzaine de femmes veut lui parler, \u00e0 elle et \u00e0 personne d&rsquo;autre. Intelligent, manipulateur, ses motivations restent floues mais tous s&rsquo;accordent \u00e0 dire que Seonkyeong devra faire preuve de la plus grande prudence face \u00e0 ce criminel hors normes.<br \/>\nDans le m\u00eame temps, son mari se voit contraint de faire venir chez eux la fille qu&rsquo;il a eu d&rsquo;un pr\u00e9c\u00e9dent mariage. Une petite de onze ans qui serre contre elle son ours en peluche, une petite boulevers\u00e9e par les d\u00e9c\u00e8s de sa m\u00e8re et de ses grands-parents maternels. Des d\u00e9c\u00e8s pour le moins suspects<\/td>\n<\/tr>\n<tr>\n<td>&nbsp;<\/td>\n<td>&nbsp;<\/td>\n<\/tr>\n<tr>\n<td>&nbsp;<\/td>\n<td style=\"text-align: center;\"><a href=\"http:\/\/www.mediatheque-jeumont.fr\/index.php?lvl=etagere_see&amp;id=877\" target=\"_blank\" rel=\"noopener\"><strong>Cliquez sur ce lien pour d\u00e9couvrir<\/strong><strong> les nouveaux titres dans la cat\u00e9gorie \u00abRomans policiers\u00bb<\/strong><\/a><\/td>\n<\/tr>\n<tr>\n<td>&nbsp;<\/td>\n<td>&nbsp;<\/td>\n<\/tr>\n<tr>\n<td>\n<h3 style=\"text-align: center;\"><span style=\"text-decoration: underline;\"><strong><span style=\"color: #666699; text-decoration: underline;\">Science-fiction<\/span><\/strong><\/span><\/h3>\n<\/td>\n<td>&nbsp;<\/td>\n<\/tr>\n<tr>\n<td>&nbsp;<\/td>\n<td>&nbsp;<\/td>\n<\/tr>\n<tr valign=\"top\">\n<td width=\"200px\"><img loading=\"lazy\" decoding=\"async\" class=\"alignnone size-full wp-image-14628\" src=\"http:\/\/www.lamediatheque-jeumont.fr\/wp-content\/uploads\/2021\/07\/51Vw06DDlS._SY344_BO1204203200_.jpg\" alt=\"\" width=\"223\" height=\"346\"><\/td>\n<td style=\"text-align: justify;\">\n<h3 style=\"text-align: center;\"><span style=\"color: #993300;\"><strong>\u00abLes fant\u00f4mes de Harvard\u00bb<\/strong><\/span><br \/>\nde Francesca SERRITELLA<\/h3>\n<div id=\"iframeContent\" dir=\"auto\">\n<div id=\"iframeContent\" dir=\"auto\">Accept\u00e9e \u00e0 Harvard, Cadence Archer d\u00e9cide de s&rsquo;installer sur le campus alors que ce choix menace de d\u00e9truire sa famille. Car c&rsquo;est dans la prestigieuse universit\u00e9 que son fr\u00e8re a\u00een\u00e9 a mis fin \u00e0 ses jours, l&rsquo;ann\u00e9e pr\u00e9c\u00e9dente, apr\u00e8s avoir d\u00e9velopp\u00e9 une schizophr\u00e9nie. Cady ne peut se r\u00e9soudre \u00e0 continuer de vivre sans savoir ce qui a pouss\u00e9 cet \u00e9tudiant de g\u00e9nie \u00e0 se suicider. Avec pour seul \u00e9l\u00e9ment un cahier bleu empli des gribouillages obscures d&rsquo;Eric, devenu parano\u00efaque et en proie aux hallucinations, elle enqu\u00eate sur les ultimes mois de sa vie. Plus Cady avance, plus ses soup\u00e7ons augmentent. Puis, elle-m\u00eame commence \u00e0 entendre des voix&#8230;<\/div>\n<\/div>\n<\/td>\n<\/tr>\n<tr>\n<td>&nbsp;<\/td>\n<td>&nbsp;<\/td>\n<\/tr>\n<tr>\n<td>&nbsp;<\/td>\n<td style=\"text-align: center;\"><a href=\"http:\/\/www.mediatheque-jeumont.fr\/index.php?lvl=etagere_see&amp;id=876\" target=\"_blank\" rel=\"noopener\"><strong>Cliquez sur ce lien pour d\u00e9couvrir<\/strong><strong> les nouveaux titres dans la cat\u00e9gorie \u00abScience-fiction\u00bb<\/strong><\/a><\/td>\n<\/tr>\n<tr>\n<td>&nbsp;<\/td>\n<td>&nbsp;<\/td>\n<\/tr>\n<tr>\n<td>\n<h3 style=\"text-align: center;\"><span style=\"text-decoration: underline;\"><strong><span style=\"color: #666699; text-decoration: underline;\">Documentaires<br \/>\n<\/span><\/strong><\/span><\/h3>\n<\/td>\n<td>&nbsp;<\/td>\n<\/tr>\n<tr valign=\"top\">\n<td width=\"200px\" valign=\"top\"><img loading=\"lazy\" decoding=\"async\" class=\"alignnone size-medium wp-image-14631\" src=\"http:\/\/www.lamediatheque-jeumont.fr\/wp-content\/uploads\/2021\/07\/51pkxhcRVkL._SX363_BO1204203200_-256x350.jpg\" alt=\"\" width=\"256\" height=\"350\" srcset=\"http:\/\/www.lamediatheque-jeumont.fr\/wp-content\/uploads\/2021\/07\/51pkxhcRVkL._SX363_BO1204203200_-256x350.jpg 256w, http:\/\/www.lamediatheque-jeumont.fr\/wp-content\/uploads\/2021\/07\/51pkxhcRVkL._SX363_BO1204203200_.jpg 365w\" sizes=\"auto, (max-width: 256px) 100vw, 256px\" \/><\/td>\n<td style=\"text-align: justify;\">\n<h3 style=\"text-align: center;\"><span style=\"color: #993300;\"><strong>\u00abProt\u00e9ger les petits animaux du jardin\u00bb<\/strong><\/span><br \/>\nde Helga HOFMANN<\/h3>\n<p>Tous les petits animaux ont un r\u00f4le dans votre jardin et il est important de les pr\u00e9server. Les h\u00e9rissons mangeront vos limaces qui abiment les l\u00e9gumes de votre potager, les coccinelles raffolent des pucerons qui mangent vos rosiers, les chauve-souris se r\u00e9galent de moustiques et les h\u00e9rissons pr\u00e9f\u00e8rent les escargots\u2026 Afin de pr\u00e9server cette biodiversit\u00e9 et l\u2019\u00e9cosyst\u00e8me de votre jardin, ce petit livre vous enseigne comment en prendre soin et pr\u00e9sente des DIY pour fabriquer des nichoirs, des abris et des h\u00f4tels pour les petits animaux.<\/td>\n<\/tr>\n<tr>\n<td>&nbsp;<\/td>\n<td>&nbsp;<\/td>\n<\/tr>\n<tr>\n<td>&nbsp;<\/td>\n<td style=\"text-align: center;\"><a href=\"http:\/\/www.mediatheque-jeumont.fr\/index.php?lvl=etagere_see&amp;id=874\" target=\"_blank\" rel=\"noopener\"><strong>Cliquez sur ce lien pour d\u00e9couvrir<br \/>\n<\/strong><strong>les nouveaux titres dans la cat\u00e9gorie \u00abDocumentaires\u00bb<\/strong><\/a><\/td>\n<\/tr>\n<\/tbody>\n<\/table>\n","protected":false},"excerpt":{"rendered":"<p>Venez d\u00e9couvrir les lectures de l&rsquo;\u00e9t\u00e9 : Annie Degroote \u00ab\u00a0Des cendres sur nos c\u0153urs\u00a0\u00bb;&nbsp; Laetitia Colombani \u00ab\u00a0Le cerf-volant\u00a0\u00bb; Fran\u00e7oise Bourdin \u00ab\u00a0Le meilleur est \u00e0 venir\u00a0\u00bb; Tatiana de Rosnay \u00ab\u00a0C\u00e9lestine du Bac\u00a0\u00bb &#8230; et bien d&rsquo;autres&#8230; vous attendent dans votre m\u00e9diath\u00e8que.<\/p>\n<p>Romans<\/p>\n<p>&nbsp;<\/p>\n<p>&nbsp;<br \/>\n&nbsp;<\/p>\n<p>\u00abAvant l&rsquo;\u00e9t\u00e9\u00bb<br \/>\nde Claudie GALLAY<br \/>\nJess a vingt-trois ans et quatre amies de toujours. Pour la f\u00eate du [&#8230;]<\/p>\n","protected":false},"author":7,"featured_media":0,"comment_status":"closed","ping_status":"closed","sticky":false,"template":"","format":"standard","meta":{"ngg_post_thumbnail":0,"footnotes":""},"categories":[73,110],"tags":[],"class_list":["post-14620","post","type-post","status-publish","format-standard","hentry","category-coups-de-coeur-et-nouveautes","category-jeumont"],"publishpress_future_action":{"enabled":false,"date":"2026-05-04 23:59:04","action":"change-status","newStatus":"draft","terms":[],"taxonomy":"category","extraData":[]},"publishpress_future_workflow_manual_trigger":{"enabledWorkflows":[]},"_links":{"self":[{"href":"http:\/\/www.lamediatheque-jeumont.fr\/index.php?rest_route=\/wp\/v2\/posts\/14620","targetHints":{"allow":["GET"]}}],"collection":[{"href":"http:\/\/www.lamediatheque-jeumont.fr\/index.php?rest_route=\/wp\/v2\/posts"}],"about":[{"href":"http:\/\/www.lamediatheque-jeumont.fr\/index.php?rest_route=\/wp\/v2\/types\/post"}],"author":[{"embeddable":true,"href":"http:\/\/www.lamediatheque-jeumont.fr\/index.php?rest_route=\/wp\/v2\/users\/7"}],"replies":[{"embeddable":true,"href":"http:\/\/www.lamediatheque-jeumont.fr\/index.php?rest_route=%2Fwp%2Fv2%2Fcomments&post=14620"}],"version-history":[{"count":11,"href":"http:\/\/www.lamediatheque-jeumont.fr\/index.php?rest_route=\/wp\/v2\/posts\/14620\/revisions"}],"predecessor-version":[{"id":14636,"href":"http:\/\/www.lamediatheque-jeumont.fr\/index.php?rest_route=\/wp\/v2\/posts\/14620\/revisions\/14636"}],"wp:attachment":[{"href":"http:\/\/www.lamediatheque-jeumont.fr\/index.php?rest_route=%2Fwp%2Fv2%2Fmedia&parent=14620"}],"wp:term":[{"taxonomy":"category","embeddable":true,"href":"http:\/\/www.lamediatheque-jeumont.fr\/index.php?rest_route=%2Fwp%2Fv2%2Fcategories&post=14620"},{"taxonomy":"post_tag","embeddable":true,"href":"http:\/\/www.lamediatheque-jeumont.fr\/index.php?rest_route=%2Fwp%2Fv2%2Ftags&post=14620"}],"curies":[{"name":"wp","href":"https:\/\/api.w.org\/{rel}","templated":true}]}}