{"id":14410,"date":"2021-01-26T17:26:59","date_gmt":"2021-01-26T16:26:59","guid":{"rendered":"http:\/\/www.lamediatheque-jeumont.fr\/?p=14410"},"modified":"2021-01-26T17:28:58","modified_gmt":"2021-01-26T16:28:58","slug":"les-nouveautes-de-fin-janvier","status":"publish","type":"post","link":"http:\/\/www.lamediatheque-jeumont.fr\/?p=14410","title":{"rendered":"Les nouveaut\u00e9s de fin janvier"},"content":{"rendered":"<table width=\"650\" border=\"0\" align=\"justify\">\n<tbody>\n<tr>\n<td>\n<h3 style=\"text-align: center;\"><span style=\"text-decoration: underline;\"><strong><span style=\"color: #666699; text-decoration: underline;\">Romans<\/span><\/strong><\/span><\/h3>\n<\/td>\n<td>&nbsp;<\/td>\n<\/tr>\n<tr>\n<td>&nbsp;<\/td>\n<td>&nbsp;<\/td>\n<\/tr>\n<tr valign=\"top\">\n<td width=\"200px\" valign=\"top\"><img loading=\"lazy\" decoding=\"async\" class=\"alignnone size-medium wp-image-14416\" src=\"http:\/\/www.lamediatheque-jeumont.fr\/wp-content\/uploads\/2021\/01\/41wpGGKLpPL._SX304_BO1204203200_-215x350.jpg\" alt=\"\" width=\"215\" height=\"350\" srcset=\"http:\/\/www.lamediatheque-jeumont.fr\/wp-content\/uploads\/2021\/01\/41wpGGKLpPL._SX304_BO1204203200_-215x350.jpg 215w, http:\/\/www.lamediatheque-jeumont.fr\/wp-content\/uploads\/2021\/01\/41wpGGKLpPL._SX304_BO1204203200_.jpg 306w\" sizes=\"auto, (max-width: 215px) 100vw, 215px\" \/><\/td>\n<td style=\"text-align: justify;\">\n<h3 style=\"text-align: center;\"><span style=\"color: #993300;\"><strong>\u00ab La saga des Cazalet \u00bb<br \/>\n<span style=\"color: #808080;\">Tome 1 : \u00ab \u00c9t\u00e9s anglais \u00bb<\/span><\/strong><\/span><br \/>\nd&rsquo;Elizabeth Jane HOWARD<\/h3>\n<p>Juillet 1937. A Home Place, au coeur du Sussex, jardiniers, femmes de chambre et cuisini\u00e8re sont sur le pont. La Duche orchestre le ballet des domestiques avant l&rsquo;arriv\u00e9e de ses trois fils, Hugh, Edward et Rupert Cazalet, en chemin depuis Londres avec \u00e9pouses, enfants et gouvernantes. O\u00f9 dormira Clary, adolescente mal dans sa peau en plein conflit avec sa belle-m\u00e8re ? Quelle robe portera Villy, ancienne ballerine d\u00e9sormais m\u00e8re au foyer ? Polly, terroris\u00e9e \u00e0 l&rsquo;id\u00e9e qu&rsquo;une guerre \u00e9clate, s&rsquo;entendra-t-elle avec sa cousine Louise qui r\u00eave de devenir actrice ? Rachel, la seule fille de la Duche, trouvera-t-elle un moment pour ouvrir la pr\u00e9cieuse lettre de son amie Sid ? Non-dits, chamailleries, profonds chagrins&#8230; Aux pr\u00e9occupations des adultes font \u00e9cho les inqui\u00e9tudes des enfants, et \u00e0 la r\u00e9silience des femmes, qu&rsquo;elles soient \u00e9pouses, fillettes ou domestiques, r\u00e9pond la toute-puissance &#8211; ou l&rsquo;impuissance &#8211; des hommes. L&rsquo;\u00e9t\u00e9 regorge d&rsquo;incertitudes mais, sans l&rsquo;ombre d&rsquo;un doute, une nouvelle guerre approche : entre pique-niques sur la plage et soir\u00e9es aupr\u00e8s du gramophone, il faudra inventorier lits de camp et masques \u00e0 gaz.<\/td>\n<\/tr>\n<tr>\n<td>&nbsp;<\/td>\n<td>&nbsp;<\/td>\n<\/tr>\n<tr>\n<td>&nbsp;<\/td>\n<td style=\"text-align: center;\"><a href=\"http:\/\/www.mediatheque-jeumont.fr\/index.php?lvl=etagere_see&amp;id=878\" target=\"_blank\" rel=\"noopener\"><strong>Cliquez sur ce lien pour d\u00e9couvrir<br \/>\nles nouveaux titres dans la cat\u00e9gorie \u00abRomans\u00bb<\/strong><\/a><\/td>\n<\/tr>\n<tr>\n<td>&nbsp;<\/td>\n<td>&nbsp;<\/td>\n<\/tr>\n<tr>\n<td>\n<h3 style=\"text-align: center;\"><span style=\"text-decoration: underline;\"><strong><span style=\"color: #666699; text-decoration: underline;\">Romans policiers<\/span><\/strong><\/span><\/h3>\n<\/td>\n<td>&nbsp;<\/td>\n<\/tr>\n<tr>\n<td>&nbsp;<\/td>\n<td>&nbsp;<\/td>\n<\/tr>\n<tr valign=\"top\">\n<td width=\"200px\"><img loading=\"lazy\" decoding=\"async\" class=\"alignnone size-medium wp-image-14417\" src=\"http:\/\/www.lamediatheque-jeumont.fr\/wp-content\/uploads\/2021\/01\/510dQvVIt5L._SX324_BO1204203200_-229x350.jpg\" alt=\"\" width=\"229\" height=\"350\" srcset=\"http:\/\/www.lamediatheque-jeumont.fr\/wp-content\/uploads\/2021\/01\/510dQvVIt5L._SX324_BO1204203200_-229x350.jpg 229w, http:\/\/www.lamediatheque-jeumont.fr\/wp-content\/uploads\/2021\/01\/510dQvVIt5L._SX324_BO1204203200_.jpg 326w\" sizes=\"auto, (max-width: 229px) 100vw, 229px\" \/><\/td>\n<td style=\"text-align: justify;\">\n<h3 style=\"text-align: center;\"><span style=\"color: #993300;\"><strong>\u00ab Justice pour Cross \u00bb<\/strong><\/span><br \/>\nde James PATTERSON<\/h3>\n<p style=\"text-align: justify;\">Enfant, Alex Cross a quitt\u00e9 sa ville natale et tent\u00e9&nbsp; d\u2019oublier les terribles drames familiaux qui s\u2019y sont&nbsp; d\u00e9roul\u00e9s pour d\u00e9marrer une vie meilleure \u00e0&nbsp; Washington DC.<br \/>\nMais lorsque son cousin Stefan est accus\u00e9 d\u2019un meurtre&nbsp; atroce, Cross retourne en Caroline du Nord, pour la&nbsp; premi\u00e8re fois depuis trente-cinq ans. Alors qu\u2019il retrouve la&nbsp; maison familiale, les atrocit\u00e9s de son enfance viennent le&nbsp; hanter\u2026 Mais rien ne l\u2019emp\u00eachera de mettre son talent au&nbsp; service de la v\u00e9rit\u00e9, aussi difficile qu\u2019elle soit \u00e0 obtenir dans&nbsp; cette ville o\u00f9 personne n\u2019ose parler librement.<br \/>\nDans <strong>\u00ab\u00a0<em>Justice pour Cross\u00a0\u00bb<\/em><\/strong>, notre h\u00e9ros est confront\u00e9 au&nbsp; cas le plus p\u00e9rilleux et le plus personnel de sa carri\u00e8re.<br \/>\nSuspense ininterrompu et frissons garantis avec ce roman&nbsp; qui prouve que retourner d\u2019o\u00f9 l\u2019on vient, c\u2019est prendre le&nbsp; risque d\u2019y rester.<\/p>\n<\/td>\n<\/tr>\n<tr>\n<td>&nbsp;<\/td>\n<td>&nbsp;<\/td>\n<\/tr>\n<tr>\n<td>&nbsp;<\/td>\n<td style=\"text-align: center;\"><a href=\"http:\/\/www.mediatheque-jeumont.fr\/index.php?lvl=etagere_see&amp;id=879\" target=\"_blank\" rel=\"noopener\"><strong>Cliquez sur ce lien pour d\u00e9couvrir<\/strong><strong> les nouveaux titres dans la cat\u00e9gorie \u00abRomans policiers\u00bb<\/strong><\/a><\/td>\n<\/tr>\n<tr>\n<td>&nbsp;<\/td>\n<td>&nbsp;<\/td>\n<\/tr>\n<tr>\n<td>\n<h3 style=\"text-align: center;\"><span style=\"text-decoration: underline;\"><strong><span style=\"color: #666699; text-decoration: underline;\">Science-fiction<\/span><\/strong><\/span><\/h3>\n<\/td>\n<td>&nbsp;<\/td>\n<\/tr>\n<tr>\n<td>&nbsp;<\/td>\n<td>&nbsp;<\/td>\n<\/tr>\n<tr valign=\"top\">\n<td width=\"200px\"><img loading=\"lazy\" decoding=\"async\" class=\"alignnone size-medium wp-image-14418\" src=\"http:\/\/www.lamediatheque-jeumont.fr\/wp-content\/uploads\/2021\/01\/51hfkV6AviL._SX348_BO1204203200_-245x350.jpg\" alt=\"\" width=\"245\" height=\"350\" srcset=\"http:\/\/www.lamediatheque-jeumont.fr\/wp-content\/uploads\/2021\/01\/51hfkV6AviL._SX348_BO1204203200_-245x350.jpg 245w, http:\/\/www.lamediatheque-jeumont.fr\/wp-content\/uploads\/2021\/01\/51hfkV6AviL._SX348_BO1204203200_.jpg 350w\" sizes=\"auto, (max-width: 245px) 100vw, 245px\" \/><\/td>\n<td style=\"text-align: justify;\">\n<h3 style=\"text-align: center;\"><span style=\"color: #993300;\"><strong>\u00ab Shining in the dark \u00bb<\/strong><\/span><br \/>\n(Anthologie)<\/h3>\n<div id=\"iframeContent\" dir=\"auto\">\n<div id=\"iframeContent\" dir=\"auto\">\u00c0 l\u2019occasion des vingt ans de<em> \u00ab\u00a0<strong>Lilja\u2019s Library\u00a0\u00bb<\/strong><\/em>, l\u2019un des sites de r\u00e9f\u00e9rence sur l\u2019\u0153uvre de <strong>Stephen King<\/strong>, son responsable, <strong>Hans-\u00c5ke Lilja<\/strong>, a fait appel \u00e0 la fine fleur de la litt\u00e9rature fantastique mondiale pour composer cette anthologie. Du King lui-m\u00eame \u2013 avec un texte in\u00e9dit en fran\u00e7ais \u2013 \u00e0 <strong>Jack Ketchum<\/strong>, en passant par<strong> Clive Barker<\/strong>, J<strong>ohn Ajvide Lindqvist<\/strong> ou <strong>Ramsey Campbell<\/strong>, vous trouverez dans ces pages de quoi alimenter quelques belles nuits cauchemardesques\u2026&nbsp;<\/div>\n<\/div>\n<\/td>\n<\/tr>\n<tr>\n<td>&nbsp;<\/td>\n<td>&nbsp;<\/td>\n<\/tr>\n<tr>\n<td>&nbsp;<\/td>\n<td style=\"text-align: center;\"><a href=\"http:\/\/www.mediatheque-jeumont.fr\/index.php?lvl=etagere_see&amp;id=880\" target=\"_blank\" rel=\"noopener\"><strong>Cliquez sur ce lien pour d\u00e9couvrir<\/strong><strong> les nouveaux titres dans la cat\u00e9gorie \u00abScience-fiction\u00bb<\/strong><\/a><\/td>\n<\/tr>\n<tr>\n<td>&nbsp;<\/td>\n<td>&nbsp;<\/td>\n<\/tr>\n<tr>\n<td>\n<h3 style=\"text-align: center;\"><span style=\"text-decoration: underline;\"><strong><span style=\"color: #666699; text-decoration: underline;\">Documentaires<br \/>\n<\/span><\/strong><\/span><\/h3>\n<\/td>\n<td>&nbsp;<\/td>\n<\/tr>\n<tr valign=\"top\">\n<td width=\"200px\" valign=\"top\"><img loading=\"lazy\" decoding=\"async\" class=\"alignnone size-full wp-image-14419\" src=\"http:\/\/www.lamediatheque-jeumont.fr\/wp-content\/uploads\/2021\/01\/41HnvZ4rQL._SY344_BO1204203200_.jpg\" alt=\"\" width=\"237\" height=\"346\"><\/td>\n<td style=\"text-align: justify;\">\n<h3 style=\"text-align: center;\"><span style=\"color: #993300;\"><strong>\u00ab Un crime sans importance \u00bb<\/strong><\/span><br \/>\nd&rsquo;Ir\u00e8ne FRAIN<\/h3>\n<p style=\"text-align: justify;\"><em>\u00a0\u00bb Les faits. Le peu qu&rsquo;on en a su pendant des mois. Ce qu&rsquo;on a cru savoir. Les rumeurs, les r\u00e9cits. Sur ce meurtre, longtemps, l&rsquo;unique certitude fut la m\u00e9t\u00e9o. Ce samedi-l\u00e0, il a fait beau. Dans les commerces et sur les parkings des hypermarch\u00e9s, on pointait le ciel, on parlait d&rsquo;\u00e9t\u00e9 indien. Certains avaient ressorti leur bermuda et leurs tongs. Ils projetaient d&rsquo;organiser des barbecues dans leur jardin.<\/em><br \/>\n<em>L&rsquo;agresseur, a-t-on assur\u00e9, s&rsquo;est introduit dans la maison de l&rsquo;impasse en plein jour. On ignore \u00e0 quelle heure. Pour trancher, il faudrait disposer du rapport du policier qui a dirig\u00e9 les investigations. Malheureusement, quatorze mois apr\u00e8s les faits, il ne l&rsquo;a toujours pas rendu. \u00ab\u00a0<\/em><br \/>\nFace \u00e0 l&rsquo;opacit\u00e9 de ce fait divers qui l&rsquo;a touch\u00e9e de pr\u00e8s \u2013 peut-\u00eatre l&rsquo;\u0153uvre d&rsquo;un serialkiller \u2013, <strong>Ir\u00e8ne Frain<\/strong> a reconstitu\u00e9 l&rsquo;envers d&rsquo;une ville de la banlieue ordinaire. Pour conjurer le silence de sa famille, mais aussi r\u00e9parer ce que la justice a ignor\u00e9. <strong>\u00ab\u00a0<i>Un crime sans importance\u00a0\u00bb <\/i><\/strong>est un r\u00e9cit taill\u00e9 comme du cristal, qui m\u00eale l&rsquo;intime et le social dans des pages tour \u00e0 tour \u00e9blouissantes, dr\u00f4les ou poignantes.<\/p>\n<\/td>\n<\/tr>\n<tr>\n<td>&nbsp;<\/td>\n<td>&nbsp;<\/td>\n<\/tr>\n<tr>\n<td>&nbsp;<\/td>\n<td style=\"text-align: center;\"><a href=\"http:\/\/www.mediatheque-jeumont.fr\/index.php?lvl=etagere_see&amp;id=881\" target=\"_blank\" rel=\"noopener\"><strong>Cliquez sur ce lien pour d\u00e9couvrir<br \/>\nles nouveaux titres dans la cat\u00e9gorie \u00abDocumentaires\u00bb<\/strong><\/a><\/td>\n<\/tr>\n<tr>\n<td>\n<h3 style=\"text-align: center;\"><span style=\"text-decoration: underline;\"><strong><span style=\"color: #666699; text-decoration: underline;\">Bandes dessin\u00e9es<br \/>\n<\/span><\/strong><\/span><\/h3>\n<\/td>\n<td>&nbsp;<\/td>\n<\/tr>\n<tr>\n<td>&nbsp;<\/td>\n<td>&nbsp;<\/td>\n<\/tr>\n<tr valign=\"top\">\n<td width=\"200px\"><img loading=\"lazy\" decoding=\"async\" class=\"alignnone size-medium wp-image-14420\" src=\"http:\/\/www.lamediatheque-jeumont.fr\/wp-content\/uploads\/2021\/01\/417ySGYDVL._SX376_BO1204203200_-265x350.jpg\" alt=\"\" width=\"265\" height=\"350\" srcset=\"http:\/\/www.lamediatheque-jeumont.fr\/wp-content\/uploads\/2021\/01\/417ySGYDVL._SX376_BO1204203200_-265x350.jpg 265w, http:\/\/www.lamediatheque-jeumont.fr\/wp-content\/uploads\/2021\/01\/417ySGYDVL._SX376_BO1204203200_.jpg 378w\" sizes=\"auto, (max-width: 265px) 100vw, 265px\" \/><\/td>\n<td style=\"text-align: justify;\">\n<h3 style=\"text-align: center;\"><span style=\"color: #993300;\"><strong>\u00ab Le ch\u00e2teau des animaux \u00bb<br \/>\n<span style=\"color: #808080;\">Tome 1 : \u00ab Miss Bengalore \u00bb<\/span><\/strong><\/span><br \/>\nd<strong>e F\u00e9lix DELEP<br \/>\net Xavier DORISON<br \/>\n<\/strong><\/h3>\n<p class=\"xmsoplaintext\">Les hommes sont partis. Dans le ch\u00e2teau, il ne reste plus que les animaux : poules, ch\u00e8vres, \u00e2nes et moutons s&rsquo;\u00e9puisent \u00e0 la t\u00e2che pour le prestige du Pr\u00e9sident Silvio et sa cruelle milice de chiens. La dictature et la terreur r\u00e8gnent&#8230; A moins que certains animaux ne d\u00e9cident d&rsquo;entrer en r\u00e9sistance.<\/p>\n<\/td>\n<\/tr>\n<tr>\n<td>&nbsp;<\/td>\n<td>&nbsp;<\/td>\n<\/tr>\n<tr>\n<td>&nbsp;<\/td>\n<td style=\"text-align: center;\"><a href=\"http:\/\/www.mediatheque-jeumont.fr\/index.php?lvl=etagere_see&amp;id=882\" target=\"_blank\" rel=\"noopener\"><strong>Cliquez sur ce lien pour d\u00e9couvrir<br \/>\nles nouveaux titres dans la cat\u00e9gorie<br \/>\n\u00abBandes dessin\u00e9es\u00bb<\/strong><\/a><\/td>\n<\/tr>\n<tr>\n<td>&nbsp;<\/td>\n<td>&nbsp;<\/td>\n<\/tr>\n<tr>\n<td>\n<h3 style=\"text-align: center;\"><span style=\"text-decoration: underline;\"><strong><span style=\"color: #666699; text-decoration: underline;\">Livres audio<br \/>\n<\/span><\/strong><\/span><\/h3>\n<\/td>\n<td>&nbsp;<\/td>\n<\/tr>\n<tr valign=\"top\">\n<td width=\"200px\"><img loading=\"lazy\" decoding=\"async\" class=\"alignnone size-medium wp-image-14421\" src=\"http:\/\/www.lamediatheque-jeumont.fr\/wp-content\/uploads\/2021\/01\/410kj6D5thL-350x350.jpg\" alt=\"\" width=\"350\" height=\"350\" srcset=\"http:\/\/www.lamediatheque-jeumont.fr\/wp-content\/uploads\/2021\/01\/410kj6D5thL-350x350.jpg 350w, http:\/\/www.lamediatheque-jeumont.fr\/wp-content\/uploads\/2021\/01\/410kj6D5thL-150x150.jpg 150w, http:\/\/www.lamediatheque-jeumont.fr\/wp-content\/uploads\/2021\/01\/410kj6D5thL.jpg 500w\" sizes=\"auto, (max-width: 350px) 100vw, 350px\" \/><\/td>\n<td>\n<h3 style=\"text-align: center;\"><span style=\"color: #993300;\"><strong>\u00ab Eden \u00bb<\/strong><\/span><br \/>\n<strong><span class=\"a-list-item\">de Monica SABOLO<br \/>\n<span style=\"color: #808080;\">(lu par Nancy Philippot)<\/span><br \/>\n<\/span><\/strong><\/h3>\n<div id=\"iframeContent\" dir=\"auto\">\n<div id=\"iframeContent\" dir=\"auto\">\n<p style=\"text-align: justify;\"><em>\u00ab\u00a0Un esprit de la for\u00eat. Voil\u00e0 ce qu&rsquo;elle avait vu. Elle le r\u00e9p\u00e9terait, encore et encore, \u00e0 tous ceux qui l&rsquo;interrogeaient, au p\u00e8re de Lucy, \u00e0 la police, aux habitants de la r\u00e9serve. Quand on lui demandait, avec douceur, puis d&rsquo;une voix de plus en plus tendue, pressante, s&rsquo;il ne s&rsquo;agissait pas plut\u00f4t de Lucy &#8211; Lucy, quinze ans, blonde, un m\u00e8tre soixante-cinq, short en jean, disparue depuis deux jours -, quand on lui demandait si elle n&rsquo;avait pas vu Lucy, elle r\u00e9pondait en secouant la t\u00eate : &lsquo;Non, non, c&rsquo;\u00e9tait un esprit, l&rsquo;esprit de la for\u00eat.\u00a0\u00bb<\/em><\/p>\n<p style=\"text-align: justify;\">Dans une r\u00e9gion recul\u00e9e du monde, \u00e0 la lisi\u00e8re d&rsquo;une for\u00eat menac\u00e9e de destruction, grandit Nita, qui r\u00eave d&rsquo;ailleurs. Jusqu&rsquo;au jour o\u00f9 elle croise Lucy, une jeune fille venue de la ville. Solitaire, aimantant malgr\u00e9 elle les gar\u00e7ons du lyc\u00e9e, celle-ci s&rsquo;aventure dans les bois et y d\u00e9couvre des choses, des choses dangereuses&#8230;<\/p>\n<p style=\"text-align: justify;\">La faute, le ch\u00e2timent et le lien aux origines sont au c\u0153ur de ce roman envo\u00fbtant sur l&rsquo;adolescence et ses m\u00e9tamorphoses. <em><strong>\u00ab\u00a0Eden\u00a0\u00bb<\/strong><\/em>, ou le miroir du paradis perdu.<\/p>\n<\/div>\n<\/div>\n<\/td>\n<\/tr>\n<tr>\n<td>&nbsp;<\/td>\n<td>&nbsp;<\/td>\n<\/tr>\n<tr>\n<td>&nbsp;<\/td>\n<td style=\"text-align: center;\"><a href=\"http:\/\/www.mediatheque-jeumont.fr\/index.php?lvl=etagere_see&amp;id=883\" target=\"_blank\" rel=\"noopener\"><strong>Cliquez sur ce lien pour d\u00e9couvrir<br \/>\n<\/strong><strong>les nouveaux livres audio<\/strong><\/a><\/td>\n<\/tr>\n<\/tbody>\n<\/table>\n","protected":false},"excerpt":{"rendered":"<p>Romans<\/p>\n<p>&nbsp;<\/p>\n<p>&nbsp;<br \/>\n&nbsp;<\/p>\n<p>\u00ab La saga des Cazalet \u00bb<br \/>\nTome 1 : \u00ab \u00c9t\u00e9s anglais \u00bb<br \/>\nd&rsquo;Elizabeth Jane HOWARD<br \/>\nJuillet 1937. A Home Place, au coeur du Sussex, jardiniers, femmes de chambre et cuisini\u00e8re sont sur le pont. La Duche orchestre le ballet des domestiques avant l&rsquo;arriv\u00e9e de ses trois fils, Hugh, Edward et Rupert Cazalet, en chemin depuis Londres avec [&#8230;]<\/p>\n","protected":false},"author":7,"featured_media":0,"comment_status":"closed","ping_status":"closed","sticky":false,"template":"","format":"standard","meta":{"ngg_post_thumbnail":0,"footnotes":""},"categories":[3,73,110],"tags":[],"class_list":["post-14410","post","type-post","status-publish","format-standard","hentry","category-actualite","category-coups-de-coeur-et-nouveautes","category-jeumont"],"publishpress_future_action":{"enabled":false,"date":"2026-05-04 23:44:21","action":"change-status","newStatus":"draft","terms":[],"taxonomy":"category","extraData":[]},"publishpress_future_workflow_manual_trigger":{"enabledWorkflows":[]},"_links":{"self":[{"href":"http:\/\/www.lamediatheque-jeumont.fr\/index.php?rest_route=\/wp\/v2\/posts\/14410","targetHints":{"allow":["GET"]}}],"collection":[{"href":"http:\/\/www.lamediatheque-jeumont.fr\/index.php?rest_route=\/wp\/v2\/posts"}],"about":[{"href":"http:\/\/www.lamediatheque-jeumont.fr\/index.php?rest_route=\/wp\/v2\/types\/post"}],"author":[{"embeddable":true,"href":"http:\/\/www.lamediatheque-jeumont.fr\/index.php?rest_route=\/wp\/v2\/users\/7"}],"replies":[{"embeddable":true,"href":"http:\/\/www.lamediatheque-jeumont.fr\/index.php?rest_route=%2Fwp%2Fv2%2Fcomments&post=14410"}],"version-history":[{"count":11,"href":"http:\/\/www.lamediatheque-jeumont.fr\/index.php?rest_route=\/wp\/v2\/posts\/14410\/revisions"}],"predecessor-version":[{"id":14429,"href":"http:\/\/www.lamediatheque-jeumont.fr\/index.php?rest_route=\/wp\/v2\/posts\/14410\/revisions\/14429"}],"wp:attachment":[{"href":"http:\/\/www.lamediatheque-jeumont.fr\/index.php?rest_route=%2Fwp%2Fv2%2Fmedia&parent=14410"}],"wp:term":[{"taxonomy":"category","embeddable":true,"href":"http:\/\/www.lamediatheque-jeumont.fr\/index.php?rest_route=%2Fwp%2Fv2%2Fcategories&post=14410"},{"taxonomy":"post_tag","embeddable":true,"href":"http:\/\/www.lamediatheque-jeumont.fr\/index.php?rest_route=%2Fwp%2Fv2%2Ftags&post=14410"}],"curies":[{"name":"wp","href":"https:\/\/api.w.org\/{rel}","templated":true}]}}