{"id":14360,"date":"2020-12-16T13:46:37","date_gmt":"2020-12-16T12:46:37","guid":{"rendered":"http:\/\/www.lamediatheque-jeumont.fr\/?p=14360"},"modified":"2020-12-16T14:34:02","modified_gmt":"2020-12-16T13:34:02","slug":"jeumont-decouvrez-nos-prochaines-animations-5","status":"publish","type":"post","link":"http:\/\/www.lamediatheque-jeumont.fr\/?p=14360","title":{"rendered":"Jeumont : d\u00e9couvrez nos prochaines animations"},"content":{"rendered":"<table width=\"650\" border=\"0\" align=\"justify\">\n<tbody>\n<tr>\n<td>Apr\u00e8s une nouvelle pause et plusieurs manifestations malheureusement annul\u00e9es, nous sommes heureux de vous proposer nos prochaines animations :<\/td>\n<\/tr>\n<tr>\n<td>&nbsp;<\/td>\n<\/tr>\n<tr>\n<td><a href=\"https:\/\/fr.calameo.com\/read\/0046012918cbf59da934a\" target=\"_blank\" rel=\"noopener noreferrer\"><img loading=\"lazy\" decoding=\"async\" class=\"alignnone size-medium wp-image-14362 aligncenter\" src=\"http:\/\/www.lamediatheque-jeumont.fr\/wp-content\/uploads\/2020\/12\/Couverture-Enfant-debut2021-350x247.png\" alt=\"\" width=\"350\" height=\"247\" srcset=\"http:\/\/www.lamediatheque-jeumont.fr\/wp-content\/uploads\/2020\/12\/Couverture-Enfant-debut2021-350x247.png 350w, http:\/\/www.lamediatheque-jeumont.fr\/wp-content\/uploads\/2020\/12\/Couverture-Enfant-debut2021-768x543.png 768w, http:\/\/www.lamediatheque-jeumont.fr\/wp-content\/uploads\/2020\/12\/Couverture-Enfant-debut2021.png 877w\" sizes=\"auto, (max-width: 350px) 100vw, 350px\" \/><\/a><\/td>\n<\/tr>\n<tr>\n<td style=\"text-align: center;\"><a href=\"https:\/\/fr.calameo.com\/read\/0046012918cbf59da934a\" target=\"_blank\" rel=\"noopener noreferrer\"><strong>Cliquez sur ce lien ou sur l&rsquo;image ci-dessus pour d\u00e9couvrir<br \/>\n<\/strong><strong>notre programme d&rsquo;animations pour les enfants<\/strong><\/a><\/td>\n<\/tr>\n<tr>\n<td>&nbsp;<\/td>\n<\/tr>\n<tr>\n<td><a href=\"https:\/\/fr.calameo.com\/read\/004601291469be8dab060\" target=\"_blank\" rel=\"noopener noreferrer\"><img loading=\"lazy\" decoding=\"async\" class=\"size-medium wp-image-14363 aligncenter\" src=\"http:\/\/www.lamediatheque-jeumont.fr\/wp-content\/uploads\/2020\/12\/Couverture-Adultet-debut2021-350x247.png\" alt=\"\" width=\"350\" height=\"247\" srcset=\"http:\/\/www.lamediatheque-jeumont.fr\/wp-content\/uploads\/2020\/12\/Couverture-Adultet-debut2021-350x247.png 350w, http:\/\/www.lamediatheque-jeumont.fr\/wp-content\/uploads\/2020\/12\/Couverture-Adultet-debut2021-768x543.png 768w, http:\/\/www.lamediatheque-jeumont.fr\/wp-content\/uploads\/2020\/12\/Couverture-Adultet-debut2021.png 877w\" sizes=\"auto, (max-width: 350px) 100vw, 350px\" \/><\/a><\/td>\n<\/tr>\n<tr>\n<td style=\"text-align: center;\"><a href=\"https:\/\/fr.calameo.com\/read\/004601291469be8dab060\" target=\"_blank\" rel=\"noopener noreferrer\"><strong>Cliquez ici ou sur l&rsquo;image ci-dessus pour d\u00e9couvrir<br \/>\nnotre programme d&rsquo;animations pour les adultes<\/strong><\/a><\/td>\n<\/tr>\n<tr>\n<td>&nbsp;<\/td>\n<\/tr>\n<tr>\n<td style=\"text-align: center;\"><span style=\"text-decoration: underline;\"><strong><span style=\"color: #ff0000; text-decoration: underline;\">IMPORTANT : Informations Covid19<\/span> <\/strong><\/span><\/td>\n<\/tr>\n<tr>\n<td>\n<p style=\"text-align: justify;\">La crise sanitaire due \u00e0 l\u2019\u00e9pid\u00e9mie de Coronavirus nous oblige \u00e0 adopter des mesures strictes.<\/p>\n<p style=\"text-align: justify;\">La n\u00e9cessit\u00e9 de faire respecter une distanciation entre les participants \u00e0 une activit\u00e9 nous contraint \u00e0 <strong>r\u00e9duire fortement notre capacit\u00e9 d\u2019accueil<\/strong> et de revoir notre configuration de salle, en particulier pour<strong> les spectacles pour enfants des mercredis 10 f\u00e9vrier et 16 avril.<\/strong><\/p>\n<\/td>\n<\/tr>\n<tr>\n<td>\n<p style=\"text-align: justify;\"><span style=\"text-decoration: underline;\"><strong><u>Compte-tenu de la forte limitation du nombre de places&nbsp;:<\/u><\/strong><\/span><\/p>\n<ul>\n<li style=\"text-align: justify;\"><span style=\"text-decoration: underline;\">Seuls les enfants ayant une inscription en cours de validit\u00e9 \u00e0 la m\u00e9diath\u00e8que<\/span> pourront participer aux activit\u00e9s ; les fr\u00e8res et s\u0153urs non-inscrits \u00e0 la m\u00e9diath\u00e8que seront \u00e9ventuellement plac\u00e9s sur liste d\u2019attente<\/li>\n<\/ul>\n<\/td>\n<\/tr>\n<tr>\n<td>&nbsp;<\/td>\n<\/tr>\n<tr>\n<td>\n<ul>\n<li style=\"text-align: justify;\"><u>Un seul adulte accompagnant <\/u><u>par enfant ou par fratrie<\/u> pourra assister au spectacle<\/li>\n<\/ul>\n<\/td>\n<\/tr>\n<tr>\n<td>&nbsp;<\/td>\n<\/tr>\n<tr>\n<td>\n<ul>\n<li style=\"text-align: justify;\">Les personnes ayant r\u00e9serv\u00e9 des places pour une activit\u00e9 et ne s\u2019\u00e9tant pas pr\u00e9sent\u00e9es ce jour-l\u00e0 sans avoir pris la peine de contacter la m\u00e9diath\u00e8que pour se d\u00e9commander ne pourront pas participer \u00e0 la prochaine activit\u00e9 ou assister au prochain spectacle<\/li>\n<\/ul>\n<\/td>\n<\/tr>\n<tr>\n<td>&nbsp;<\/td>\n<\/tr>\n<tr>\n<td>Nous vous remercions \u00e0 l&rsquo;avance de votre compr\u00e9hension.<\/td>\n<\/tr>\n<tr>\n<td>&nbsp;<\/td>\n<\/tr>\n<tr>\n<td><strong>L&rsquo;\u00e9quipe M\u00e9diath\u00e8que<\/strong><\/td>\n<\/tr>\n<\/tbody>\n<\/table>\n","protected":false},"excerpt":{"rendered":"<p>Apr\u00e8s une nouvelle pause et plusieurs manifestations malheureusement annul\u00e9es, nous sommes heureux de vous proposer nos prochaines animations :<\/p>\n<p>&nbsp;<\/p>\n<p>Cliquez sur ce lien ou sur l&rsquo;image ci-dessus pour d\u00e9couvrir<br \/>\nnotre programme d&rsquo;animations pour les enfants<\/p>\n<p>&nbsp;<\/p>\n<p>Cliquez ici ou sur l&rsquo;image ci-dessus pour d\u00e9couvrir<br \/>\nnotre programme d&rsquo;animations pour les adultes<\/p>\n<p>&nbsp;<\/p>\n<p>IMPORTANT : Informations Covid19 <\/p>\n<p>La crise sanitaire due \u00e0 l\u2019\u00e9pid\u00e9mie de [&#8230;]<\/p>\n","protected":false},"author":3,"featured_media":0,"comment_status":"closed","ping_status":"closed","sticky":false,"template":"","format":"standard","meta":{"ngg_post_thumbnail":0,"footnotes":""},"categories":[98,110],"tags":[],"class_list":["post-14360","post","type-post","status-publish","format-standard","hentry","category-spectacle","category-jeumont"],"publishpress_future_action":{"enabled":false,"date":"2026-05-05 01:37:34","action":"change-status","newStatus":"draft","terms":[],"taxonomy":"category","extraData":[]},"publishpress_future_workflow_manual_trigger":{"enabledWorkflows":[]},"_links":{"self":[{"href":"http:\/\/www.lamediatheque-jeumont.fr\/index.php?rest_route=\/wp\/v2\/posts\/14360","targetHints":{"allow":["GET"]}}],"collection":[{"href":"http:\/\/www.lamediatheque-jeumont.fr\/index.php?rest_route=\/wp\/v2\/posts"}],"about":[{"href":"http:\/\/www.lamediatheque-jeumont.fr\/index.php?rest_route=\/wp\/v2\/types\/post"}],"author":[{"embeddable":true,"href":"http:\/\/www.lamediatheque-jeumont.fr\/index.php?rest_route=\/wp\/v2\/users\/3"}],"replies":[{"embeddable":true,"href":"http:\/\/www.lamediatheque-jeumont.fr\/index.php?rest_route=%2Fwp%2Fv2%2Fcomments&post=14360"}],"version-history":[{"count":3,"href":"http:\/\/www.lamediatheque-jeumont.fr\/index.php?rest_route=\/wp\/v2\/posts\/14360\/revisions"}],"predecessor-version":[{"id":14395,"href":"http:\/\/www.lamediatheque-jeumont.fr\/index.php?rest_route=\/wp\/v2\/posts\/14360\/revisions\/14395"}],"wp:attachment":[{"href":"http:\/\/www.lamediatheque-jeumont.fr\/index.php?rest_route=%2Fwp%2Fv2%2Fmedia&parent=14360"}],"wp:term":[{"taxonomy":"category","embeddable":true,"href":"http:\/\/www.lamediatheque-jeumont.fr\/index.php?rest_route=%2Fwp%2Fv2%2Fcategories&post=14360"},{"taxonomy":"post_tag","embeddable":true,"href":"http:\/\/www.lamediatheque-jeumont.fr\/index.php?rest_route=%2Fwp%2Fv2%2Ftags&post=14360"}],"curies":[{"name":"wp","href":"https:\/\/api.w.org\/{rel}","templated":true}]}}