{"id":14316,"date":"2020-11-26T11:30:54","date_gmt":"2020-11-26T10:30:54","guid":{"rendered":"http:\/\/www.lamediatheque-jeumont.fr\/?p=14316"},"modified":"2020-11-28T14:28:05","modified_gmt":"2020-11-28T13:28:05","slug":"jeumont-les-nouveautes-de-fin-dannee-2","status":"publish","type":"post","link":"http:\/\/www.lamediatheque-jeumont.fr\/?p=14316","title":{"rendered":"Jeumont  : les nouveaut\u00e9s de fin d&rsquo;ann\u00e9e"},"content":{"rendered":"<p><span style=\"color: #808080;\"><strong>La m\u00e9diath\u00e8que est heureuse de mettre \u00e0 votre disposition quelques nouveaux livres et DVD :<\/strong><\/span><\/p>\n<table width=\"650\" border=\"0\" align=\"justify\">\n<tbody>\n<tr>\n<td>\n<h3 style=\"text-align: center;\"><span style=\"text-decoration: underline;\"><strong><span style=\"color: #666699; text-decoration: underline;\">Romans<\/span><\/strong><\/span><\/h3>\n<\/td>\n<td>&nbsp;<\/td>\n<\/tr>\n<tr>\n<td>&nbsp;<\/td>\n<td>&nbsp;<\/td>\n<\/tr>\n<tr valign=\"top\">\n<td width=\"200px\" valign=\"top\"><strong><img loading=\"lazy\" decoding=\"async\" class=\"alignnone size-medium wp-image-14323\" src=\"http:\/\/www.lamediatheque-jeumont.fr\/wp-content\/uploads\/2020\/11\/41yBWnjgZLL._SX340_BO1204203200_-240x350.jpg\" alt=\"\" width=\"240\" height=\"350\" srcset=\"http:\/\/www.lamediatheque-jeumont.fr\/wp-content\/uploads\/2020\/11\/41yBWnjgZLL._SX340_BO1204203200_-240x350.jpg 240w, http:\/\/www.lamediatheque-jeumont.fr\/wp-content\/uploads\/2020\/11\/41yBWnjgZLL._SX340_BO1204203200_.jpg 342w\" sizes=\"auto, (max-width: 240px) 100vw, 240px\" \/><\/strong><\/td>\n<td style=\"text-align: justify;\">\n<h3 style=\"text-align: center;\"><span style=\"color: #993300;\"><strong>\u00ab L&rsquo;anomalie \u00bb<\/strong><\/span><br \/>\nd&rsquo;Herv\u00e9 LE TELLIER<\/h3>\n<p><em>\u00ab\u00a0Il est une chose admirable qui surpasse toujours la connaissance, l&rsquo;intelligence, et m\u00eame le g\u00e9nie, c&rsquo;est l&rsquo;incompr\u00e9hension.\u00a0\u00bb<\/em> En juin 2021, un \u00e9v\u00e9nement insens\u00e9 bouleverse les vies de centaines d&rsquo;hommes et de femmes, tous passagers d&rsquo;un vol Paris-New York. Parmi eux : Blake, p\u00e8re de famille respectable et n\u00e9anmoins tueur \u00e0 gages ; Slimboy, pop star nig\u00e9riane, las de vivre dans le mensonge ; Joanna, redoutable avocate rattrap\u00e9e par ses failles ; ou encore Victor Miesel, \u00e9crivain confidentiel soudain devenu culte. Tous croyaient avoir une vie secr\u00e8te. Nul n&rsquo;imaginait \u00e0 quel point c&rsquo;\u00e9tait vrai. Roman virtuose o\u00f9 la logique rencontre le magique, L&rsquo;anomalie explore cette part de nous-m\u00eames qui nous \u00e9chappe.<\/td>\n<\/tr>\n<tr>\n<td>&nbsp;<\/td>\n<td>&nbsp;<\/td>\n<\/tr>\n<tr>\n<td>&nbsp;<\/td>\n<td style=\"text-align: center;\"><a href=\"http:\/\/www.mediatheque-jeumont.fr\/index.php?lvl=etagere_see&amp;id=865\" target=\"_blank\" rel=\"noopener noreferrer\"><strong>Cliquez sur ce lien pour d\u00e9couvrir<br \/>\nles nouveaux titres dans la cat\u00e9gorie \u00abRomans\u00bb<\/strong><\/a><\/td>\n<\/tr>\n<tr>\n<td>&nbsp;<\/td>\n<td>&nbsp;<\/td>\n<\/tr>\n<tr>\n<td>\n<h3 style=\"text-align: center;\"><span style=\"text-decoration: underline;\"><strong><span style=\"color: #666699; text-decoration: underline;\">Romans policiers<\/span><\/strong><\/span><\/h3>\n<\/td>\n<td>&nbsp;<\/td>\n<\/tr>\n<tr>\n<td>&nbsp;<\/td>\n<td>&nbsp;<\/td>\n<\/tr>\n<tr valign=\"top\">\n<td width=\"200px\"><img loading=\"lazy\" decoding=\"async\" class=\"alignnone size-medium wp-image-14324\" src=\"http:\/\/www.lamediatheque-jeumont.fr\/wp-content\/uploads\/2020\/11\/51nainawOAL._SX313_BO1204203200_-221x350.jpg\" alt=\"\" width=\"221\" height=\"350\" srcset=\"http:\/\/www.lamediatheque-jeumont.fr\/wp-content\/uploads\/2020\/11\/51nainawOAL._SX313_BO1204203200_-221x350.jpg 221w, http:\/\/www.lamediatheque-jeumont.fr\/wp-content\/uploads\/2020\/11\/51nainawOAL._SX313_BO1204203200_.jpg 315w\" sizes=\"auto, (max-width: 221px) 100vw, 221px\" \/><\/td>\n<td style=\"text-align: justify;\">\n<h3 style=\"text-align: center;\"><span style=\"color: #993300;\"><strong>\u00ab Incendie nocturne \u00bb<\/strong><\/span><br \/>\nde Michael CONNELLY<\/h3>\n<p>\u00c0 ses d\u00e9buts, Bosch a eu un certain John Jack Thompson comme mentor. Un homme qui lui a appris \u00e0 toujours prendre une affaire personnellement et \u00e0 d\u00e9ployer tous ses efforts pour la r\u00e9soudre. \u00c0 la mort de Thompson, sa veuve confie \u00e0 Bosch un dossier vol\u00e9 par son mari aux scell\u00e9s avant sa retraite. Il s\u2019agit d\u2019une affaire non r\u00e9solue : un jeune homme abattu dans une ruelle coupe-gorge de Los Angeles des ann\u00e9es plus t\u00f4t.<br \/>\nBosch demande l\u2019aide de Ren\u00e9e Ballard, d\u00e9j\u00e0 fort occup\u00e9e au quart de nuit \u00e0 Hollywood apr\u00e8s qu\u2019un sans-abri a \u00e9t\u00e9 retrouv\u00e9 calcin\u00e9 dans sa tente. Ensemble, ils en arrivent bient\u00f4t \u00e0 se poser une terrible question : le mentor de Bosch a-t-il d\u00e9rob\u00e9 ce dossier pour tenter de r\u00e9soudre l\u2019affaire apr\u00e8s son d\u00e9part de la police\u2026 ou pour s\u2019assurer que la v\u00e9rit\u00e9 ne soit jamais faite sur ce meurtre ?<\/td>\n<\/tr>\n<tr>\n<td>&nbsp;<\/td>\n<td>&nbsp;<\/td>\n<\/tr>\n<tr>\n<td>&nbsp;<\/td>\n<td style=\"text-align: center;\"><a href=\"http:\/\/www.mediatheque-jeumont.fr\/index.php?lvl=etagere_see&amp;id=868\" target=\"_blank\" rel=\"noopener noreferrer\"><strong>Cliquez sur ce lien pour d\u00e9couvrir<\/strong><strong> les nouveaux titres dans la cat\u00e9gorie \u00abRomans policiers\u00bb<\/strong><\/a><\/td>\n<\/tr>\n<tr>\n<td>&nbsp;<\/td>\n<td>&nbsp;<\/td>\n<\/tr>\n<tr>\n<td>\n<h3 style=\"text-align: center;\"><span style=\"text-decoration: underline;\"><strong><span style=\"color: #666699; text-decoration: underline;\">Science-fiction<\/span><\/strong><\/span><\/h3>\n<\/td>\n<td>&nbsp;<\/td>\n<\/tr>\n<tr>\n<td>&nbsp;<\/td>\n<td>&nbsp;<\/td>\n<\/tr>\n<tr valign=\"top\">\n<td width=\"200px\"><img loading=\"lazy\" decoding=\"async\" class=\"alignnone size-medium wp-image-14325\" src=\"http:\/\/www.lamediatheque-jeumont.fr\/wp-content\/uploads\/2020\/11\/51rIos5mENL._SX343_BO1204203200_-242x350.jpg\" alt=\"\" width=\"242\" height=\"350\" srcset=\"http:\/\/www.lamediatheque-jeumont.fr\/wp-content\/uploads\/2020\/11\/51rIos5mENL._SX343_BO1204203200_-242x350.jpg 242w, http:\/\/www.lamediatheque-jeumont.fr\/wp-content\/uploads\/2020\/11\/51rIos5mENL._SX343_BO1204203200_.jpg 345w\" sizes=\"auto, (max-width: 242px) 100vw, 242px\" \/><\/td>\n<td style=\"text-align: justify;\">\n<h3 style=\"text-align: center;\"><span style=\"color: #993300;\"><strong>\u00ab La plan\u00e8te des chats \u00bb<\/strong><\/span><br \/>\nde Bernard WERBER<\/h3>\n<div id=\"iframeContent\" dir=\"auto\">\n<div id=\"iframeContent\" dir=\"auto\">\n<p><em>\u00ab\u00a0Affronter des hordes de rats impitoyables<\/em><br \/>\n<em>Faire alliance avec de stupides humains<\/em><br \/>\n<em>Circuler sur un fil entre les buildings de New York<\/em><br \/>\n<em>D\u00e9samorcer une bombe atomique&#8230;<\/em><\/p>\n<p><em>Franchement, si j&rsquo;avais su, parole de CHAT, je n&rsquo;aurais pas travers\u00e9 l&rsquo;oc\u00e9an\u00a0\u00bb.<\/em><\/p>\n<\/div>\n<\/div>\n<\/td>\n<\/tr>\n<tr>\n<td>&nbsp;<\/td>\n<td>&nbsp;<\/td>\n<\/tr>\n<tr>\n<td>&nbsp;<\/td>\n<td style=\"text-align: center;\"><a href=\"http:\/\/www.mediatheque-jeumont.fr\/index.php?lvl=etagere_see&amp;id=869\" target=\"_blank\" rel=\"noopener noreferrer\"><strong>Cliquez sur ce lien pour d\u00e9couvrir<\/strong><strong> les nouveaux titres dans la cat\u00e9gorie \u00abScience-fiction\u00bb<\/strong><\/a><\/td>\n<\/tr>\n<tr>\n<td>&nbsp;<\/td>\n<td>&nbsp;<\/td>\n<\/tr>\n<tr>\n<td>\n<h3 style=\"text-align: center;\"><span style=\"text-decoration: underline;\"><strong><span style=\"color: #666699; text-decoration: underline;\">Documentaires<br \/>\n<\/span><\/strong><\/span><\/h3>\n<\/td>\n<td>&nbsp;<\/td>\n<\/tr>\n<tr valign=\"top\">\n<td width=\"200px\" valign=\"top\"><img loading=\"lazy\" decoding=\"async\" class=\"alignnone size-medium wp-image-14326\" src=\"http:\/\/www.lamediatheque-jeumont.fr\/wp-content\/uploads\/2020\/11\/415W7xoEEL._SX352_BO1204203200_-248x350.jpg\" alt=\"\" width=\"248\" height=\"350\" srcset=\"http:\/\/www.lamediatheque-jeumont.fr\/wp-content\/uploads\/2020\/11\/415W7xoEEL._SX352_BO1204203200_-248x350.jpg 248w, http:\/\/www.lamediatheque-jeumont.fr\/wp-content\/uploads\/2020\/11\/415W7xoEEL._SX352_BO1204203200_.jpg 354w\" sizes=\"auto, (max-width: 248px) 100vw, 248px\" \/><\/td>\n<td style=\"text-align: justify;\">\n<h3 style=\"text-align: center;\"><span style=\"color: #993300;\"><strong>\u00ab Femmes puissantes \u00bb<\/strong><\/span><br \/>\nde L\u00e9a SALAM\u00c9<\/h3>\n<p>Lorsque, \u00e0 l&rsquo;\u00e9t\u00e9 2019, L\u00e9a Salam\u00e9 donne rendez-vous aux auditeurs de France Inter avec des entretiens intimistes autour de la puissance des femmes, personne n&rsquo;imagine l&rsquo;impact de ces \u00e9missions. Elle bat aussit\u00f4t des records d&rsquo;\u00e9coute et suscitent des milliers de commentaires enthousiastes. Ces entretiens frappent par la libert\u00e9 et l&rsquo;authenticit\u00e9 de ses questions autour de la puissance des femmes : quelle est sa nature ? Comment l&rsquo;exercent-elles ? Quels sont les rapports entre f\u00e9minit\u00e9 et pouvoir ? Comment ces femmes se sont-elles construites ? Dans un texte personnel, en ouverture du livre, L\u00e9a Salam\u00e9 se raconte pour la premi\u00e8re fois. De sa naissance \u00e0 Beyrouth pendant la guerre, jusqu&rsquo;\u00e0 son arriv\u00e9e \u00e0 la matinale de France Inter, elle revient sur son parcours et la fa\u00e7on dont elle s&rsquo;est impos\u00e9e au sein d un monde d hommes. Elle raconte aussi comment ces entretiens avec des \u00ab femmes puissantes \u00bb l&rsquo;ont profond\u00e9ment chang\u00e9e.<br \/>\nLes femmes interview\u00e9es : Le\u00efla SLIMANI, Chlo\u00e9 BERTOLUS, Christiane TAUBIRA, Laure ADLER, Elisabeth BADINTER, Nathalie KOSCIUSKO-MORIZET, B\u00e9atrice DALLE, Bettina RHEIMS, Sophie DE CLOSETS, Am\u00e9lie MAURESMO, Anne M\u00c9AUX, Delphine HORVILLEUR<\/td>\n<\/tr>\n<tr>\n<td>&nbsp;<\/td>\n<td>&nbsp;<\/td>\n<\/tr>\n<tr>\n<td>&nbsp;<\/td>\n<td style=\"text-align: center;\"><a href=\"http:\/\/www.mediatheque-jeumont.fr\/index.php?lvl=etagere_see&amp;id=867\" target=\"_blank\" rel=\"noopener noreferrer\"><strong>Cliquez sur ce lien pour d\u00e9couvrir<br \/>\nles nouveaux titres dans la cat\u00e9gorie \u00abDocumentaires\u00bb<\/strong><\/a><\/td>\n<\/tr>\n<tr>\n<td>\n<h3 style=\"text-align: center;\"><span style=\"text-decoration: underline;\"><strong><span style=\"color: #666699; text-decoration: underline;\">Bandes dessin\u00e9es<br \/>\n<\/span><\/strong><\/span><\/h3>\n<\/td>\n<td>&nbsp;<\/td>\n<\/tr>\n<tr>\n<td>&nbsp;<\/td>\n<td>&nbsp;<\/td>\n<\/tr>\n<tr valign=\"top\">\n<td width=\"200px\"><img loading=\"lazy\" decoding=\"async\" class=\"alignnone size-medium wp-image-14327\" src=\"http:\/\/www.lamediatheque-jeumont.fr\/wp-content\/uploads\/2020\/11\/51EPlr7EJCL._SX373_BO1204203200_-263x350.jpg\" alt=\"\" width=\"263\" height=\"350\" srcset=\"http:\/\/www.lamediatheque-jeumont.fr\/wp-content\/uploads\/2020\/11\/51EPlr7EJCL._SX373_BO1204203200_-263x350.jpg 263w, http:\/\/www.lamediatheque-jeumont.fr\/wp-content\/uploads\/2020\/11\/51EPlr7EJCL._SX373_BO1204203200_.jpg 375w\" sizes=\"auto, (max-width: 263px) 100vw, 263px\" \/><\/td>\n<td style=\"text-align: justify;\">\n<h3 style=\"text-align: center;\"><span style=\"color: #993300;\"><strong>\u00ab Les fr\u00e8res Rubinstein \u00bb &#8211; Tomes 1 &amp; 2<\/strong><\/span><br \/>\nd<strong>e Lo\u00efc CHEVALIER, Luc BRUNSCHWIG<br \/>\net Etienne LE ROUX<br \/>\n<\/strong><\/h3>\n<p class=\"xmsoplaintext\">De 1927 \u00e0 1948, la vie de deux fr\u00e8res juifs d&rsquo;origine polonaise, n\u00e9s pauvres dans un coron du Nord de la France. Salomon, l&rsquo;a\u00een\u00e9, d\u00e9brouillard et h\u00e2bleur, r\u00eave de cin\u00e9ma. Mo\u00efse, le cadet, intelligent et timide, r\u00e9ussit brillamment son parcours scolaire. Peu soucieux de leur identit\u00e9 religieuse, les \u00e9v\u00e8nements en feront d&rsquo;abord une b\u00e9n\u00e9diction avant d&rsquo;entra\u00eener Mo\u00efse au-del\u00e0 des portes de l&rsquo;enfer&#8230;<\/p>\n<\/td>\n<\/tr>\n<tr>\n<td>&nbsp;<\/td>\n<td>&nbsp;<\/td>\n<\/tr>\n<tr>\n<td>&nbsp;<\/td>\n<td style=\"text-align: center;\"><a href=\"http:\/\/www.mediatheque-jeumont.fr\/index.php?lvl=etagere_see&amp;id=866\" target=\"_blank\" rel=\"noopener noreferrer\"><strong>Cliquez sur ce lien pour d\u00e9couvrir<br \/>\nles nouveaux titres dans la cat\u00e9gorie<br \/>\n\u00abBandes dessin\u00e9es\u00bb<\/strong><\/a><\/td>\n<\/tr>\n<tr>\n<td>&nbsp;<\/td>\n<td>&nbsp;<\/td>\n<\/tr>\n<tr>\n<td>\n<h3 style=\"text-align: center;\"><span style=\"text-decoration: underline;\"><strong><span style=\"color: #666699; text-decoration: underline;\">DVD<br \/>\n<\/span><\/strong><\/span><\/h3>\n<\/td>\n<td>&nbsp;<\/td>\n<\/tr>\n<tr valign=\"top\">\n<td width=\"200px\"><img loading=\"lazy\" decoding=\"async\" class=\"alignnone size-full wp-image-14343\" src=\"http:\/\/www.lamediatheque-jeumont.fr\/wp-content\/uploads\/2020\/11\/61KXtjMFEBL._AC_UL320_.jpg\" alt=\"\" width=\"188\" height=\"320\"><\/td>\n<td>\n<h3 style=\"text-align: center;\"><span style=\"color: #993300;\"><strong>\u00ab \u00c9t\u00e9 85 \u00bb<\/strong><\/span><br \/>\n<strong><span class=\"a-list-item\">de Fran\u00e7ois OZON<br \/>\navec F\u00e9lix ETIENNE et Benjamin VOISIN<br \/>\n<\/span><\/strong><\/h3>\n<div id=\"iframeContent\" dir=\"auto\">\n<p style=\"text-align: justify;\">L&rsquo;\u00e9t\u00e9 de ses 16 ans, Alexis, lors d&rsquo;une sortie en mer sur la c\u00f4te normande, est sauv\u00e9 h\u00e9ro\u00efquement du naufrage par David, 18 ans. Alexis vient de rencontrer l&rsquo;ami de ses r\u00eaves.<br \/>\nMais le r\u00eave durera-t-il plus qu&rsquo;un \u00e9t\u00e9 ? L&rsquo;\u00e9t\u00e9 85&#8230;<\/p>\n<\/div>\n<\/td>\n<\/tr>\n<tr>\n<td>&nbsp;<\/td>\n<td>&nbsp;<\/td>\n<\/tr>\n<tr>\n<td>&nbsp;<\/td>\n<td style=\"text-align: center;\"><a href=\"http:\/\/www.mediatheque-jeumont.fr\/index.php?lvl=etagere_see&amp;id=870\" target=\"_blank\" rel=\"noopener noreferrer\"><strong>Cliquez sur ce lien pour d\u00e9couvrir<br \/>\n<\/strong><strong>les nouveaux DVD<\/strong><\/a><\/td>\n<\/tr>\n<\/tbody>\n<\/table>\n","protected":false},"excerpt":{"rendered":"<p>La m\u00e9diath\u00e8que est heureuse de mettre \u00e0 votre disposition quelques nouveaux livres et DVD :<\/p>\n<p>Romans<\/p>\n<p>&nbsp;<\/p>\n<p>&nbsp;<br \/>\n&nbsp;<\/p>\n<p>\u00ab L&rsquo;anomalie \u00bb<br \/>\nd&rsquo;Herv\u00e9 LE TELLIER<br \/>\n\u00ab\u00a0Il est une chose admirable qui surpasse toujours la connaissance, l&rsquo;intelligence, et m\u00eame le g\u00e9nie, c&rsquo;est l&rsquo;incompr\u00e9hension.\u00a0\u00bb En juin 2021, un \u00e9v\u00e9nement insens\u00e9 bouleverse les vies de centaines d&rsquo;hommes et de femmes, tous passagers d&rsquo;un vol Paris-New [&#8230;]<\/p>\n","protected":false},"author":7,"featured_media":0,"comment_status":"closed","ping_status":"closed","sticky":false,"template":"","format":"standard","meta":{"ngg_post_thumbnail":0,"footnotes":""},"categories":[3,73,110],"tags":[],"class_list":["post-14316","post","type-post","status-publish","format-standard","hentry","category-actualite","category-coups-de-coeur-et-nouveautes","category-jeumont"],"publishpress_future_action":{"enabled":false,"date":"2026-05-05 00:09:04","action":"change-status","newStatus":"draft","terms":[],"taxonomy":"category","extraData":[]},"publishpress_future_workflow_manual_trigger":{"enabledWorkflows":[]},"_links":{"self":[{"href":"http:\/\/www.lamediatheque-jeumont.fr\/index.php?rest_route=\/wp\/v2\/posts\/14316","targetHints":{"allow":["GET"]}}],"collection":[{"href":"http:\/\/www.lamediatheque-jeumont.fr\/index.php?rest_route=\/wp\/v2\/posts"}],"about":[{"href":"http:\/\/www.lamediatheque-jeumont.fr\/index.php?rest_route=\/wp\/v2\/types\/post"}],"author":[{"embeddable":true,"href":"http:\/\/www.lamediatheque-jeumont.fr\/index.php?rest_route=\/wp\/v2\/users\/7"}],"replies":[{"embeddable":true,"href":"http:\/\/www.lamediatheque-jeumont.fr\/index.php?rest_route=%2Fwp%2Fv2%2Fcomments&post=14316"}],"version-history":[{"count":9,"href":"http:\/\/www.lamediatheque-jeumont.fr\/index.php?rest_route=\/wp\/v2\/posts\/14316\/revisions"}],"predecessor-version":[{"id":14355,"href":"http:\/\/www.lamediatheque-jeumont.fr\/index.php?rest_route=\/wp\/v2\/posts\/14316\/revisions\/14355"}],"wp:attachment":[{"href":"http:\/\/www.lamediatheque-jeumont.fr\/index.php?rest_route=%2Fwp%2Fv2%2Fmedia&parent=14316"}],"wp:term":[{"taxonomy":"category","embeddable":true,"href":"http:\/\/www.lamediatheque-jeumont.fr\/index.php?rest_route=%2Fwp%2Fv2%2Fcategories&post=14316"},{"taxonomy":"post_tag","embeddable":true,"href":"http:\/\/www.lamediatheque-jeumont.fr\/index.php?rest_route=%2Fwp%2Fv2%2Ftags&post=14316"}],"curies":[{"name":"wp","href":"https:\/\/api.w.org\/{rel}","templated":true}]}}