{"id":14215,"date":"2020-10-17T16:18:57","date_gmt":"2020-10-17T14:18:57","guid":{"rendered":"http:\/\/www.lamediatheque-jeumont.fr\/?p=14215"},"modified":"2022-03-23T07:57:59","modified_gmt":"2022-03-23T06:57:59","slug":"jeumont-nos-lecteurs-ont-aime-71","status":"publish","type":"post","link":"http:\/\/www.lamediatheque-jeumont.fr\/?p=14215","title":{"rendered":"Jeumont : \u00ab\u00a0nos lecteurs ont aim\u00e9\u00a0\u00bb (#71)"},"content":{"rendered":"<table>\n<tbody>\n<tr>\n<td width=\"190\"><img loading=\"lazy\" decoding=\"async\" class=\"alignnone wp-image-14260 size-full\" src=\"http:\/\/www.lamediatheque-jeumont.fr\/wp-content\/uploads\/2020\/10\/41XOQrQ8GzL._SY346_-e1648018635975.jpg\" alt=\"\" width=\"180\" height=\"263\"><\/td>\n<td>\n<h3 style=\"text-align: center;\"><strong><span style=\"color: #993300;\">\u00ab Un jour viendra couleur d&rsquo;orange \u00bb<br \/>\n<\/span><\/strong><span style=\"color: #000000;\"><span style=\"color: #808080;\">de Gr\u00e9goire DELACOURT<\/span><br \/>\n<\/span><\/h3>\n<p style=\"text-align: justify;\">&nbsp;<\/p>\n<p style=\"text-align: justify;\">Geoffrey a maintenant 13 ans, il est le souffre-douleur du coll\u00e8ge. Seule Djamila est touch\u00e9e par ce gamin et ils deviennent amis. Mais Pierre se retrouve au ch\u00f4mage et Louise travaille d\u00e9sormais dans un service de soins palliatifs.<br \/>\nOn assiste \u00e0 la mont\u00e9e de la violence chez Pierre qui occupe d\u00e9sormais les ronds-points avec les gilets jaunes et Djamila devient pour ses fr\u00e8res une soeur trop \u00ab\u00a0fran\u00e7aise\u00a0\u00bb&#8230;<\/p>\n<p style=\"text-align: justify;\"><span style=\"text-decoration: underline;\"><strong>Mon appr\u00e9ciation :<\/strong><\/span> \u00ab\u00a0C&rsquo;est une v\u00e9ritable fresque sociale. Il y a dans la plume de Gr\u00e9goire Delacourt la justesse de ton et les th\u00e8mes abord\u00e9s sont r\u00e9solument contemporains. Il nous offre un nuancier qui oscille entre po\u00e9sie, col\u00e8re et espoir.<br \/>\nUn roman avec des personnages poignants mais aussi un roman d&rsquo;amour, l&rsquo;amour de deux enfants au coeur pur. Je pense que cette histoire devrait plaire \u00e0 beaucoup.\u00a0\u00bb<\/p>\n<p><strong>Annick <\/strong><\/td>\n<\/tr>\n<\/tbody>\n<\/table>\n<p><a href=\"http:\/\/www.mediatheque-jeumont.fr\/index.php?lvl=notice_display&amp;id=174261\" target=\"_blank\" rel=\"noopener noreferrer\"><strong>\u00ab\u00a0Un jour viendra couleur d&rsquo;orange\u00a0\u00bb de Gr\u00e9goire DELACOURT &#8211; Editions Grasset- 272 pages<\/strong><\/a><\/p>\n","protected":false},"excerpt":{"rendered":"<p>\u00ab Un jour viendra couleur d&rsquo;orange \u00bb<br \/>\nde Gr\u00e9goire DELACOURT<\/p>\n<p>&nbsp;<br \/>\nGeoffrey a maintenant 13 ans, il est le souffre-douleur du coll\u00e8ge. Seule Djamila est touch\u00e9e par ce gamin et ils deviennent amis. Mais Pierre se retrouve au ch\u00f4mage et Louise travaille d\u00e9sormais dans un service de soins palliatifs.<br \/>\nOn assiste \u00e0 la mont\u00e9e de la violence chez Pierre [&#8230;]<\/p>\n","protected":false},"author":7,"featured_media":0,"comment_status":"closed","ping_status":"closed","sticky":false,"template":"","format":"standard","meta":{"ngg_post_thumbnail":0,"footnotes":""},"categories":[110,112],"tags":[],"class_list":["post-14215","post","type-post","status-publish","format-standard","hentry","category-jeumont","category-nos-lecteurs-ont-aime"],"publishpress_future_action":{"enabled":false,"date":"2026-05-05 01:25:28","action":"change-status","newStatus":"draft","terms":[],"taxonomy":"category","extraData":[]},"publishpress_future_workflow_manual_trigger":{"enabledWorkflows":[]},"_links":{"self":[{"href":"http:\/\/www.lamediatheque-jeumont.fr\/index.php?rest_route=\/wp\/v2\/posts\/14215","targetHints":{"allow":["GET"]}}],"collection":[{"href":"http:\/\/www.lamediatheque-jeumont.fr\/index.php?rest_route=\/wp\/v2\/posts"}],"about":[{"href":"http:\/\/www.lamediatheque-jeumont.fr\/index.php?rest_route=\/wp\/v2\/types\/post"}],"author":[{"embeddable":true,"href":"http:\/\/www.lamediatheque-jeumont.fr\/index.php?rest_route=\/wp\/v2\/users\/7"}],"replies":[{"embeddable":true,"href":"http:\/\/www.lamediatheque-jeumont.fr\/index.php?rest_route=%2Fwp%2Fv2%2Fcomments&post=14215"}],"version-history":[{"count":9,"href":"http:\/\/www.lamediatheque-jeumont.fr\/index.php?rest_route=\/wp\/v2\/posts\/14215\/revisions"}],"predecessor-version":[{"id":15624,"href":"http:\/\/www.lamediatheque-jeumont.fr\/index.php?rest_route=\/wp\/v2\/posts\/14215\/revisions\/15624"}],"wp:attachment":[{"href":"http:\/\/www.lamediatheque-jeumont.fr\/index.php?rest_route=%2Fwp%2Fv2%2Fmedia&parent=14215"}],"wp:term":[{"taxonomy":"category","embeddable":true,"href":"http:\/\/www.lamediatheque-jeumont.fr\/index.php?rest_route=%2Fwp%2Fv2%2Fcategories&post=14215"},{"taxonomy":"post_tag","embeddable":true,"href":"http:\/\/www.lamediatheque-jeumont.fr\/index.php?rest_route=%2Fwp%2Fv2%2Ftags&post=14215"}],"curies":[{"name":"wp","href":"https:\/\/api.w.org\/{rel}","templated":true}]}}