{"id":14198,"date":"2020-10-03T11:48:25","date_gmt":"2020-10-03T09:48:25","guid":{"rendered":"http:\/\/www.lamediatheque-jeumont.fr\/?p=14198"},"modified":"2020-10-03T11:49:10","modified_gmt":"2020-10-03T09:49:10","slug":"jeumont-les-nouveautes-de-la-rentree-litteraire","status":"publish","type":"post","link":"http:\/\/www.lamediatheque-jeumont.fr\/?p=14198","title":{"rendered":"Jeumont : les nouveaut\u00e9s de la rentr\u00e9e litt\u00e9raire"},"content":{"rendered":"<table width=\"650\" border=\"0\" align=\"justify\">\n<tbody>\n<tr>\n<td>\n<h3 style=\"text-align: center;\"><span style=\"text-decoration: underline;\"><strong><span style=\"color: #666699; text-decoration: underline;\">Romans<\/span><\/strong><\/span><\/h3>\n<\/td>\n<td>&nbsp;<\/td>\n<\/tr>\n<tr>\n<td>&nbsp;<\/td>\n<td>&nbsp;<\/td>\n<\/tr>\n<tr valign=\"top\">\n<td width=\"200px\" valign=\"top\"><strong><img loading=\"lazy\" decoding=\"async\" class=\"alignnone size-medium wp-image-14203\" src=\"http:\/\/www.lamediatheque-jeumont.fr\/wp-content\/uploads\/2020\/10\/41an2p2AQtL._SX340_BO1204203200_-240x350.jpg\" alt=\"\" width=\"240\" height=\"350\" srcset=\"http:\/\/www.lamediatheque-jeumont.fr\/wp-content\/uploads\/2020\/10\/41an2p2AQtL._SX340_BO1204203200_-240x350.jpg 240w, http:\/\/www.lamediatheque-jeumont.fr\/wp-content\/uploads\/2020\/10\/41an2p2AQtL._SX340_BO1204203200_.jpg 342w\" sizes=\"auto, (max-width: 240px) 100vw, 240px\" \/><\/strong><\/td>\n<td style=\"text-align: justify;\">\n<h3 style=\"text-align: center;\"><span style=\"color: #993300;\"><strong>\u00ab Betty \u00bb<\/strong><\/span><br \/>\nde Tiffany McDANIEL<\/h3>\n<p><em>Ce livre est \u00e0 la fois une danse, un chant et un \u00e9clat de lune, mais par-dessus tout, l&rsquo;histoire qu&rsquo;il raconte est, et restera \u00e0 jamais, celle de la Petite Indienne.<br \/>\n<\/em><br \/>\nLa Petite Indienne, c&rsquo;est Betty Carpenter, n\u00e9e dans une baignoire, sixi\u00e8me de huit enfants. Sa famille vit en marge de la soci\u00e9t\u00e9 car, si sa m\u00e8re est blanche, son p\u00e8re est cherokee. Lorsque les Carpenter s&rsquo;installent dans la petite ville de Breathed, apr\u00e8s des ann\u00e9es d&rsquo;errance, le paysage luxuriant de l&rsquo;Ohio semble leur apporter la paix. Avec ses fr\u00e8res et soeurs, Betty grandit berc\u00e9e par la magie imm\u00e9moriale des histoires de son p\u00e8re. Mais les plus noirs secrets de la famille se d\u00e9voilent peu \u00e0 peu. Pour affronter le monde des adultes, Betty puise son courage dans l&rsquo;\u00e9criture : elle confie sa douleur \u00e0 des pages qu&rsquo;elle enfouit sous terre au fil des ann\u00e9es. Pour qu&rsquo;un jour, toutes ces histoires n&rsquo;en forment plus qu&rsquo;une, qu&rsquo;elle pourra enfin r\u00e9v\u00e9ler. Betty raconte les myst\u00e8res de l&rsquo;enfance et la perte de l&rsquo;innocence. \u00c0 travers la voix de sa jeune narratrice, <strong>Tiffany McDaniel<\/strong> chante le pouvoir r\u00e9parateur des mots et donne naissance \u00e0 une h\u00e9ro\u00efne universelle.<\/td>\n<\/tr>\n<tr>\n<td>&nbsp;<\/td>\n<td>&nbsp;<\/td>\n<\/tr>\n<tr>\n<td>&nbsp;<\/td>\n<td style=\"text-align: center;\"><a href=\"http:\/\/www.mediatheque-jeumont.fr\/index.php?lvl=etagere_see&amp;id=858\" target=\"_blank\" rel=\"noopener noreferrer\"><strong>Cliquez sur ce lien pour d\u00e9couvrir<br \/>\nles nouveaux titres dans la cat\u00e9gorie \u00abRomans\u00bb<\/strong><\/a><\/td>\n<\/tr>\n<tr>\n<td>&nbsp;<\/td>\n<td>&nbsp;<\/td>\n<\/tr>\n<tr>\n<td>\n<h3 style=\"text-align: center;\"><span style=\"text-decoration: underline;\"><strong><span style=\"color: #666699; text-decoration: underline;\">Romans policiers<\/span><\/strong><\/span><\/h3>\n<\/td>\n<td>&nbsp;<\/td>\n<\/tr>\n<tr>\n<td>&nbsp;<\/td>\n<td>&nbsp;<\/td>\n<\/tr>\n<tr valign=\"top\">\n<td width=\"200px\"><img loading=\"lazy\" decoding=\"async\" class=\"alignnone size-medium wp-image-14204\" src=\"http:\/\/www.lamediatheque-jeumont.fr\/wp-content\/uploads\/2020\/10\/51lRuqMyx3L._SX330_BO1204203200_-233x350.jpg\" alt=\"\" width=\"233\" height=\"350\" srcset=\"http:\/\/www.lamediatheque-jeumont.fr\/wp-content\/uploads\/2020\/10\/51lRuqMyx3L._SX330_BO1204203200_-233x350.jpg 233w, http:\/\/www.lamediatheque-jeumont.fr\/wp-content\/uploads\/2020\/10\/51lRuqMyx3L._SX330_BO1204203200_.jpg 332w\" sizes=\"auto, (max-width: 233px) 100vw, 233px\" \/>A<\/td>\n<td style=\"text-align: justify;\">\n<h3 style=\"text-align: center;\"><span style=\"color: #993300;\"><strong>\u00ab Blind Date \u00bb<\/strong><\/span><br \/>\nde Joy FIELDING<\/h3>\n<p><i>Tout avait \u00e9t\u00e9 tellement facile. Hypnotis\u00e9e par le charme de l&rsquo;homme qu&rsquo;elle rencontrait pour la premi\u00e8re fois, elle avait accept\u00e9 de quitter le bar bond\u00e9 pour le suivre dans son appartement. Avant qu&rsquo;elle n&rsquo;ait eu le temps de r\u00e9aliser quoi que ce soit, ses mains \u00e9taient attach\u00e9es dans son dos et elle avait litt\u00e9ralement la corde au cou.<\/i><\/p>\n<p>D\u00e9\u00e7ues par leurs vies sentimentales, Paige, sa cousine et rivale Heather, sa meilleure amie Chlo\u00e9 et sa m\u00e8re Joan t\u00e9l\u00e9chargent toutes la m\u00eame application de rencontres, en esp\u00e9rant y trouver l&rsquo;amour. Aucune d&rsquo;entre elles n&rsquo;imagine alors croiser le chemin d&rsquo;un <i>serial killer<\/i>.<br \/>\nIl se fait appeler Monsieur Maintenant ou Jamais, sait utiliser son physique irr\u00e9sistible et sa voix sensuelle pour apaiser les craintes des jeunes femmes qu&rsquo;il veut attirer dans son appartement. Qui sera sa prochaine victime ?<\/td>\n<\/tr>\n<tr>\n<td>&nbsp;<\/td>\n<td>&nbsp;<\/td>\n<\/tr>\n<tr>\n<td>&nbsp;<\/td>\n<td style=\"text-align: center;\"><a href=\"http:\/\/www.mediatheque-jeumont.fr\/index.php?lvl=etagere_see&amp;id=859\" target=\"_blank\" rel=\"noopener noreferrer\"><strong>Cliquez sur ce lien pour d\u00e9couvrir<\/strong><strong> les nouveaux titres dans la cat\u00e9gorie \u00abRomans policiers\u00bb<\/strong><\/a><\/td>\n<\/tr>\n<tr>\n<td>&nbsp;<\/td>\n<td>&nbsp;<\/td>\n<\/tr>\n<tr>\n<td>\n<h3 style=\"text-align: center;\"><span style=\"text-decoration: underline;\"><strong><span style=\"color: #666699; text-decoration: underline;\">Science-fiction<\/span><\/strong><\/span><\/h3>\n<\/td>\n<td>&nbsp;<\/td>\n<\/tr>\n<tr>\n<td>&nbsp;<\/td>\n<td>&nbsp;<\/td>\n<\/tr>\n<tr valign=\"top\">\n<td width=\"200px\"><img loading=\"lazy\" decoding=\"async\" class=\"alignnone size-medium wp-image-14205\" src=\"http:\/\/www.lamediatheque-jeumont.fr\/wp-content\/uploads\/2020\/10\/51sjw94hHYL._SX310_BO1204203200_-219x350.jpg\" alt=\"\" width=\"219\" height=\"350\" srcset=\"http:\/\/www.lamediatheque-jeumont.fr\/wp-content\/uploads\/2020\/10\/51sjw94hHYL._SX310_BO1204203200_-219x350.jpg 219w, http:\/\/www.lamediatheque-jeumont.fr\/wp-content\/uploads\/2020\/10\/51sjw94hHYL._SX310_BO1204203200_.jpg 312w\" sizes=\"auto, (max-width: 219px) 100vw, 219px\" \/><\/td>\n<td style=\"text-align: justify;\">\n<h3 style=\"text-align: center;\"><span style=\"color: #993300;\"><strong>\u00ab The expanse \u00bb (Tomes 1 \u00e0 5)<\/strong><\/span><br \/>\nde James SA COREY<\/h3>\n<div id=\"iframeContent\" dir=\"auto\">\n<p>L&rsquo;humanit\u00e9 a colonis\u00e9 le syst\u00e8me solaire. Quand Jim Holden, second sur un transport de glace, croise la route du Scopuli, un appareil \u00e0 l&rsquo;abandon, il se retrouve en possession d&rsquo;un secret bien encombrant. S&rsquo;il ne d\u00e9couvre pas rapidement qui a abandonn\u00e9 ce vaisseau et pourquoi, le conflit latent entre le gouvernement de la Terre et les rebelles risque de se r\u00e9veiller.<\/p>\n<p>Avec ce premier volume de la s\u00e9rie \u00ab <strong>Expanse<\/strong> \u00bb, <strong>James S. A. Corey<\/strong> signe \u00ab un space op\u00e9ra qui d\u00e9chire \u00bb (George R. R. Martin).<\/p>\n<\/div>\n<\/td>\n<\/tr>\n<tr>\n<td>&nbsp;<\/td>\n<td>&nbsp;<\/td>\n<\/tr>\n<tr>\n<td>&nbsp;<\/td>\n<td style=\"text-align: center;\"><a href=\"http:\/\/www.mediatheque-jeumont.fr\/index.php?lvl=etagere_see&amp;id=860\" target=\"_blank\" rel=\"noopener noreferrer\"><strong>Cliquez sur ce lien pour d\u00e9couvrir<\/strong><strong> les nouveaux titres dans la cat\u00e9gorie \u00abScience-fiction\u00bb<\/strong><\/a><\/td>\n<\/tr>\n<tr>\n<td>&nbsp;<\/td>\n<td>&nbsp;<\/td>\n<\/tr>\n<tr>\n<td>\n<h3 style=\"text-align: center;\"><span style=\"text-decoration: underline;\"><strong><span style=\"color: #666699; text-decoration: underline;\">Romans en grands caract\u00e8res<br \/>\n<\/span><\/strong><\/span><\/h3>\n<\/td>\n<td>&nbsp;<\/td>\n<\/tr>\n<tr valign=\"top\">\n<td width=\"200px\" valign=\"top\"><strong><img loading=\"lazy\" decoding=\"async\" class=\"alignnone size-medium wp-image-14153\" src=\"http:\/\/www.lamediatheque-jeumont.fr\/wp-content\/uploads\/2020\/09\/51CmTQFQL7L._SX323_BO1204203200_-228x350.jpg\" alt=\"\" width=\"228\" height=\"350\" srcset=\"http:\/\/www.lamediatheque-jeumont.fr\/wp-content\/uploads\/2020\/09\/51CmTQFQL7L._SX323_BO1204203200_-228x350.jpg 228w, http:\/\/www.lamediatheque-jeumont.fr\/wp-content\/uploads\/2020\/09\/51CmTQFQL7L._SX323_BO1204203200_.jpg 325w\" sizes=\"auto, (max-width: 228px) 100vw, 228px\" \/><\/strong><\/td>\n<td style=\"text-align: justify;\">\n<h3 style=\"text-align: center;\"><span style=\"color: #993300;\"><strong>\u00ab La papeterie Tsubaki\u00bb<\/strong><\/span><br \/>\nd&rsquo;OGAWA ITO<\/h3>\n<p>Hatoko, vingt-cinq ans, reprend la petite papeterie que lui a l\u00e9gu\u00e9e sa grand-m\u00e8re. Elle fait ses premiers pas comme \u00e9crivain public, car cette grand-m\u00e8re, une femme exigeante et s\u00e9v\u00e8re, lui a enseign\u00e9 l&rsquo;art difficile d&rsquo;\u00e9crire pour les autres. Le choix des mots, mais aussi la calligraphie, le papier, l&rsquo;encre, l&rsquo;enveloppe, le timbre, tout est important. Hatoko r\u00e9pond aux souhaits les plus surprenants de ceux qui viennent la voir : cartes de voeux, mot de condol\u00e9ances pour le d\u00e9c\u00e8s d&rsquo;un singe, lettres d&rsquo;adieu aussi bien que d&rsquo;amour. A toutes les exigences elle se plie avec bonheur, pour r\u00e9soudre un conflit, apaiser un chagrin. Gr\u00e2ce \u00e0 son talent, la papeterie Tsubaki devient un lieu de partage avec les autres et le th\u00e9\u00e2tre de r\u00e9conciliations inattendues<\/td>\n<\/tr>\n<tr>\n<td>&nbsp;<\/td>\n<td>&nbsp;<\/td>\n<\/tr>\n<tr>\n<td>&nbsp;<\/td>\n<td style=\"text-align: center;\"><a href=\"http:\/\/www.mediatheque-jeumont.fr\/index.php?lvl=etagere_see&amp;id=849\" target=\"_blank\" rel=\"noopener noreferrer\"><strong>Cliquez sur ce lien pour d\u00e9couvrir<br \/>\nles nouveaux titres en grands caract\u00e8res<\/strong><\/a><\/td>\n<\/tr>\n<tr>\n<td>\n<h3 style=\"text-align: center;\"><span style=\"text-decoration: underline;\"><strong><span style=\"color: #666699; text-decoration: underline;\">Documentaires<\/span><\/strong><\/span><\/h3>\n<\/td>\n<td>&nbsp;<\/td>\n<\/tr>\n<tr>\n<td>&nbsp;<\/td>\n<td>&nbsp;<\/td>\n<\/tr>\n<tr valign=\"top\">\n<td width=\"200px\"><img loading=\"lazy\" decoding=\"async\" class=\"alignnone size-medium wp-image-14206\" src=\"http:\/\/www.lamediatheque-jeumont.fr\/wp-content\/uploads\/2020\/10\/41Fw9gRmGFL._SX343_BO1204203200_-242x350.jpg\" alt=\"\" width=\"242\" height=\"350\" srcset=\"http:\/\/www.lamediatheque-jeumont.fr\/wp-content\/uploads\/2020\/10\/41Fw9gRmGFL._SX343_BO1204203200_-242x350.jpg 242w, http:\/\/www.lamediatheque-jeumont.fr\/wp-content\/uploads\/2020\/10\/41Fw9gRmGFL._SX343_BO1204203200_.jpg 345w\" sizes=\"auto, (max-width: 242px) 100vw, 242px\" \/><\/td>\n<td style=\"text-align: justify;\">\n<h3 style=\"text-align: center;\"><span style=\"color: #993300;\"><strong>\u00ab La voyageuse de nuit \u00bb<\/strong><\/span><br \/>\nd<strong>e Laure ADLER<\/strong><\/h3>\n<p class=\"xmsoplaintext\">\u00ab C&rsquo;est un carnet de voyage au pays que nous irons tous habiter un jour. C&rsquo;est un r\u00e9cit compos\u00e9 de choses vues sur la place des villages, dans la rue ou dans les caf\u00e9s. C\u2019est une enqu\u00eate tiss\u00e9e de rencontres avec des gens connus mais aussi des inconnus. C\u2019est surtout une dr\u00f4le d\u2019exp\u00e9rience v\u00e9cue pendant quatre ans de recherche et d\u2019\u00e9criture, dans ce pays qu\u2019on ne sait comment nommer : la vieillesse, l\u2019\u00e2ge ?<br \/>\nLes mots se d\u00e9robent, la mani\u00e8re de le qualifier aussi. Aurait-on honte dans notre soci\u00e9t\u00e9 de prendre de l\u2019\u00e2ge ? Il semble que oui. On nous appelait autrefois les vieux, maintenant les seniors. Seniors pas seigneurs. Et on nous craint \u2013 nous aurions para\u00eet-il beaucoup de pouvoir d\u2019achat &#8211; en m\u00eame temps qu\u2019on nous invisibilise. Alors que faire ? Nous mettre aux abris ? S\u00fbrement pas ! Mais tenter de faire comprendre aux autres que vivre dans cet \u00e9trange pays peut \u00eatre source de bonheur\u2026<br \/>\nPlus de cinquante apr\u00e8s l\u2019ouvrage magistral de Simone de Beauvoir sur la vieillesse, je tente de comprendre et de faire \u00e9prouver ce qu\u2019est cette chose \u00e9trange, \u00e9trange pour soi-m\u00eame et pour les autres, et qui est l\u2019essence m\u00eame de notre finitude.<br \/>\n\u00ab Tu as quel \u00e2ge ? \u00bb Seuls les enfants osent vous poser aujourd\u2019hui ce genre de questions, tant le sujet est devenu obsc\u00e8ne. A contrario, j\u2019essaie de montrer que la sensation de l\u2019\u00e2ge, l\u2019exp\u00e9rience de l\u2019\u00e2ge peuvent nous conduire \u00e0 une certaine intensit\u00e9 d\u2019existence. Attention, ce livre n\u2019est en aucun cas un guide pour bien vieillir, mais la description subjective de ce que veut dire vieillir, ainsi qu\u2019un cri de col\u00e8re contre ce que la soci\u00e9t\u00e9 fait subir aux vieux. La vieillesse demeure un impens\u00e9. Simone de Beauvoir avait raison : c\u2019est une question de civilisation. Continuons le combat ! \u00bb<\/p>\n<\/td>\n<\/tr>\n<tr>\n<td>&nbsp;<\/td>\n<td>&nbsp;<\/td>\n<\/tr>\n<tr>\n<td>&nbsp;<\/td>\n<td style=\"text-align: center;\"><a href=\"http:\/\/www.mediatheque-jeumont.fr\/index.php?lvl=etagere_see&amp;id=862\" target=\"_blank\" rel=\"noopener noreferrer\"><strong>Cliquez sur ce lien pour d\u00e9couvrir<br \/>\nles nouveaux titres dans la cat\u00e9gorie \u00abDocumentaires\u00bb<\/strong><\/a><\/td>\n<\/tr>\n<tr>\n<td>&nbsp;<\/td>\n<td>&nbsp;<\/td>\n<\/tr>\n<tr>\n<td>\n<h3 style=\"text-align: center;\"><span style=\"text-decoration: underline;\"><strong><span style=\"color: #666699; text-decoration: underline;\">Bandes dessin\u00e9es<br \/>\n<\/span><\/strong><\/span><\/h3>\n<\/td>\n<td>&nbsp;<\/td>\n<\/tr>\n<tr valign=\"top\">\n<td width=\"200px\"><img loading=\"lazy\" decoding=\"async\" class=\"alignnone size-medium wp-image-14208\" src=\"http:\/\/www.lamediatheque-jeumont.fr\/wp-content\/uploads\/2020\/10\/81DD7-mZlnL-265x350.jpg\" alt=\"\" width=\"265\" height=\"350\" srcset=\"http:\/\/www.lamediatheque-jeumont.fr\/wp-content\/uploads\/2020\/10\/81DD7-mZlnL-265x350.jpg 265w, http:\/\/www.lamediatheque-jeumont.fr\/wp-content\/uploads\/2020\/10\/81DD7-mZlnL-776x1024.jpg 776w, http:\/\/www.lamediatheque-jeumont.fr\/wp-content\/uploads\/2020\/10\/81DD7-mZlnL-768x1014.jpg 768w, http:\/\/www.lamediatheque-jeumont.fr\/wp-content\/uploads\/2020\/10\/81DD7-mZlnL-1164x1536.jpg 1164w, http:\/\/www.lamediatheque-jeumont.fr\/wp-content\/uploads\/2020\/10\/81DD7-mZlnL.jpg 1515w\" sizes=\"auto, (max-width: 265px) 100vw, 265px\" \/><\/td>\n<td>\n<h3 style=\"text-align: center;\"><span style=\"color: #993300;\"><strong>\u00ab New York cannibals \u00bb<\/strong><\/span><br \/>\nd<strong>e Fran\u00e7ois BOUCQ<br \/>\net J\u00e9r\u00f4me CHARYN<br \/>\n<\/strong><\/h3>\n<div id=\"iframeContent\" dir=\"auto\">\n<p style=\"text-align: justify;\">New York, 1990. Pavel tient toujours son salon de tatouage. Sa prot\u00e9g\u00e9e, Azami, est devenue polici\u00e8re et culturiste. Lors d&rsquo;une intervention, elle d\u00e9couvre un b\u00e9b\u00e9 abandonn\u00e9 dans une poubelle. Incapable d&rsquo;enfanter \u00e0 cause des traitements qu&rsquo;elle a inflig\u00e9s \u00e0 son corps, elle d\u00e9cide d&rsquo;adopter l&rsquo;enfant. Pour le prot\u00e9ger, elle va remonter la piste d&rsquo;un trafic de b\u00e9b\u00e9s, et d\u00e9couvrir qu&rsquo;il semble li\u00e9 \u00e0 un myst\u00e9rieux gang de femmes qui d\u00e9vorent leurs ennemis. \u00c9trangement, les fant\u00f4mes du goulag dans lequel Pavel a grandi semblent \u00eatre \u00e0 l&rsquo;origine de ces atrocit\u00e9s. Comme si l&rsquo;univers, les codes et la violence du goulag avaient pris pour nouveau territoire les rues de New York.<\/p>\n<\/div>\n<\/td>\n<\/tr>\n<tr>\n<td>&nbsp;<\/td>\n<td>&nbsp;<\/td>\n<\/tr>\n<tr>\n<td>&nbsp;<\/td>\n<td style=\"text-align: center;\"><a href=\"http:\/\/www.mediatheque-jeumont.fr\/index.php?lvl=etagere_see&amp;id=861\" target=\"_blank\" rel=\"noopener noreferrer\"><strong>Cliquez sur ce lien pour d\u00e9couvrir<br \/>\n<\/strong><strong>les nouveaux titres dans la cat\u00e9gorie<\/strong><strong><br \/>\n<\/strong><strong>\u00abBandes dessin\u00e9es\u00bb<\/strong><\/a><\/td>\n<\/tr>\n<\/tbody>\n<\/table>\n","protected":false},"excerpt":{"rendered":"<p>Romans<\/p>\n<p>&nbsp;<\/p>\n<p>&nbsp;<br \/>\n&nbsp;<\/p>\n<p>\u00ab Betty \u00bb<br \/>\nde Tiffany McDANIEL<br \/>\nCe livre est \u00e0 la fois une danse, un chant et un \u00e9clat de lune, mais par-dessus tout, l&rsquo;histoire qu&rsquo;il raconte est, et restera \u00e0 jamais, celle de la Petite Indienne.<\/p>\n<p>La Petite Indienne, c&rsquo;est Betty Carpenter, n\u00e9e dans une baignoire, sixi\u00e8me de huit enfants. Sa famille vit en marge de la [&#8230;]<\/p>\n","protected":false},"author":7,"featured_media":0,"comment_status":"closed","ping_status":"closed","sticky":false,"template":"","format":"standard","meta":{"ngg_post_thumbnail":0,"footnotes":""},"categories":[73,110],"tags":[],"class_list":["post-14198","post","type-post","status-publish","format-standard","hentry","category-coups-de-coeur-et-nouveautes","category-jeumont"],"publishpress_future_action":{"enabled":false,"date":"2026-05-05 01:26:26","action":"change-status","newStatus":"draft","terms":[],"taxonomy":"category","extraData":[]},"publishpress_future_workflow_manual_trigger":{"enabledWorkflows":[]},"_links":{"self":[{"href":"http:\/\/www.lamediatheque-jeumont.fr\/index.php?rest_route=\/wp\/v2\/posts\/14198","targetHints":{"allow":["GET"]}}],"collection":[{"href":"http:\/\/www.lamediatheque-jeumont.fr\/index.php?rest_route=\/wp\/v2\/posts"}],"about":[{"href":"http:\/\/www.lamediatheque-jeumont.fr\/index.php?rest_route=\/wp\/v2\/types\/post"}],"author":[{"embeddable":true,"href":"http:\/\/www.lamediatheque-jeumont.fr\/index.php?rest_route=\/wp\/v2\/users\/7"}],"replies":[{"embeddable":true,"href":"http:\/\/www.lamediatheque-jeumont.fr\/index.php?rest_route=%2Fwp%2Fv2%2Fcomments&post=14198"}],"version-history":[{"count":9,"href":"http:\/\/www.lamediatheque-jeumont.fr\/index.php?rest_route=\/wp\/v2\/posts\/14198\/revisions"}],"predecessor-version":[{"id":14213,"href":"http:\/\/www.lamediatheque-jeumont.fr\/index.php?rest_route=\/wp\/v2\/posts\/14198\/revisions\/14213"}],"wp:attachment":[{"href":"http:\/\/www.lamediatheque-jeumont.fr\/index.php?rest_route=%2Fwp%2Fv2%2Fmedia&parent=14198"}],"wp:term":[{"taxonomy":"category","embeddable":true,"href":"http:\/\/www.lamediatheque-jeumont.fr\/index.php?rest_route=%2Fwp%2Fv2%2Fcategories&post=14198"},{"taxonomy":"post_tag","embeddable":true,"href":"http:\/\/www.lamediatheque-jeumont.fr\/index.php?rest_route=%2Fwp%2Fv2%2Ftags&post=14198"}],"curies":[{"name":"wp","href":"https:\/\/api.w.org\/{rel}","templated":true}]}}