{"id":14178,"date":"2020-09-29T09:15:47","date_gmt":"2020-09-29T07:15:47","guid":{"rendered":"http:\/\/www.lamediatheque-jeumont.fr\/?p=14178"},"modified":"2020-09-29T09:15:47","modified_gmt":"2020-09-29T07:15:47","slug":"jeumont-decouvrez-nos-nouveaux-dvd-5","status":"publish","type":"post","link":"http:\/\/www.lamediatheque-jeumont.fr\/?p=14178","title":{"rendered":"Jeumont : d\u00e9couvrez nos nouveaux DVD !"},"content":{"rendered":"<table width=\"650\" border=\"0\" align=\"justify\">\n<tbody>\n<tr>\n<td colspan=\"2\">\n<h2 style=\"text-align: left;\"><strong><strong><span style=\"color: #666699;\">Aventure et action<br \/>\n<\/span><\/strong><\/strong><\/h2>\n<\/td>\n<\/tr>\n<tr>\n<td style=\"text-align: center;\" width=\"200\"><img loading=\"lazy\" decoding=\"async\" class=\"alignnone size-full wp-image-14179\" src=\"http:\/\/www.lamediatheque-jeumont.fr\/wp-content\/uploads\/2020\/09\/Gentlemen.jpg\" alt=\"\" width=\"132\" height=\"218\"><\/td>\n<td>\n<h3><span style=\"color: #993300;\"><strong>\u00ab\u00a0The Gentlemen\u00a0\u00bb<\/strong><strong><br \/>\n<\/strong><\/span><\/h3>\n<p style=\"text-align: justify;\">d<strong>e Guy Ritchie <\/strong>avec<strong>&nbsp;<\/strong><strong><span class=\"a-list-item\">Matthew McConaughey, Charlie Hunnam, Michelle Dockery, Jeremy Strong <\/span><\/strong><span class=\"a-list-item\">et <\/span><strong><span class=\"a-list-item\">Lyne Ren\u00e9e <\/span><\/strong><strong>(2020)<br \/>\n<\/strong><\/p>\n<p style=\"text-align: justify;\">Quand Mickey Pearson, baron de la drogue \u00e0 Londres, laisse entendre qu\u2019il pourrait se retirer du march\u00e9, il d\u00e9clenche une guerre explosive : la capitale anglaise devient le th\u00e9\u00e2tre de tous les chantages, complots, trahisons, corruptions et enl\u00e8vements\u2026 Dans cette jungle o\u00f9 l\u2019on ne distingue plus ses alli\u00e9s de ses ennemis, il n\u2019y a de la place que pour un seul roi !<\/p>\n<\/td>\n<\/tr>\n<tr>\n<td style=\"text-align: center;\" colspan=\"2\"><a href=\"http:\/\/www.mediatheque-jeumont.fr\/index.php?lvl=etagere_see&amp;id=850\" target=\"_blank\" rel=\"noopener noreferrer\"><strong>Cliquez sur ce lien pour d\u00e9couvrir les nouveaux titres dans la cat\u00e9gorie<br \/>\n\u00ab\u00a0Aventure et action\u00a0\u00bb<\/strong><\/a><\/td>\n<\/tr>\n<tr>\n<td><span style=\"color: #ffffff;\">x<\/span><\/td>\n<td>&nbsp;<\/td>\n<\/tr>\n<tr>\n<td colspan=\"2\">\n<h2 style=\"text-align: left;\"><span style=\"color: #666699;\"><strong><strong>Policier et thriller<br \/>\n<\/strong><\/strong><\/span><\/h2>\n<\/td>\n<\/tr>\n<tr>\n<td style=\"text-align: center;\" width=\"200\"><img loading=\"lazy\" decoding=\"async\" class=\"alignnone size-full wp-image-14180\" src=\"http:\/\/www.lamediatheque-jeumont.fr\/wp-content\/uploads\/2020\/09\/Seules.jpg\" alt=\"\" width=\"126\" height=\"218\"><\/td>\n<td>\n<h3><span style=\"color: #993300;\"><strong>\u00ab\u00a0Seules les b\u00eates\u00a0\u00bb<\/strong><strong><br \/>\n<\/strong><\/span><\/h3>\n<p style=\"text-align: justify;\">d<strong>e Dominik Moll<\/strong> avec <strong>Denis M\u00e9nochet, Laure Calamy, Damien Bonnard <\/strong>et <strong>Valeria Bruni Tedeschi<\/strong><strong> (2019)<\/strong><\/p>\n<p style=\"text-align: justify;\">Une femme a disparu. Le lendemain d&rsquo;une temp\u00eate de neige, sa voiture est retrouv\u00e9e sur une route qui monte vers le plateau o\u00f9 subsistent quelques fermes isol\u00e9es. Alors que les gendarmes n&rsquo;ont aucune piste, cinq personnes se savent li\u00e9es \u00e0 cette disparition. Chacune a son secret, mais personne ne se doute que cette histoire a commenc\u00e9 loin de cette montagne balay\u00e9e par les vents d&rsquo;hiver, sur un autre continent o\u00f9 le soleil br\u00fble, et o\u00f9 la pauvret\u00e9 n&#8217;emp\u00eache pas le d\u00e9sir de dicter sa loi.<\/p>\n<\/td>\n<\/tr>\n<tr>\n<td style=\"text-align: center;\" colspan=\"2\"><a href=\"http:\/\/www.mediatheque-jeumont.fr\/index.php?lvl=etagere_see&amp;id=856\" target=\"_blank\" rel=\"noopener noreferrer\"><strong>Cliquez sur ce lien pour d\u00e9couvrir les nouveaux titres dans la cat\u00e9gorie<\/strong><strong><br \/>\n\u00ab\u00a0Policier et thriller\u00a0\u00bb<\/strong><\/a><\/td>\n<\/tr>\n<tr>\n<td><span style=\"color: #ffffff;\">x<\/span><\/td>\n<td>&nbsp;<\/td>\n<\/tr>\n<tr>\n<td colspan=\"2\">\n<h2 style=\"text-align: left;\"><strong><strong><span style=\"color: #666699;\">Drame et \u00e9motion<\/span><\/strong><\/strong><\/h2>\n<\/td>\n<\/tr>\n<tr>\n<td style=\"text-align: center;\" width=\"200\"><img loading=\"lazy\" decoding=\"async\" class=\"alignnone size-full wp-image-14181\" src=\"http:\/\/www.lamediatheque-jeumont.fr\/wp-content\/uploads\/2020\/09\/Portrait.jpg\" alt=\"\" width=\"146\" height=\"218\"><\/td>\n<td>\n<h3><span style=\"color: #993300;\"><strong>\u00ab\u00a0Portrait de la jeune fille en feu\u00a0\u00bb<\/strong><strong><br \/>\n<\/strong><\/span><\/h3>\n<p style=\"text-align: justify;\">de <strong>C\u00e9line Schiamma<\/strong>, avec <strong>No\u00e9mie Merlant<\/strong> et <strong>Ad\u00e8le Haenel&nbsp;<\/strong><strong> (2019)<br \/>\n<\/strong><\/p>\n<p style=\"text-align: justify;\">1770. Marianne est peintre et doit r\u00e9aliser le portrait de mariage d&rsquo;H\u00e9lo\u00efse, une jeune femme qui vient de quitter le couvent. H\u00e9lo\u00efse r\u00e9siste \u00e0 son destin d&rsquo;\u00e9pouse en refusant de poser. Marianne va devoir la peindre en secret. Introduite aupr\u00e8s d&rsquo;elle en tant que dame de compagnie, elle la regarde&#8230;<\/p>\n<\/td>\n<\/tr>\n<tr>\n<td style=\"text-align: center;\" colspan=\"2\"><a href=\"http:\/\/www.mediatheque-jeumont.fr\/index.php?lvl=etagere_see&amp;id=852\" target=\"_blank\" rel=\"noopener noreferrer\"><strong>Cliquez sur ce lien pour d\u00e9couvrir les nouveaux titres dans la cat\u00e9gorie<br \/>\n\u00ab\u00a0Drame et \u00e9motion\u00a0\u00bb<\/strong><\/a><\/td>\n<\/tr>\n<tr>\n<td><span style=\"color: #ffffff;\">x<\/span><\/td>\n<td>&nbsp;<\/td>\n<\/tr>\n<tr>\n<td colspan=\"2\">\n<h2 style=\"text-align: left;\"><span style=\"color: #666699;\"><strong><strong>Com\u00e9die<\/strong><\/strong><\/span><\/h2>\n<\/td>\n<\/tr>\n<tr>\n<td style=\"text-align: center;\" width=\"200\"><img loading=\"lazy\" decoding=\"async\" class=\"alignnone size-full wp-image-14182\" src=\"http:\/\/www.lamediatheque-jeumont.fr\/wp-content\/uploads\/2020\/09\/Chien.jpg\" alt=\"\" width=\"130\" height=\"218\"><\/td>\n<td>\n<h3><span style=\"color: #993300;\"><strong>\u00ab\u00a0Mon chien stupide\u00a0\u00bb<\/strong><strong><br \/>\n<\/strong><\/span><\/h3>\n<p style=\"text-align: justify;\">de<strong> Ivan Attal<\/strong> avec <strong>Ivan Attal <\/strong>et&nbsp; <strong>Charlotte Gainsbourg<\/strong><strong> (2019)<\/strong><\/p>\n<p style=\"text-align: justify;\">Henri est en pleine crise de la cinquantaine. Les responsables de ses \u00e9checs, de son manque de libido et de son mal de dos ? Sa femme et ses quatre enfants, \u00e9videmment ! A l&rsquo;heure o\u00f9 il fait le bilan critique de sa vie, de toutes les femmes qu&rsquo;il n&rsquo;aura plus, des voitures qu&rsquo;il ne conduira pas, un \u00e9norme chien mal \u00e9lev\u00e9 et obs\u00e9d\u00e9, d\u00e9cide de s&rsquo;installer dans la maison, pour son plus grand bonheur mais au grand dam du reste de la famille et surtout de C\u00e9cile, sa femme dont l&rsquo;amour ind\u00e9fectible commence \u00e0 se fissurer.<\/p>\n<\/td>\n<\/tr>\n<tr>\n<td style=\"text-align: center;\" colspan=\"2\"><a href=\"http:\/\/www.mediatheque-jeumont.fr\/index.php?lvl=etagere_see&amp;id=851\" target=\"_blank\" rel=\"noopener noreferrer\"><strong>Cliquez sur ce lien pour d\u00e9couvrir les nouveaux titres dans la cat\u00e9gorie<\/strong><strong><br \/>\n\u00ab\u00a0Com\u00e9die\u00a0\u00bb<\/strong><\/a><\/td>\n<\/tr>\n<tr>\n<td><span style=\"color: #ffffff;\">x<\/span><\/td>\n<td>&nbsp;<\/td>\n<\/tr>\n<tr>\n<td colspan=\"2\">\n<h2 style=\"text-align: left;\"><strong><strong><span style=\"color: #666699;\">Fantastique et science fiction<br \/>\n<\/span><\/strong><\/strong><\/h2>\n<\/td>\n<\/tr>\n<tr>\n<td style=\"text-align: center;\" width=\"200\"><img loading=\"lazy\" decoding=\"async\" class=\"alignnone size-full wp-image-14184\" src=\"http:\/\/www.lamediatheque-jeumont.fr\/wp-content\/uploads\/2020\/09\/71Dw3c-9ufL._AC_UY218_.jpg\" alt=\"\" width=\"151\" height=\"218\"><\/td>\n<td style=\"text-align: justify;\">\n<h3><span style=\"color: #993300;\"><strong>\u00ab\u00a0Invisible man\u00a0\u00bb<\/strong><strong><br \/>\n<\/strong><\/span><\/h3>\n<p style=\"text-align: justify;\">de <strong>Leigh Whannell <\/strong>avec <strong>Elisabeth Moss <\/strong>et <strong>Oliver Jackson-Cohen<\/strong><span style=\"color: #000000;\"><strong>&nbsp; (2020)<\/strong><strong><br \/>\n<\/strong><\/span><\/p>\n<p>Cecilia Kass est en couple avec un brillant et riche scientifique. Ne supportant plus son comportement violent et tyrannique, elle prend la fuite une nuit et se r\u00e9fugie aupr\u00e8s de sa soeur, leur ami d&rsquo;enfance et sa fille adolescente. Mais quand l&rsquo;homme se suicide en laissant \u00e0 Cecilia une part importante de son immense fortune, celle-ci commence \u00e0 se demander s&rsquo;il est r\u00e9ellement mort. Tandis qu&rsquo;une s\u00e9rie de co\u00efncidences inqui\u00e9tantes menace la vie des \u00eatres qu&rsquo;elle aime, Cecilia cherche d\u00e9sesp\u00e9r\u00e9ment \u00e0 prouver qu&rsquo;elle est traqu\u00e9e par un homme que nul ne peut voir.<\/td>\n<\/tr>\n<tr>\n<td style=\"text-align: center;\" colspan=\"2\"><a href=\"http:\/\/www.mediatheque-jeumont.fr\/index.php?lvl=etagere_see&amp;id=853\" target=\"_blank\" rel=\"noopener noreferrer\"><strong>Cliquez sur ce lien pour d\u00e9couvrir les nouveaux titres dans la cat\u00e9gorie<\/strong><\/a><br \/>\n<a href=\"http:\/\/www.mediatheque-jeumont.fr\/index.php?lvl=etagere_see&amp;id=853\" target=\"_blank\" rel=\"noopener noreferrer\"><strong>\u00ab\u00a0Fantastique et science-fiction\u00a0\u00bb<\/strong><\/a><\/td>\n<\/tr>\n<tr>\n<td><span style=\"color: #ffffff;\">x<\/span><\/td>\n<td>&nbsp;<\/td>\n<\/tr>\n<tr>\n<td colspan=\"2\">\n<h2 style=\"text-align: left;\"><strong><strong><span style=\"color: #666699;\">Histoire et Biopic<br \/>\n<\/span><\/strong><\/strong><\/h2>\n<\/td>\n<\/tr>\n<tr>\n<td style=\"text-align: center;\" width=\"200\"><img loading=\"lazy\" decoding=\"async\" class=\"alignnone size-full wp-image-14183\" src=\"http:\/\/www.lamediatheque-jeumont.fr\/wp-content\/uploads\/2020\/09\/71HKtLmwzZL._AC_UY218_.jpg\" alt=\"\" width=\"151\" height=\"218\"><\/td>\n<td>\n<h3><span style=\"color: #993300;\"><strong>\u00ab\u00a0Pour les soldats tomb\u00e9s\u00a0\u00bb<br \/>\n(\u00ab\u00a0They shall not grow old\u00a0\u00bb)<\/strong><strong><br \/>\n<\/strong><\/span><\/h3>\n<p style=\"text-align: justify;\">de <strong>Peter Jackson<\/strong><span style=\"color: #000000;\"><strong>&nbsp; (2019)<\/strong><strong><br \/>\n<\/strong><\/span><\/p>\n<p style=\"text-align: justify;\">Entre 1914 et 1918, un conflit mondial change \u00e0 jamais le cours de l\u2019histoire. Les hommes et femmes qui y ont particip\u00e9 ne vivaient pas dans un monde silencieux, en noir et blanc. Faites donc un voyage dans le temps pour revivre, comme si vous y \u00e9tiez, ce moment majeur de l\u2019histoire.<\/p>\n<p style=\"text-align: justify;\">\u00c0 l&rsquo;occasion des cent ans de la Premi\u00e8re Guerre Mondiale, le r\u00e9alisateur de renomm\u00e9e internationale <strong>Peter Jackson <\/strong>(<em>\u00ab\u00a0Le seigneur des anneaux\u00a0\u00bb<\/em>) utilise les voix des anciens combattants combin\u00e9es \u00e0 des images d&rsquo;archives originales pour repr\u00e9senter la r\u00e9alit\u00e9 de la guerre sur le front. Les images ont \u00e9t\u00e9 coloris\u00e9es et transform\u00e9es pour montrer des d\u00e9tails jamais vus auparavant. \u00c0 l&rsquo;aide de technologies de restauration, de colorisation et de 3D d&rsquo;images film\u00e9es cent ans auparavant, <strong>Peter Jackson<\/strong> livre avec Pour les soldats tomb\u00e9s une exp\u00e9rience cin\u00e9matographique intense, immersive et authentique. Il y d\u00e9crit le quotidien et la r\u00e9alit\u00e9 des soldats en premi\u00e8re ligne des combats en soulignant leur attitude face au conflit, leur camaraderie et leur besoin d&rsquo;humour au milieu des horreurs de la Grande Guerre. La narration de <strong>\u00ab\u00a0Pour les soldats tomb\u00e9s\u00a0\u00bb<\/strong> est assur\u00e9e par d&rsquo;anciens combattants de la Premi\u00e8re Guerre Mondiale. Ces propos, tir\u00a0\u00bbs de plus de 600 heures d&rsquo;interviews d&rsquo;archives de la BBC et de l&rsquo;IWM, r\u00e9v\u00e8lent la r\u00e9alit\u00e9 de cette g\u00e9n\u00e9ration sacrifi\u00e9e sur l&rsquo;autel de la guerre au monde d&rsquo;aujourd&rsquo;hui.<\/p>\n<\/td>\n<\/tr>\n<tr>\n<td style=\"text-align: center;\" colspan=\"2\"><a href=\"http:\/\/www.mediatheque-jeumont.fr\/index.php?lvl=etagere_see&amp;id=854\" target=\"_blank\" rel=\"noopener noreferrer\"><strong>Cliquez sur ce lien pour d\u00e9couvrir les nouveaux titres dans la cat\u00e9gorie<br \/>\n\u00ab\u00a0Histoire et Biopic\u00a0\u00bb<\/strong><\/a><\/td>\n<\/tr>\n<tr>\n<td><span style=\"color: #ffffff;\">x<\/span><\/td>\n<td>&nbsp;<\/td>\n<\/tr>\n<tr>\n<td colspan=\"2\">\n<h2 style=\"text-align: left;\"><span style=\"color: #666699;\"><strong><strong>S\u00e9ries TV<br \/>\n<\/strong><\/strong><\/span><\/h2>\n<\/td>\n<\/tr>\n<tr>\n<td style=\"text-align: center;\" width=\"200\"><img loading=\"lazy\" decoding=\"async\" class=\"alignnone size-full wp-image-14187\" src=\"http:\/\/www.lamediatheque-jeumont.fr\/wp-content\/uploads\/2020\/09\/61SXsv7zinL._AC_UY218_.jpg\" alt=\"\" width=\"123\" height=\"218\"><\/td>\n<td>\n<h3><span style=\"color: #993300;\"><strong>\u00ab\u00a0Le bazar de la charit\u00e9\u00a0\u00bb<\/strong><strong><br \/>\n<\/strong><\/span><\/h3>\n<p style=\"text-align: justify;\">d<strong>&lsquo;Alexandre Laurent<\/strong> avec <strong>Audrey Fleurot, Julie De Bona <\/strong>et <strong>Camille Lou <\/strong><strong>(2019)<\/strong><\/p>\n<p style=\"text-align: justify;\">Paris, 4 Mai 1897. Un incendie d\u00e9vastateur d\u00e9truit en quelques minutes le Bazar de la Charit\u00e9, l&rsquo;\u00e9difice abritant une manifestation caritative tr\u00e8s courue, faisant plus de 120 morts , essentiellement des femmes de la haute soci\u00e9t\u00e9 et leur personnel. \u00c0 cette occasion, trois femmes, Adrienne De Lenverpre, Alice De Jeansin, et sa bonne Rose Rivi\u00e8re voient leur destin boulevers\u00e9. Usurpation d&rsquo;identit\u00e9, amours interdites, changement radical de vie, \u00e9mancipation, cette mini-s\u00e9rie nous plonge dans la soci\u00e9t\u00e9 parisienne de la fin du 19e si\u00e8cle, en suivant le destin romanesque de ses trois h\u00e9ro\u00efnes.<\/p>\n<\/td>\n<\/tr>\n<tr>\n<td style=\"text-align: center;\" colspan=\"2\"><a href=\"http:\/\/www.mediatheque-jeumont.fr\/index.php?lvl=etagere_see&amp;id=857\" target=\"_blank\" rel=\"noopener noreferrer\"><strong>Cliquez sur ce lien pour d\u00e9couvrir les nouveaux titres dans la cat\u00e9gorie<\/strong><strong><br \/>\n\u00ab\u00a0S\u00e9ries TV\u00a0\u00bb<\/strong><\/a><\/td>\n<\/tr>\n<tr>\n<td><span style=\"color: #ffffff;\">x<\/span><\/td>\n<td>&nbsp;<\/td>\n<\/tr>\n<tr>\n<td colspan=\"2\">\n<h2 style=\"text-align: left;\"><span style=\"color: #666699;\"><strong><strong>Jeunesse<br \/>\n<\/strong><\/strong><\/span><\/h2>\n<\/td>\n<\/tr>\n<tr>\n<td style=\"text-align: center;\" width=\"200\"><img loading=\"lazy\" decoding=\"async\" class=\"alignnone size-full wp-image-14185\" src=\"http:\/\/www.lamediatheque-jeumont.fr\/wp-content\/uploads\/2020\/09\/Jumanji.jpg\" alt=\"\" width=\"137\" height=\"218\"><\/td>\n<td>\n<h3><span style=\"color: #993300;\"><strong>\u00ab\u00a0Jumanji : Next level\u00a0\u00bb<\/strong><strong><br \/>\n<\/strong><\/span><\/h3>\n<p style=\"text-align: justify;\">d<strong>e Jake Kasdan<\/strong> avec <strong>Dwayne Johnson, Jack Black,<\/strong><strong> Kevin Hart <\/strong>et <strong>Karen Gillan <\/strong><strong>(2019)<\/strong><\/p>\n<p style=\"text-align: justify;\">L&rsquo;\u00e9quipe est de retour mais le jeu a chang\u00e9. Alors qu&rsquo;ils retournent dans Jumanji pour secourir l&rsquo;un des leurs, ils d\u00e9couvrent un monde totalement inattendu. Des d\u00e9serts arides aux montagnes enneig\u00e9es, les joueurs vont devoir braver des espaces inconnus et inexplor\u00e9s, afin de sortir du jeu le plus dangereux du monde.<\/p>\n<\/td>\n<\/tr>\n<tr>\n<td style=\"text-align: center;\" colspan=\"2\"><a href=\"http:\/\/www.mediatheque-jeumont.fr\/index.php?lvl=etagere_see&amp;id=855\" target=\"_blank\" rel=\"noopener noreferrer\"><strong>Cliquez sur ce lien pour d\u00e9couvrir les nouveaux titres dans la cat\u00e9gorie<\/strong><strong><br \/>\n\u00ab\u00a0Jeunesse\u00a0\u00bb<\/strong><\/a><\/td>\n<\/tr>\n<\/tbody>\n<\/table>\n<p>&nbsp;<\/p>\n","protected":false},"excerpt":{"rendered":"<p>Aventure et action<\/p>\n<p>\u00ab\u00a0The Gentlemen\u00a0\u00bb<\/p>\n<p>de Guy Ritchie avec&nbsp;Matthew McConaughey, Charlie Hunnam, Michelle Dockery, Jeremy Strong et Lyne Ren\u00e9e (2020)<\/p>\n<p>Quand Mickey Pearson, baron de la drogue \u00e0 Londres, laisse entendre qu\u2019il pourrait se retirer du march\u00e9, il d\u00e9clenche une guerre explosive : la capitale anglaise devient le th\u00e9\u00e2tre de tous les chantages, complots, trahisons, corruptions et enl\u00e8vements\u2026 [&#8230;]<\/p>\n","protected":false},"author":3,"featured_media":0,"comment_status":"closed","ping_status":"closed","sticky":false,"template":"","format":"standard","meta":{"ngg_post_thumbnail":0,"footnotes":""},"categories":[73,110],"tags":[],"class_list":["post-14178","post","type-post","status-publish","format-standard","hentry","category-coups-de-coeur-et-nouveautes","category-jeumont"],"publishpress_future_action":{"enabled":false,"date":"2026-05-05 03:04:52","action":"change-status","newStatus":"draft","terms":[],"taxonomy":"category","extraData":[]},"publishpress_future_workflow_manual_trigger":{"enabledWorkflows":[]},"_links":{"self":[{"href":"http:\/\/www.lamediatheque-jeumont.fr\/index.php?rest_route=\/wp\/v2\/posts\/14178","targetHints":{"allow":["GET"]}}],"collection":[{"href":"http:\/\/www.lamediatheque-jeumont.fr\/index.php?rest_route=\/wp\/v2\/posts"}],"about":[{"href":"http:\/\/www.lamediatheque-jeumont.fr\/index.php?rest_route=\/wp\/v2\/types\/post"}],"author":[{"embeddable":true,"href":"http:\/\/www.lamediatheque-jeumont.fr\/index.php?rest_route=\/wp\/v2\/users\/3"}],"replies":[{"embeddable":true,"href":"http:\/\/www.lamediatheque-jeumont.fr\/index.php?rest_route=%2Fwp%2Fv2%2Fcomments&post=14178"}],"version-history":[{"count":10,"href":"http:\/\/www.lamediatheque-jeumont.fr\/index.php?rest_route=\/wp\/v2\/posts\/14178\/revisions"}],"predecessor-version":[{"id":14197,"href":"http:\/\/www.lamediatheque-jeumont.fr\/index.php?rest_route=\/wp\/v2\/posts\/14178\/revisions\/14197"}],"wp:attachment":[{"href":"http:\/\/www.lamediatheque-jeumont.fr\/index.php?rest_route=%2Fwp%2Fv2%2Fmedia&parent=14178"}],"wp:term":[{"taxonomy":"category","embeddable":true,"href":"http:\/\/www.lamediatheque-jeumont.fr\/index.php?rest_route=%2Fwp%2Fv2%2Fcategories&post=14178"},{"taxonomy":"post_tag","embeddable":true,"href":"http:\/\/www.lamediatheque-jeumont.fr\/index.php?rest_route=%2Fwp%2Fv2%2Ftags&post=14178"}],"curies":[{"name":"wp","href":"https:\/\/api.w.org\/{rel}","templated":true}]}}