{"id":13966,"date":"2020-06-03T10:11:49","date_gmt":"2020-06-03T08:11:49","guid":{"rendered":"http:\/\/www.lamediatheque-jeumont.fr\/?p=13966"},"modified":"2020-06-03T10:18:20","modified_gmt":"2020-06-03T08:18:20","slug":"jeumont-nouvel-arrivage-de-dvd-6","status":"publish","type":"post","link":"http:\/\/www.lamediatheque-jeumont.fr\/?p=13966","title":{"rendered":"Jeumont : nouvel arrivage de DVD"},"content":{"rendered":"<table width=\"650\" border=\"0\" align=\"justify\">\n<tbody>\n<tr>\n<td colspan=\"2\">\n<h2 style=\"text-align: left;\"><strong><strong><span style=\"color: #666699;\">Action, policier, thriller&#8230;<\/span><\/strong><\/strong><\/h2>\n<\/td>\n<\/tr>\n<tr>\n<td style=\"text-align: center;\" width=\"200\"><img loading=\"lazy\" decoding=\"async\" class=\"alignnone size-full wp-image-13969\" src=\"http:\/\/www.lamediatheque-jeumont.fr\/wp-content\/uploads\/2020\/05\/61Y9nBC2KZL._AC_UY218_.jpg\" alt=\"\" width=\"127\" height=\"218\"><\/td>\n<td>\n<h3><span style=\"color: #993300;\"><strong>\u00ab\u00a0Roubaix, une lumi\u00e8re\u00a0\u00bb<\/strong><strong><br \/>\n<\/strong><\/span><\/h3>\n<p style=\"text-align: justify;\">d<strong>&lsquo; Arnaud Desplechin <\/strong>avec<strong> Roschdy Zem, L\u00e9a Seydoux <\/strong>et<strong> Sara Forestier <\/strong><strong>(2019)<br \/>\n<\/strong><\/p>\n<p style=\"text-align: justify;\">\u00c0 Roubaix, un soir de No\u00ebl, Daoud le chef de la police locale et Louis, fra\u00eechement dipl\u00f4m\u00e9, font face au meurtre d&rsquo;une vieille femme. Les voisines de la victime, deux jeunes femmes, Claude et Marie, sont arr\u00eat\u00e9es. Elles sont toxicomanes, alcooliques, amantes&#8230;<\/p>\n<\/td>\n<\/tr>\n<tr>\n<td style=\"text-align: center;\" colspan=\"2\"><a href=\"http:\/\/www.mediatheque-jeumont.fr\/index.php?lvl=etagere_see&amp;id=837\" target=\"_blank\" rel=\"noopener noreferrer\"><strong>Cliquez sur ce lien pour d\u00e9couvrir les nouveaux titres dans la cat\u00e9gorie<br \/>\n\u00ab\u00a0Action, policier, thriller&#8230;\u00a0\u00bb<\/strong><\/a><\/td>\n<\/tr>\n<tr>\n<td><span style=\"color: #ffffff;\">x<\/span><\/td>\n<td>&nbsp;<\/td>\n<\/tr>\n<tr>\n<td colspan=\"2\">\n<h2 style=\"text-align: left;\"><span style=\"color: #666699;\"><strong><strong>Aventure, western, fantastique&#8230;<br \/>\n<\/strong><\/strong><\/span><\/h2>\n<\/td>\n<\/tr>\n<tr>\n<td style=\"text-align: center;\" width=\"200\"><img loading=\"lazy\" decoding=\"async\" class=\"alignnone size-full wp-image-13973\" src=\"http:\/\/www.lamediatheque-jeumont.fr\/wp-content\/uploads\/2020\/05\/61THbOB4oTL._AC_UY218_.jpg\" alt=\"\" width=\"130\" height=\"218\"><\/td>\n<td>\n<h3><span style=\"color: #993300;\"><strong>\u00ab\u00a0Never grow old\u00a0\u00bb<\/strong><strong><br \/>\n<\/strong><\/span><\/h3>\n<p style=\"text-align: justify;\">d<strong>&lsquo; Ivan Kavanagh<\/strong> avec <strong>John Cusack, Emile Hirsch <\/strong>et<strong> D\u00e9borah Fran\u00e7ois<\/strong><strong> (2019)<\/strong><\/p>\n<p style=\"text-align: justify;\">Un charpentier et entrepreneur de pompes fun\u00e8bres irlandais, Patrick Tate, vit avec sa jeune famille \u00e0 la p\u00e9riph\u00e9rie d&rsquo;une petite ville sur la route de la Californie pendant la ru\u00e9e vers l&rsquo;or de 1849. La vie y est dure mais paisible jusqu&rsquo;\u00e0 l&rsquo;arriv\u00e9e de Dutch Albert et sa bande de hors-la-loi qui va tout faire basculer et l&rsquo;obliger \u00e0 prot\u00e9ger sa famille&#8230;<\/p>\n<\/td>\n<\/tr>\n<tr>\n<td style=\"text-align: center;\" colspan=\"2\"><a href=\"http:\/\/www.mediatheque-jeumont.fr\/index.php?lvl=etagere_see&amp;id=838\" target=\"_blank\" rel=\"noopener noreferrer\"><strong>Cliquez sur ce lien pour d\u00e9couvrir les nouveaux titres dans la cat\u00e9gorie<\/strong><strong><br \/>\n\u00ab\u00a0Aventure, western, fantastique&#8230;\u00a0\u00bb<\/strong><\/a><\/td>\n<\/tr>\n<tr>\n<td><span style=\"color: #ffffff;\">x<\/span><\/td>\n<td>&nbsp;<\/td>\n<\/tr>\n<tr>\n<td colspan=\"2\">\n<h2 style=\"text-align: left;\"><strong><strong><span style=\"color: #666699;\">Drame et \u00e9motion<\/span><\/strong><\/strong><\/h2>\n<\/td>\n<\/tr>\n<tr>\n<td style=\"text-align: center;\" width=\"200\"><img loading=\"lazy\" decoding=\"async\" class=\"alignnone size-full wp-image-13970\" src=\"http:\/\/www.lamediatheque-jeumont.fr\/wp-content\/uploads\/2020\/05\/61SYagmAEoL._AC_UY218_.jpg\" alt=\"\" width=\"127\" height=\"218\"><\/td>\n<td>\n<h3><span style=\"color: #993300;\"><strong>\u00ab\u00a0Au nom de la terre\u00a0\u00bb<\/strong><strong><br \/>\n<\/strong><\/span><\/h3>\n<p style=\"text-align: justify;\">d&rsquo; <strong>Edouard Bergeon<\/strong>, avec <strong>Guillaume Canet, Veerle Baetens <\/strong>et <strong>Rufus (2019)<br \/>\n<\/strong><\/p>\n<p style=\"text-align: justify;\">Pierre a 25 ans quand il rentre du Wyoming pour retrouver Claire sa fianc\u00e9e et reprendre la ferme familiale. Vingt ans plus tard, l&rsquo;exploitation s\u2019est agrandie, la famille aussi. C\u2019est le temps des jours heureux, du moins au d\u00e9but\u2026 Les dettes s\u2019accumulent et Pierre s\u2019\u00e9puise au travail. Malgr\u00e9 l\u2019amour de sa femme et ses enfants, il sombre peu \u00e0 peu\u2026<\/p>\n<\/td>\n<\/tr>\n<tr>\n<td style=\"text-align: center;\" colspan=\"2\"><a href=\"http:\/\/www.mediatheque-jeumont.fr\/index.php?lvl=etagere_see&amp;id=840\" target=\"_blank\" rel=\"noopener noreferrer\"><strong>Cliquez sur ce lien pour d\u00e9couvrir les nouveaux titres dans la cat\u00e9gorie<br \/>\n\u00ab\u00a0Drame et \u00e9motion\u00a0\u00bb<\/strong><\/a><\/td>\n<\/tr>\n<tr>\n<td><span style=\"color: #ffffff;\">x<\/span><\/td>\n<td>&nbsp;<\/td>\n<\/tr>\n<tr>\n<td colspan=\"2\">\n<h2 style=\"text-align: left;\"><span style=\"color: #666699;\"><strong><strong>Com\u00e9die<\/strong><\/strong><\/span><\/h2>\n<\/td>\n<\/tr>\n<tr>\n<td style=\"text-align: center;\" width=\"200\"><img loading=\"lazy\" decoding=\"async\" class=\"alignnone size-full wp-image-13972\" src=\"http:\/\/www.lamediatheque-jeumont.fr\/wp-content\/uploads\/2020\/05\/51Ndx7L1JzL._AC_UY218_.jpg\" alt=\"\" width=\"129\" height=\"218\"><\/td>\n<td>\n<h3><span style=\"color: #993300;\"><strong>\u00ab\u00a0Un jour de pluie \u00e0 New York\u00a0\u00bb<\/strong><strong><br \/>\n<\/strong><\/span><\/h3>\n<p style=\"text-align: justify;\">de<strong> Woody Allen<\/strong> avec <strong>Timoth\u00e9e Chalamet <\/strong>et&nbsp; <strong>Elle Fanning<\/strong><strong> (2019)<\/strong><\/p>\n<p style=\"text-align: justify;\">Deux \u00e9tudiants, Gatsby et Ashleigh, envisagent de passer un week-end en amoureux \u00e0 New York. Mais leur projet tourne court, aussi vite que la pluie succ\u00e8de au beau temps&#8230; Bient\u00f4t s\u00e9par\u00e9s, chacun des deux tourtereaux encha\u00eene les rencontres fortuites et les situations insolites.<\/p>\n<\/td>\n<\/tr>\n<tr>\n<td style=\"text-align: center;\" colspan=\"2\"><a href=\"http:\/\/www.mediatheque-jeumont.fr\/index.php?lvl=etagere_see&amp;id=839\" target=\"_blank\" rel=\"noopener noreferrer\"><strong>Cliquez sur ce lien pour d\u00e9couvrir les nouveaux titres dans la cat\u00e9gorie<\/strong><strong> \u00ab\u00a0Com\u00e9die\u00a0\u00bb<\/strong><\/a><\/td>\n<\/tr>\n<tr>\n<td><span style=\"color: #ffffff;\">x<\/span><\/td>\n<td>&nbsp;<\/td>\n<\/tr>\n<tr>\n<td colspan=\"2\">\n<h2 style=\"text-align: left;\"><strong><strong><span style=\"color: #666699;\">Histoire et Biopic<br \/>\n<\/span><\/strong><\/strong><\/h2>\n<\/td>\n<\/tr>\n<tr>\n<td style=\"text-align: center;\" width=\"200\"><img loading=\"lazy\" decoding=\"async\" class=\"alignnone size-full wp-image-13971\" src=\"http:\/\/www.lamediatheque-jeumont.fr\/wp-content\/uploads\/2020\/05\/61IBWkyqYwL._AC_UY218_.jpg\" alt=\"\" width=\"128\" height=\"218\"><\/td>\n<td>\n<h3><span style=\"color: #993300;\"><strong>\u00ab\u00a0J&rsquo;accuse\u00a0\u00bb<\/strong><strong><br \/>\n<\/strong><\/span><\/h3>\n<p style=\"text-align: justify;\">de <strong>Roman Polanski <\/strong>avec <strong>Jean Dujardin <\/strong>et <strong>Louis Garrel<\/strong><span style=\"color: #000000;\"><strong>&nbsp; (2019)<\/strong><strong><br \/>\n<\/strong><\/span><\/p>\n<p style=\"text-align: justify;\">Pendant les 12 ann\u00e9es qu&rsquo;elle dura, l&rsquo;Affaire Dreyfus d\u00e9chira la France, provoquant un v\u00e9ritable s\u00e9isme dans le monde entier. Dans cet immense scandale, le plus grand sans doute de la fin du XIX\u00e8me si\u00e8cle, se m\u00ealent erreur judiciaire, d\u00e9ni de justice et antis\u00e9mitisme. L&rsquo;affaire est racont\u00e9e du point de vue du Colonel Picquart qui, une fois nomm\u00e9 \u00e0 la t\u00eate du contre-espionnage, va d\u00e9couvrir que les preuves contre le Capitaine Alfred Dreyfus avaient \u00e9t\u00e9 fabriqu\u00e9es. A partir de cet instant et au p\u00e9ril de sa carri\u00e8re puis de sa vie, il n&rsquo;aura de cesse d&rsquo;identifier les vrais coupables et de r\u00e9habiliter Alfred Dreyfus.<\/p>\n<\/td>\n<\/tr>\n<tr>\n<td style=\"text-align: center;\" colspan=\"2\"><a href=\"http:\/\/www.mediatheque-jeumont.fr\/index.php?lvl=etagere_see&amp;id=841\" target=\"_blank\" rel=\"noopener noreferrer\"><strong>Cliquez sur ce lien pour d\u00e9couvrir les nouveaux titres dans la cat\u00e9gorie \u00ab\u00a0Histoire et Biopic\u00a0\u00bb<\/strong><\/a><\/td>\n<\/tr>\n<tr>\n<td><span style=\"color: #ffffff;\">x<\/span><\/td>\n<td>&nbsp;<\/td>\n<\/tr>\n<tr>\n<td colspan=\"2\">\n<h2 style=\"text-align: left;\"><strong><strong><span style=\"color: #666699;\">Epouvante<br \/>\n<\/span><\/strong><\/strong><\/h2>\n<\/td>\n<\/tr>\n<tr>\n<td style=\"text-align: center;\" width=\"200\"><img loading=\"lazy\" decoding=\"async\" class=\"alignnone size-full wp-image-13975\" src=\"http:\/\/www.lamediatheque-jeumont.fr\/wp-content\/uploads\/2020\/05\/61UtQe-mzZL._AC_UY218_.jpg\" alt=\"\" width=\"128\" height=\"218\"><\/td>\n<td>\n<h3><span style=\"color: #993300;\"><strong>\u00ab\u00a0Midsommar\u00a0\u00bb<\/strong><strong><br \/>\n<\/strong><\/span><\/h3>\n<p style=\"text-align: justify;\">d&rsquo; <strong>Ari Aster <\/strong>avec <strong>Florence Pugh <\/strong>et <strong>Will Poulter<\/strong><span style=\"color: #000000;\"><strong>&nbsp; (2019)<\/strong><strong><br \/>\n<\/strong><\/span><\/p>\n<p style=\"text-align: justify;\">Dani et Christian sont sur le point de se s\u00e9parer quand la famille de Dani est touch\u00e9e par une trag\u00e9die. Attrist\u00e9 par le deuil de la jeune femme, Christian ne peut se r\u00e9soudre \u00e0 la laisser seule et l&#8217;emm\u00e8ne avec lui et ses amis \u00e0 un festival qui n&rsquo;a lieu qu&rsquo;une fois tous les 90 ans et se d\u00e9roule dans un village su\u00e9dois isol\u00e9.<\/p>\n<p style=\"text-align: justify;\">Mais ce qui commence comme des vacances insouciantes dans un pays o\u00f9 le soleil ne se couche pas va vite prendre une tournure beaucoup plus sinistre et inqui\u00e9tante.<\/p>\n<\/td>\n<\/tr>\n<tr>\n<td style=\"text-align: center;\" colspan=\"2\"><a href=\"http:\/\/www.mediatheque-jeumont.fr\/index.php?lvl=etagere_see&amp;id=842\" target=\"_blank\" rel=\"noopener noreferrer\"><strong>Cliquez sur ce lien pour d\u00e9couvrir les nouveaux titres dans la cat\u00e9gorie \u00ab\u00a0Epouvante\u00a0\u00bb<\/strong><\/a><\/td>\n<\/tr>\n<\/tbody>\n<\/table>\n<p>&nbsp;<\/p>\n","protected":false},"excerpt":{"rendered":"<p>Action, policier, thriller&#8230;<\/p>\n<p>\u00ab\u00a0Roubaix, une lumi\u00e8re\u00a0\u00bb<\/p>\n<p>d&lsquo; Arnaud Desplechin avec Roschdy Zem, L\u00e9a Seydoux et Sara Forestier (2019)<\/p>\n<p>\u00c0 Roubaix, un soir de No\u00ebl, Daoud le chef de la police locale et Louis, fra\u00eechement dipl\u00f4m\u00e9, font face au meurtre d&rsquo;une vieille femme. Les voisines de la victime, deux jeunes femmes, Claude et Marie, sont arr\u00eat\u00e9es. Elles sont toxicomanes, [&#8230;]<\/p>\n","protected":false},"author":3,"featured_media":0,"comment_status":"closed","ping_status":"closed","sticky":false,"template":"","format":"standard","meta":{"ngg_post_thumbnail":0,"footnotes":""},"categories":[73,110],"tags":[],"class_list":["post-13966","post","type-post","status-publish","format-standard","hentry","category-coups-de-coeur-et-nouveautes","category-jeumont"],"publishpress_future_action":{"enabled":false,"date":"2026-05-08 05:24:48","action":"change-status","newStatus":"draft","terms":[],"taxonomy":"category","extraData":[]},"publishpress_future_workflow_manual_trigger":{"enabledWorkflows":[]},"_links":{"self":[{"href":"http:\/\/www.lamediatheque-jeumont.fr\/index.php?rest_route=\/wp\/v2\/posts\/13966","targetHints":{"allow":["GET"]}}],"collection":[{"href":"http:\/\/www.lamediatheque-jeumont.fr\/index.php?rest_route=\/wp\/v2\/posts"}],"about":[{"href":"http:\/\/www.lamediatheque-jeumont.fr\/index.php?rest_route=\/wp\/v2\/types\/post"}],"author":[{"embeddable":true,"href":"http:\/\/www.lamediatheque-jeumont.fr\/index.php?rest_route=\/wp\/v2\/users\/3"}],"replies":[{"embeddable":true,"href":"http:\/\/www.lamediatheque-jeumont.fr\/index.php?rest_route=%2Fwp%2Fv2%2Fcomments&post=13966"}],"version-history":[{"count":12,"href":"http:\/\/www.lamediatheque-jeumont.fr\/index.php?rest_route=\/wp\/v2\/posts\/13966\/revisions"}],"predecessor-version":[{"id":13986,"href":"http:\/\/www.lamediatheque-jeumont.fr\/index.php?rest_route=\/wp\/v2\/posts\/13966\/revisions\/13986"}],"wp:attachment":[{"href":"http:\/\/www.lamediatheque-jeumont.fr\/index.php?rest_route=%2Fwp%2Fv2%2Fmedia&parent=13966"}],"wp:term":[{"taxonomy":"category","embeddable":true,"href":"http:\/\/www.lamediatheque-jeumont.fr\/index.php?rest_route=%2Fwp%2Fv2%2Fcategories&post=13966"},{"taxonomy":"post_tag","embeddable":true,"href":"http:\/\/www.lamediatheque-jeumont.fr\/index.php?rest_route=%2Fwp%2Fv2%2Ftags&post=13966"}],"curies":[{"name":"wp","href":"https:\/\/api.w.org\/{rel}","templated":true}]}}