{"id":1341,"date":"2011-06-09T10:33:40","date_gmt":"2011-06-09T08:33:40","guid":{"rendered":"http:\/\/www.lamediatheque-jeumont.fr\/?p=1341"},"modified":"2015-09-24T10:59:35","modified_gmt":"2015-09-24T08:59:35","slug":"la-goffinon-a-jeumont","status":"publish","type":"post","link":"http:\/\/www.lamediatheque-jeumont.fr\/?p=1341","title":{"rendered":"\u00abla Goffinon\u00bb \u00e0 Jeumont"},"content":{"rendered":"<p style=\"text-align: justify;\">Il est des soirs o\u00f9 un ange p<img loading=\"lazy\" decoding=\"async\" class=\"size-medium wp-image-1363 alignleft\" style=\"margin-left: 10px; margin-right: 10px; border: 0pt none;\" title=\"Monique Goffinon\" alt=\"\" src=\"http:\/\/www.lamediatheque-jeumont.fr\/wp-content\/uploads\/2011\/06\/Monique-Goffinon-199x300.jpg\" width=\"159\" height=\"240\" \/>asse\u2026 Si cette expression signifie normalement que le silence devient pesant, il n\u2019en \u00e9tait rien ce 21 avril \u00e0 la m\u00e9diath\u00e8que de Jeumont. Un ange est venu sous les traits de <strong>Monique Goffinon<\/strong>, bien r\u00e9elle rassurez-vous\u00a0!<\/p>\n<p style=\"text-align: justify;\"><img loading=\"lazy\" decoding=\"async\" class=\"size-medium wp-image-1364 alignright\" style=\"margin-left: 10px; margin-right: 10px; border: 0pt none;\" title=\"Monique Goffinon en paysanne\" alt=\"\" src=\"http:\/\/www.lamediatheque-jeumont.fr\/wp-content\/uploads\/2011\/06\/Monique-Goffinon-en-paysanne-199x300.jpg\" width=\"159\" height=\"240\" \/>Gr\u00e2ce \u00e0 \u00ab\u00a0la Plume Vagabonde\u00a0\u00bb d\u2019Erquelinnes, et \u00e0 sa pr\u00e9sidente, <strong>V\u00e9ronique Flabat-Piot<\/strong>, la po\u00e8te, chansonni\u00e8re et nouvelliste <strong>Monique Goffinon<\/strong> a accept\u00e9 de venir nous lire des passages de son dernier recueil, \u00ab<a href=\"http:\/\/www.lamediatheque-jeumont.fr\/?p=900\" target=\"_blank\">La Musardi\u00e8re<\/a>\u00bb.<\/p>\n<p style=\"text-align: justify;\">Lors de cette veill\u00e9e, nous \u00e9tions une vingtaine de personnes recueillies autour d\u2019elle et transport\u00e9es par l\u2019\u00e9motion qu\u2019elle d\u00e9gageait. Les heures ont fil\u00e9 sans temps mort. Le silence a beau \u00eatre d\u2019or, la parole reste d\u2019argent surtout d\u00e9clam\u00e9e par cette dame si fragile en apparence mais qui d\u00e9gage une telle force.<\/p>\n<p style=\"text-align: justify;\">\n<p style=\"text-align: justify;\">Presque religieusement, comme lors de la venue de <a href=\"http:\/\/www.lamediatheque-jeumont.fr\/?p=538\" target=\"_blank\">Jacques Viesviel<\/a>,\u00a0 un autre \u00e9crivain invit\u00e9 chez nous toujours gr\u00e2ce \u00e0 la Plume vagabonde, on a \u00e9cout\u00e9, on a imagin\u00e9, on a ressenti les maux et les mots mis en bouche par <strong>Monique Goffinon<\/strong>.<\/p>\n<p style=\"text-align: justify;\">Qui aurait pu croire en d\u00e9but de soir\u00e9e que cette longue dame aux beaux cheveux blancs digne et bienveillante, meurtrie par la vie mais sereine et philosophe, dr\u00f4le et \u00e9mouvante, nous aurait fait pass\u00e9 du rire aux larmes avec autant d\u2019all\u00e9gresse, d\u2019humour et de tendresse\u00a0?<\/p>\n<p style=\"text-align: justify;\">Et bien apr\u00e8s \u00e7a, on se dit qu\u2019un petit peu de po\u00e9sie (francophone), \u00e7a fait pas \u00ab\u00a0d\u2019mal\u00a0\u00bb, en tout cas celle de <strong>Monique Goffinon<\/strong> met du baume au c\u0153ur et apporte de la chaleur humaine.<\/p>\n<p><img loading=\"lazy\" decoding=\"async\" class=\"alignleft size-medium wp-image-1367\" style=\"margin-left: 10px; margin-right: 10px; border: 0pt none;\" title=\"V\u00e9ronique Flabat-Piot et Monique Goffinon\" alt=\"\" src=\"http:\/\/www.lamediatheque-jeumont.fr\/wp-content\/uploads\/2011\/06\/V\u00e9ronique-Flabat-Piot-et-Monique-Goffinon-300x199.jpg\" width=\"300\" height=\"199\" \/><\/p>\n<p>&nbsp;<\/p>\n<p style=\"text-align: justify;\">Pour en savoir plus sur sa production, son univers et d\u00e9couvrir \u00ab\u00a0La Plume Vagabonde\u00a0\u00bb\u00a0:<br \/>\n<a href=\"mailto:laplumevagabonde@gmail.com\">laplumevagabonde@gmail.com<\/a><\/p>\n<p><span style=\"color: #000000;\">Prochain programme de la \u00ab\u00a0Plume Vagabonde\u00a0\u00bb : <a href=\"http:\/\/www.lamediatheque-jeumont.fr\/wp-content\/uploads\/2011\/06\/Rencontre-litt%C3%A9raire-avec-Paul-Sobol.pdf\" target=\"_blank\">rencontre litt\u00e9raire avec Paul Sobol<\/a> et <a href=\"http:\/\/www.lamediatheque-jeumont.fr\/wp-content\/uploads\/2011\/06\/Sortie-lyrique.pdf\" target=\"_blank\">sortie lyrique en septembre<\/a><br \/>\n<\/span><\/p>\n<p>&nbsp;<\/p>\n","protected":false},"excerpt":{"rendered":"<p>Il est des soirs o\u00f9 un ange passe\u2026 Si cette expression signifie normalement que le silence devient pesant, il n\u2019en \u00e9tait rien ce 21 avril \u00e0 la m\u00e9diath\u00e8que de Jeumont. Un ange est venu sous les traits de Monique Goffinon, bien r\u00e9elle rassurez-vous\u00a0!<br \/>\nGr\u00e2ce \u00e0 \u00ab\u00a0la Plume Vagabonde\u00a0\u00bb d\u2019Erquelinnes, et \u00e0 sa pr\u00e9sidente, V\u00e9ronique Flabat-Piot, la [&#8230;]<\/p>\n","protected":false},"author":2,"featured_media":0,"comment_status":"closed","ping_status":"closed","sticky":false,"template":"","format":"standard","meta":{"ngg_post_thumbnail":0,"footnotes":""},"categories":[3,110],"tags":[],"class_list":["post-1341","post","type-post","status-publish","format-standard","hentry","category-actualite","category-jeumont"],"publishpress_future_action":{"enabled":false,"date":"2026-05-07 07:21:45","action":"change-status","newStatus":"draft","terms":[],"taxonomy":"category","extraData":[]},"publishpress_future_workflow_manual_trigger":{"enabledWorkflows":[]},"_links":{"self":[{"href":"http:\/\/www.lamediatheque-jeumont.fr\/index.php?rest_route=\/wp\/v2\/posts\/1341","targetHints":{"allow":["GET"]}}],"collection":[{"href":"http:\/\/www.lamediatheque-jeumont.fr\/index.php?rest_route=\/wp\/v2\/posts"}],"about":[{"href":"http:\/\/www.lamediatheque-jeumont.fr\/index.php?rest_route=\/wp\/v2\/types\/post"}],"author":[{"embeddable":true,"href":"http:\/\/www.lamediatheque-jeumont.fr\/index.php?rest_route=\/wp\/v2\/users\/2"}],"replies":[{"embeddable":true,"href":"http:\/\/www.lamediatheque-jeumont.fr\/index.php?rest_route=%2Fwp%2Fv2%2Fcomments&post=1341"}],"version-history":[{"count":35,"href":"http:\/\/www.lamediatheque-jeumont.fr\/index.php?rest_route=\/wp\/v2\/posts\/1341\/revisions"}],"predecessor-version":[{"id":6419,"href":"http:\/\/www.lamediatheque-jeumont.fr\/index.php?rest_route=\/wp\/v2\/posts\/1341\/revisions\/6419"}],"wp:attachment":[{"href":"http:\/\/www.lamediatheque-jeumont.fr\/index.php?rest_route=%2Fwp%2Fv2%2Fmedia&parent=1341"}],"wp:term":[{"taxonomy":"category","embeddable":true,"href":"http:\/\/www.lamediatheque-jeumont.fr\/index.php?rest_route=%2Fwp%2Fv2%2Fcategories&post=1341"},{"taxonomy":"post_tag","embeddable":true,"href":"http:\/\/www.lamediatheque-jeumont.fr\/index.php?rest_route=%2Fwp%2Fv2%2Ftags&post=1341"}],"curies":[{"name":"wp","href":"https:\/\/api.w.org\/{rel}","templated":true}]}}