{"id":13114,"date":"2019-11-12T17:21:53","date_gmt":"2019-11-12T16:21:53","guid":{"rendered":"http:\/\/www.lamediatheque-jeumont.fr\/?p=13114"},"modified":"2019-11-12T17:21:53","modified_gmt":"2019-11-12T16:21:53","slug":"jeumont-spectacles-de-fin-dannee-2","status":"publish","type":"post","link":"http:\/\/www.lamediatheque-jeumont.fr\/?p=13114","title":{"rendered":"Jeumont : spectacles de fin d&rsquo;ann\u00e9e"},"content":{"rendered":"<table width=\"650\">\n<tbody>\n<tr>\n<td>\n<h1 style=\"text-align: center;\"><span style=\"color: #993300;\">Le gardien des f\u00e9es<br \/>\n<\/span><\/h1>\n<p style=\"text-align: justify;\"><em>Une com\u00e9die magique avec une lune qui joue \u00e0 cache-cache, un arbre qui conna\u00eet toutes les histoires, un vieil enchanteur enrhum\u00e9, un elfe fac\u00e9tieux, une jeune sorci\u00e8re rigolote, une diseuse de bonne aventure joueuse, une maison qui parle, un fant\u00f4me tout triste, des sortil\u00e8ges rigolos et magiques\u2026<span style=\"color: #ffffff;\">.<\/span><br \/>\n<\/em><\/p>\n<h1 style=\"text-align: center;\"><span style=\"color: #993300;\">Mercredi 11 d\u00e9cembre<br \/>\n\u00e0 15h00<br \/>\n<\/span><\/h1>\n<p style=\"text-align: justify;\"><strong>Enfants \u00e0 partir de 3 ans.<br \/>\nDur\u00e9e : 40 minutes<br \/>\n<\/strong><\/p>\n<\/td>\n<td><img loading=\"lazy\" decoding=\"async\" class=\"alignnone size-medium wp-image-13115\" src=\"http:\/\/www.lamediatheque-jeumont.fr\/wp-content\/uploads\/2019\/11\/affiche-le-gardien-des-f\u00e9es--252x350.jpg\" alt=\"\" width=\"252\" height=\"350\" srcset=\"http:\/\/www.lamediatheque-jeumont.fr\/wp-content\/uploads\/2019\/11\/affiche-le-gardien-des-f\u00e9es--252x350.jpg 252w, http:\/\/www.lamediatheque-jeumont.fr\/wp-content\/uploads\/2019\/11\/affiche-le-gardien-des-f\u00e9es--768x1066.jpg 768w, http:\/\/www.lamediatheque-jeumont.fr\/wp-content\/uploads\/2019\/11\/affiche-le-gardien-des-f\u00e9es--738x1024.jpg 738w\" sizes=\"auto, (max-width: 252px) 100vw, 252px\" \/><\/td>\n<\/tr>\n<\/tbody>\n<\/table>\n<table width=\"650\">\n<tbody>\n<tr>\n<td>\n<p style=\"text-align: left;\"><strong><img loading=\"lazy\" decoding=\"async\" class=\"alignnone size-medium wp-image-13116\" src=\"http:\/\/www.lamediatheque-jeumont.fr\/wp-content\/uploads\/2019\/11\/niko-et-le-diamant-magique-spectacle-marionnette-conte-lille-magie-nord-pas-de-calais-252x350.jpg\" alt=\"\" width=\"252\" height=\"350\" srcset=\"http:\/\/www.lamediatheque-jeumont.fr\/wp-content\/uploads\/2019\/11\/niko-et-le-diamant-magique-spectacle-marionnette-conte-lille-magie-nord-pas-de-calais-252x350.jpg 252w, http:\/\/www.lamediatheque-jeumont.fr\/wp-content\/uploads\/2019\/11\/niko-et-le-diamant-magique-spectacle-marionnette-conte-lille-magie-nord-pas-de-calais-768x1066.jpg 768w, http:\/\/www.lamediatheque-jeumont.fr\/wp-content\/uploads\/2019\/11\/niko-et-le-diamant-magique-spectacle-marionnette-conte-lille-magie-nord-pas-de-calais-738x1024.jpg 738w\" sizes=\"auto, (max-width: 252px) 100vw, 252px\" \/><\/strong><\/p>\n<\/td>\n<td>\n<h1 style=\"text-align: center;\"><span style=\"color: #993300;\">Le diamant magique<br \/>\n<\/span><\/h1>\n<p style=\"text-align: justify;\"><em>Le jour de la grande f\u00eate au ch\u00e2teau, le diamant de la confiance dispara\u00eet. La mal\u00e9diction de la poisse va-t-elle s\u2019abattre sur le royaume ? Une com\u00e9die f\u00e9erique avec un ch\u00e2teau qui parle, un roi t\u00eate en l\u2019air, une princesse qui ne s\u2019aime pas, un renard amoureux, un chevalier qui dort toujours, un vieux magicien avec des sortil\u00e8ges <\/em><\/p>\n<h1 style=\"text-align: center;\"><span style=\"color: #993300;\">Mercredi 18 d\u00e9cembre<br \/>\n<\/span><span style=\"color: #993300;\">\u00e0 15h00<\/span><\/h1>\n<p><strong>Enfants \u00e0 partir de 3 ans.<br \/>\nDur\u00e9e : 40 minutes<br \/>\n<\/strong><\/td>\n<\/tr>\n<\/tbody>\n<\/table>\n<table width=\"650\">\n<tbody>\n<tr>\n<td><strong>Entr\u00e9e gratuite. Nombre de places limit\u00e9.<\/strong>\n<\/td>\n<\/tr>\n<tr>\n<td>\nInscriptions <strong>au 03 27 58 13 54<\/strong> ou \u00e0 la banque d&rsquo;accueil.<strong>\n<\/td>\n<\/tr>\n<tr>\n<td>\n<span style=\"color: #993300;\">Places r\u00e9serv\u00e9es aux adh\u00e9rents de la m\u00e9diath\u00e8que<\/span><\/strong><\/td>\n<\/tr>\n<\/tbody>\n<\/table>\n","protected":false},"excerpt":{"rendered":"<p>Le gardien des f\u00e9es<\/p>\n<p>Une com\u00e9die magique avec une lune qui joue \u00e0 cache-cache, un arbre qui conna\u00eet toutes les histoires, un vieil enchanteur enrhum\u00e9, un elfe fac\u00e9tieux, une jeune sorci\u00e8re rigolote, une diseuse de bonne aventure joueuse, une maison qui parle, un fant\u00f4me tout triste, des sortil\u00e8ges rigolos et magiques\u2026.<\/p>\n<p>Mercredi 11 d\u00e9cembre<br \/>\n\u00e0 15h00<\/p>\n<p>Enfants \u00e0 partir [&#8230;]<\/p>\n","protected":false},"author":3,"featured_media":0,"comment_status":"closed","ping_status":"closed","sticky":false,"template":"","format":"standard","meta":{"ngg_post_thumbnail":0,"footnotes":""},"categories":[98,110],"tags":[],"class_list":["post-13114","post","type-post","status-publish","format-standard","hentry","category-spectacle","category-jeumont"],"publishpress_future_action":{"enabled":false,"date":"2026-05-05 04:53:31","action":"change-status","newStatus":"draft","terms":[],"taxonomy":"category","extraData":[]},"publishpress_future_workflow_manual_trigger":{"enabledWorkflows":[]},"_links":{"self":[{"href":"http:\/\/www.lamediatheque-jeumont.fr\/index.php?rest_route=\/wp\/v2\/posts\/13114","targetHints":{"allow":["GET"]}}],"collection":[{"href":"http:\/\/www.lamediatheque-jeumont.fr\/index.php?rest_route=\/wp\/v2\/posts"}],"about":[{"href":"http:\/\/www.lamediatheque-jeumont.fr\/index.php?rest_route=\/wp\/v2\/types\/post"}],"author":[{"embeddable":true,"href":"http:\/\/www.lamediatheque-jeumont.fr\/index.php?rest_route=\/wp\/v2\/users\/3"}],"replies":[{"embeddable":true,"href":"http:\/\/www.lamediatheque-jeumont.fr\/index.php?rest_route=%2Fwp%2Fv2%2Fcomments&post=13114"}],"version-history":[{"count":9,"href":"http:\/\/www.lamediatheque-jeumont.fr\/index.php?rest_route=\/wp\/v2\/posts\/13114\/revisions"}],"predecessor-version":[{"id":13125,"href":"http:\/\/www.lamediatheque-jeumont.fr\/index.php?rest_route=\/wp\/v2\/posts\/13114\/revisions\/13125"}],"wp:attachment":[{"href":"http:\/\/www.lamediatheque-jeumont.fr\/index.php?rest_route=%2Fwp%2Fv2%2Fmedia&parent=13114"}],"wp:term":[{"taxonomy":"category","embeddable":true,"href":"http:\/\/www.lamediatheque-jeumont.fr\/index.php?rest_route=%2Fwp%2Fv2%2Fcategories&post=13114"},{"taxonomy":"post_tag","embeddable":true,"href":"http:\/\/www.lamediatheque-jeumont.fr\/index.php?rest_route=%2Fwp%2Fv2%2Ftags&post=13114"}],"curies":[{"name":"wp","href":"https:\/\/api.w.org\/{rel}","templated":true}]}}