{"id":1259,"date":"2011-05-26T14:48:06","date_gmt":"2011-05-26T12:48:06","guid":{"rendered":"http:\/\/www.lamediatheque-jeumont.fr\/?p=1259"},"modified":"2015-09-24T10:59:35","modified_gmt":"2015-09-24T08:59:35","slug":"atelier-yoga","status":"publish","type":"post","link":"http:\/\/www.lamediatheque-jeumont.fr\/?p=1259","title":{"rendered":"atelier Yoga"},"content":{"rendered":"<p><img loading=\"lazy\" decoding=\"async\" class=\"aligncenter size-full wp-image-1260\" title=\"yoga\" src=\"http:\/\/www.lamediatheque-jeumont.fr\/wp-content\/uploads\/2011\/05\/yoga.jpg\" alt=\"\" width=\"250\" height=\"250\" srcset=\"http:\/\/www.lamediatheque-jeumont.fr\/wp-content\/uploads\/2011\/05\/yoga.jpg 250w, http:\/\/www.lamediatheque-jeumont.fr\/wp-content\/uploads\/2011\/05\/yoga-150x150.jpg 150w\" sizes=\"auto, (max-width: 250px) 100vw, 250px\" \/><\/p>\n<p style=\"text-align: justify;\">Dans le cadre de la <strong>quinzaine de la sant\u00e9 durable<\/strong> qui se  tiendra \u00e0 Jeumont du 6 au 20 juin, la M\u00e9diath\u00e8que accueillera\u00a0 les 7 et 14 juin  un <strong>atelier d\u2019initiation au yoga<\/strong>, anim\u00e9 par l\u2019association  \u00ab\u00a0Paradigme\u00a0\u00bb.<\/p>\n<p style=\"text-align: justify;\">Cette activit\u00e9 est <strong>gratuite<\/strong> et ouverte \u00e0 tous.<\/p>\n<p style=\"text-align: justify;\"><strong>S\u00e9ances les mardi 7 et 14 juin \u00e0 18h30, \u00e0 la  M\u00e9diath\u00e8que.<\/strong><\/p>\n<p><strong><\/strong>Renseignements au<strong> 03 27 53 35 35 &#8211;<\/strong> <a href=\"http:\/\/www.lamediatheque-jeumont.fr\/wp-content\/uploads\/2011\/05\/Quinzaine-de-la-sant\u00e9-durable.pdf\" target=\"_blank\"><\/a><\/p>\n<p style=\"text-align: justify;\"><a href=\"http:\/\/www.lamediatheque-jeumont.fr\/wp-content\/uploads\/2011\/05\/Quinzaine-de-la-sant\u00e9-durable.pdf\" target=\"_blank\">Programme de la Quinzaine de la Sant\u00e9 Durable \u00e0 t\u00e9l\u00e9charger<\/a><\/p>\n<p style=\"text-align: justify;\"><img loading=\"lazy\" decoding=\"async\" class=\"aligncenter size-full wp-image-1271\" title=\"affiche quinzaine sant\u00e9\" src=\"http:\/\/www.lamediatheque-jeumont.fr\/wp-content\/uploads\/2011\/05\/affiche-quinzaine-sant\u00e9.jpg\" alt=\"\" width=\"419\" height=\"599\" srcset=\"http:\/\/www.lamediatheque-jeumont.fr\/wp-content\/uploads\/2011\/05\/affiche-quinzaine-sant\u00e9.jpg 419w, http:\/\/www.lamediatheque-jeumont.fr\/wp-content\/uploads\/2011\/05\/affiche-quinzaine-sant\u00e9-209x300.jpg 209w\" sizes=\"auto, (max-width: 419px) 100vw, 419px\" \/><\/p>\n","protected":false},"excerpt":{"rendered":"<p>Dans le cadre de la quinzaine de la sant\u00e9 durable qui se  tiendra \u00e0 Jeumont du 6 au 20 juin, la M\u00e9diath\u00e8que accueillera\u00a0 les 7 et 14 juin  un atelier d\u2019initiation au yoga, anim\u00e9 par l\u2019association  \u00ab\u00a0Paradigme\u00a0\u00bb.<br \/>\nCette activit\u00e9 est gratuite et ouverte \u00e0 tous.<br \/>\nS\u00e9ances les mardi 7 et 14 juin \u00e0 18h30, [&#8230;]<\/p>\n","protected":false},"author":3,"featured_media":0,"comment_status":"closed","ping_status":"open","sticky":false,"template":"","format":"standard","meta":{"ngg_post_thumbnail":0,"footnotes":""},"categories":[3,110],"tags":[],"class_list":["post-1259","post","type-post","status-publish","format-standard","hentry","category-actualite","category-jeumont"],"publishpress_future_action":{"enabled":false,"date":"2026-05-07 07:18:11","action":"change-status","newStatus":"draft","terms":[],"taxonomy":"category","extraData":[]},"publishpress_future_workflow_manual_trigger":{"enabledWorkflows":[]},"_links":{"self":[{"href":"http:\/\/www.lamediatheque-jeumont.fr\/index.php?rest_route=\/wp\/v2\/posts\/1259","targetHints":{"allow":["GET"]}}],"collection":[{"href":"http:\/\/www.lamediatheque-jeumont.fr\/index.php?rest_route=\/wp\/v2\/posts"}],"about":[{"href":"http:\/\/www.lamediatheque-jeumont.fr\/index.php?rest_route=\/wp\/v2\/types\/post"}],"author":[{"embeddable":true,"href":"http:\/\/www.lamediatheque-jeumont.fr\/index.php?rest_route=\/wp\/v2\/users\/3"}],"replies":[{"embeddable":true,"href":"http:\/\/www.lamediatheque-jeumont.fr\/index.php?rest_route=%2Fwp%2Fv2%2Fcomments&post=1259"}],"version-history":[{"count":11,"href":"http:\/\/www.lamediatheque-jeumont.fr\/index.php?rest_route=\/wp\/v2\/posts\/1259\/revisions"}],"predecessor-version":[{"id":1264,"href":"http:\/\/www.lamediatheque-jeumont.fr\/index.php?rest_route=\/wp\/v2\/posts\/1259\/revisions\/1264"}],"wp:attachment":[{"href":"http:\/\/www.lamediatheque-jeumont.fr\/index.php?rest_route=%2Fwp%2Fv2%2Fmedia&parent=1259"}],"wp:term":[{"taxonomy":"category","embeddable":true,"href":"http:\/\/www.lamediatheque-jeumont.fr\/index.php?rest_route=%2Fwp%2Fv2%2Fcategories&post=1259"},{"taxonomy":"post_tag","embeddable":true,"href":"http:\/\/www.lamediatheque-jeumont.fr\/index.php?rest_route=%2Fwp%2Fv2%2Ftags&post=1259"}],"curies":[{"name":"wp","href":"https:\/\/api.w.org\/{rel}","templated":true}]}}