{"id":12373,"date":"2019-03-21T16:30:22","date_gmt":"2019-03-21T15:30:22","guid":{"rendered":"http:\/\/www.lamediatheque-jeumont.fr\/?p=12373"},"modified":"2019-03-21T16:29:07","modified_gmt":"2019-03-21T15:29:07","slug":"jeumont-le-club-des-lecteurs-9","status":"publish","type":"post","link":"http:\/\/www.lamediatheque-jeumont.fr\/?p=12373","title":{"rendered":"Jeumont : le club des lecteurs"},"content":{"rendered":"<table align=\"justify\" border=\"0\" width=\"650\">\n<tbody>\n<tr>\n<td style=\"text-align: center;\">\n<h2><span style=\"color: #333333;\">La prochaine r\u00e9union du<\/span><\/h2>\n<h1><span style=\"color: #808080;\">club des lecteurs<\/span><\/h1>\n<h2>aura lieu<\/h2>\n<h1><span style=\"color: #993300;\"><strong>Mardi 26 mars<br \/>\n\u00e0 15h00<\/strong><\/span><\/h1>\n<\/td>\n<td><img loading=\"lazy\" decoding=\"async\" class=\"alignnone wp-image-10517\" style=\"display: block; margin-left: auto; margin-right: auto;\" src=\"http:\/\/www.lamediatheque-jeumont.fr\/wp-content\/uploads\/2017\/01\/Club_lecteurs.png\" alt=\"\" height=\"186\" width=\"250\"><\/td>\n<\/tr>\n<tr>\n<td>&nbsp;<\/td>\n<\/tr>\n<\/tbody>\n<\/table>\n<table border=\"0\" width=\"650\">\n<tbody>\n<tr align=\"justify\">\n<td>Vous aimez \u00e9changer et faire partager vos lectures ? Rejoignez-nous ! une ambiance sympathique et d\u00e9contract\u00e9e vous attend autour d&rsquo;un caf\u00e9.<\/td>\n<\/tr>\n<tr>\n<td>&nbsp;<\/td>\n<\/tr>\n<tr>\n<td><strong>A partir de 16 ans. Entr\u00e9e gratuite<\/strong><\/td>\n<\/tr>\n<tr>\n<td>Inscriptions \u00e0 la banque d&rsquo;accueil de la m\u00e9diath\u00e8que ou au<strong> 03 27 58 13 54<\/strong><\/td>\n<\/tr>\n<\/tbody>\n<\/table>\n","protected":false},"excerpt":{"rendered":"<p>La prochaine r\u00e9union du<br \/>\nclub des lecteurs<br \/>\naura lieu<br \/>\nMardi 26 mars<br \/>\n\u00e0 15h00<\/p>\n<p>&nbsp;<\/p>\n<p>Vous aimez \u00e9changer et faire partager vos lectures ? Rejoignez-nous ! une ambiance sympathique et d\u00e9contract\u00e9e vous attend autour d&rsquo;un caf\u00e9.<\/p>\n<p>&nbsp;<\/p>\n<p>A partir de 16 ans. Entr\u00e9e gratuite<\/p>\n<p>Inscriptions \u00e0 la banque d&rsquo;accueil de la m\u00e9diath\u00e8que ou au 03 27 58 13 54<\/p>\n","protected":false},"author":7,"featured_media":0,"comment_status":"closed","ping_status":"closed","sticky":false,"template":"","format":"standard","meta":{"ngg_post_thumbnail":0,"footnotes":""},"categories":[98,110],"tags":[],"class_list":["post-12373","post","type-post","status-publish","format-standard","hentry","category-spectacle","category-jeumont"],"publishpress_future_action":{"enabled":false,"date":"2026-05-05 06:02:18","action":"change-status","newStatus":"draft","terms":[],"taxonomy":"category","extraData":[]},"publishpress_future_workflow_manual_trigger":{"enabledWorkflows":[]},"_links":{"self":[{"href":"http:\/\/www.lamediatheque-jeumont.fr\/index.php?rest_route=\/wp\/v2\/posts\/12373","targetHints":{"allow":["GET"]}}],"collection":[{"href":"http:\/\/www.lamediatheque-jeumont.fr\/index.php?rest_route=\/wp\/v2\/posts"}],"about":[{"href":"http:\/\/www.lamediatheque-jeumont.fr\/index.php?rest_route=\/wp\/v2\/types\/post"}],"author":[{"embeddable":true,"href":"http:\/\/www.lamediatheque-jeumont.fr\/index.php?rest_route=\/wp\/v2\/users\/7"}],"replies":[{"embeddable":true,"href":"http:\/\/www.lamediatheque-jeumont.fr\/index.php?rest_route=%2Fwp%2Fv2%2Fcomments&post=12373"}],"version-history":[{"count":5,"href":"http:\/\/www.lamediatheque-jeumont.fr\/index.php?rest_route=\/wp\/v2\/posts\/12373\/revisions"}],"predecessor-version":[{"id":12532,"href":"http:\/\/www.lamediatheque-jeumont.fr\/index.php?rest_route=\/wp\/v2\/posts\/12373\/revisions\/12532"}],"wp:attachment":[{"href":"http:\/\/www.lamediatheque-jeumont.fr\/index.php?rest_route=%2Fwp%2Fv2%2Fmedia&parent=12373"}],"wp:term":[{"taxonomy":"category","embeddable":true,"href":"http:\/\/www.lamediatheque-jeumont.fr\/index.php?rest_route=%2Fwp%2Fv2%2Fcategories&post=12373"},{"taxonomy":"post_tag","embeddable":true,"href":"http:\/\/www.lamediatheque-jeumont.fr\/index.php?rest_route=%2Fwp%2Fv2%2Ftags&post=12373"}],"curies":[{"name":"wp","href":"https:\/\/api.w.org\/{rel}","templated":true}]}}