{"id":11696,"date":"2018-10-01T18:18:13","date_gmt":"2018-10-01T16:18:13","guid":{"rendered":"http:\/\/www.lamediatheque-jeumont.fr\/?p=11696"},"modified":"2018-10-09T11:59:22","modified_gmt":"2018-10-09T09:59:22","slug":"jeumont-rencontre-litteraire-avec-vic-traby","status":"publish","type":"post","link":"http:\/\/www.lamediatheque-jeumont.fr\/?p=11696","title":{"rendered":"Jeumont : rencontre litt\u00e9raire avec Vic Traby"},"content":{"rendered":"<table width=\"650\">\n<tbody>\n<tr>\n<td>\n<p style=\"text-align: justify;\">N\u00e9e \u00e0 Paris, <strong>Vic TRABY <\/strong>&nbsp;(alias <strong>Fran\u00e7oise TOURNEUR<\/strong>) a d\u2019abord \u00e9t\u00e9 enseignante. Elle \u00e9crit des histoires depuis l\u2019\u00e2ge de quinze ans, pourtant elle a attendu la retraite pour publier sa premi\u00e8re fiction.<\/p>\n<p style=\"text-align: justify;\">Elle aime \u00e9voquer les paysages, les aspects pittoresques et l\u2019ambiance authentique de sa r\u00e9gion d\u2019adoption. &nbsp;Ses passions&nbsp;: la peinture, le jardinage, la litt\u00e9rature et l\u2019histoire.<\/p>\n<p style=\"text-align: justify;\">Elle sera pr\u00e9sente \u00e0 la m\u00e9diath\u00e8que pour rencontrer les lecteurs<\/p>\n<\/td>\n<\/tr>\n<tr>\n<td>\n<h1 style=\"text-align: center;\"><span style=\"color: #993300;\"><strong>Samedi 6 octobre \u00e0&nbsp; 15h00<\/strong><\/span><\/h1>\n<p style=\"text-align: center;\"><img loading=\"lazy\" decoding=\"async\" class=\"alignnone size-full wp-image-11697\" src=\"http:\/\/www.lamediatheque-jeumont.fr\/wp-content\/uploads\/2018\/08\/Vic-Traby.jpg\" alt=\"\" height=\"200\" width=\"200\" srcset=\"http:\/\/www.lamediatheque-jeumont.fr\/wp-content\/uploads\/2018\/08\/Vic-Traby.jpg 200w, http:\/\/www.lamediatheque-jeumont.fr\/wp-content\/uploads\/2018\/08\/Vic-Traby-150x150.jpg 150w\" sizes=\"auto, (max-width: 200px) 100vw, 200px\" \/><\/p>\n<\/td>\n<\/tr>\n<tr>\n<td>\n<p style=\"text-align: justify;\"><strong>Entr\u00e9e gratuite. Venez nombreux !<\/strong><\/p>\n<\/td>\n<\/tr>\n<\/tbody>\n<\/table>\n<table width=\"650\">\n<tbody>\n<tr>\n<td><img loading=\"lazy\" decoding=\"async\" class=\"alignnone wp-image-11701\" src=\"http:\/\/www.lamediatheque-jeumont.fr\/wp-content\/uploads\/2018\/08\/Jambe-230x350.jpg\" alt=\"\" height=\"305\" width=\"200\" srcset=\"http:\/\/www.lamediatheque-jeumont.fr\/wp-content\/uploads\/2018\/08\/Jambe-230x350.jpg 230w, http:\/\/www.lamediatheque-jeumont.fr\/wp-content\/uploads\/2018\/08\/Jambe.jpg 394w\" sizes=\"auto, (max-width: 200px) 100vw, 200px\" \/><\/td>\n<td>\n<h1 style=\"text-align: center;\"><strong><span style=\"color: #993300;\">\u00ab\u00a0Jambe de bois\u00a0\u00bb<\/span><\/strong><\/h1>\n<h1 style=\"text-align: center;\"><span style=\"color: #000000;\"><span style=\"color: #808080;\">de Vic Traby<\/span><br \/>\n<\/span><\/h1>\n<p><strong>&nbsp;<\/strong><\/p>\n<p style=\"text-align: justify;\">Un hameau dans le Nord de la France pendant les Trente Glorieuses. Non loin d\u2019un canal et d\u2019un \u00e9trange ascenseur \u00e0 bateaux, des adolescentes disparaissent sans laisser de traces. J\u00e9r\u00f4me, surnomm\u00e9 \u00ab&nbsp;Jambe-de-bois&nbsp;\u00bben raison de son handicap, entend bien prot\u00e9ger son amie Violette. Mais les va-et-vient d\u2019un notaire, et les mentalit\u00e9s de l\u2019\u00e9poque lui en laisseront il la possibilit\u00e9?<\/p>\n<\/td>\n<\/tr>\n<\/tbody>\n<\/table>\n<p><a href=\"http:\/\/www.lamediatheque-jeumont.fr\/wp-content\/uploads\/2018\/08\/Vic-Traby.pdf\" target=\"_blank\" rel=\"noopener\">T\u00e9l\u00e9charchez l&rsquo;article de la Voix du Nord<\/a><\/p>\n","protected":false},"excerpt":{"rendered":"<p>N\u00e9e \u00e0 Paris, Vic TRABY &nbsp;(alias Fran\u00e7oise TOURNEUR) a d\u2019abord \u00e9t\u00e9 enseignante. Elle \u00e9crit des histoires depuis l\u2019\u00e2ge de quinze ans, pourtant elle a attendu la retraite pour publier sa premi\u00e8re fiction.<br \/>\nElle aime \u00e9voquer les paysages, les aspects pittoresques et l\u2019ambiance authentique de sa r\u00e9gion d\u2019adoption. &nbsp;Ses passions&nbsp;: la peinture, le jardinage, la litt\u00e9rature et [&#8230;]<\/p>\n","protected":false},"author":3,"featured_media":0,"comment_status":"closed","ping_status":"closed","sticky":false,"template":"","format":"standard","meta":{"ngg_post_thumbnail":0,"footnotes":""},"categories":[3,73,98],"tags":[],"class_list":["post-11696","post","type-post","status-publish","format-standard","hentry","category-actualite","category-coups-de-coeur-et-nouveautes","category-spectacle"],"publishpress_future_action":{"enabled":false,"date":"2026-05-08 14:21:32","action":"change-status","newStatus":"draft","terms":[],"taxonomy":"category","extraData":[]},"publishpress_future_workflow_manual_trigger":{"enabledWorkflows":[]},"_links":{"self":[{"href":"http:\/\/www.lamediatheque-jeumont.fr\/index.php?rest_route=\/wp\/v2\/posts\/11696","targetHints":{"allow":["GET"]}}],"collection":[{"href":"http:\/\/www.lamediatheque-jeumont.fr\/index.php?rest_route=\/wp\/v2\/posts"}],"about":[{"href":"http:\/\/www.lamediatheque-jeumont.fr\/index.php?rest_route=\/wp\/v2\/types\/post"}],"author":[{"embeddable":true,"href":"http:\/\/www.lamediatheque-jeumont.fr\/index.php?rest_route=\/wp\/v2\/users\/3"}],"replies":[{"embeddable":true,"href":"http:\/\/www.lamediatheque-jeumont.fr\/index.php?rest_route=%2Fwp%2Fv2%2Fcomments&post=11696"}],"version-history":[{"count":13,"href":"http:\/\/www.lamediatheque-jeumont.fr\/index.php?rest_route=\/wp\/v2\/posts\/11696\/revisions"}],"predecessor-version":[{"id":11854,"href":"http:\/\/www.lamediatheque-jeumont.fr\/index.php?rest_route=\/wp\/v2\/posts\/11696\/revisions\/11854"}],"wp:attachment":[{"href":"http:\/\/www.lamediatheque-jeumont.fr\/index.php?rest_route=%2Fwp%2Fv2%2Fmedia&parent=11696"}],"wp:term":[{"taxonomy":"category","embeddable":true,"href":"http:\/\/www.lamediatheque-jeumont.fr\/index.php?rest_route=%2Fwp%2Fv2%2Fcategories&post=11696"},{"taxonomy":"post_tag","embeddable":true,"href":"http:\/\/www.lamediatheque-jeumont.fr\/index.php?rest_route=%2Fwp%2Fv2%2Ftags&post=11696"}],"curies":[{"name":"wp","href":"https:\/\/api.w.org\/{rel}","templated":true}]}}